{"id":14538,"date":"2022-02-02T10:35:29","date_gmt":"2022-02-02T10:35:29","guid":{"rendered":"http:\/\/www.calsina-carre.com\/?p=14538"},"modified":"2023-03-21T13:49:18","modified_gmt":"2023-03-21T12:49:18","slug":"50-anys-obrint-cami-junts","status":"publish","type":"post","link":"https:\/\/www.calsina-carre.com\/ca\/50-anys-obrint-cami-junts\/","title":{"rendered":"50 anys obrint cam\u00ed junts"},"content":{"rendered":"<div data-elementor-type=\"wp-post\" data-elementor-id=\"14538\" class=\"elementor elementor-14538\" data-elementor-settings=\"{&quot;ha_cmc_init_switcher&quot;:&quot;no&quot;}\" data-elementor-post-type=\"post\">\n\t\t\t\t\t\t<section class=\"elementor-section elementor-top-section elementor-element elementor-element-5037e322 elementor-section-boxed elementor-section-height-default elementor-section-height-default exad-glass-effect-no exad-sticky-section-no\" data-id=\"5037e322\" data-element_type=\"section\" data-e-type=\"section\" data-settings=\"{&quot;_ha_eqh_enable&quot;:false}\">\n\t\t\t\t\t\t<div class=\"elementor-container elementor-column-gap-default\">\n\t\t\t\t\t<div class=\"elementor-column elementor-col-100 elementor-top-column elementor-element elementor-element-120616f3 exad-glass-effect-no exad-sticky-section-no\" data-id=\"120616f3\" data-element_type=\"column\" data-e-type=\"column\">\n\t\t\t<div class=\"elementor-widget-wrap elementor-element-populated\">\n\t\t\t\t\t\t<div class=\"elementor-element elementor-element-29a9a158 exad-sticky-section-no exad-glass-effect-no elementor-widget elementor-widget-text-editor\" data-id=\"29a9a158\" data-element_type=\"widget\" data-e-type=\"widget\" data-widget_type=\"text-editor.default\">\n\t\t\t\t<div class=\"elementor-widget-container\">\n\t\t\t\t\t\t\t\t\t<p>Aquest \u00e9s un any hist\u00f2ric per a Calsina Carr\u00e9. <strong>Celebrem cinquanta anys, mig segle de treball i creixement exponencial<\/strong> que per a moltes de les persones involucrades ha significat una vida sencera d\u2019activitat a l\u2019empresa; un conjunt d\u2019\u00e8poques plenes de projectes i d\u2019idees innovadores. L\u2019\u00e0mplia traject\u00f2ria ha vingut denominada per la cont\u00ednua cerca de noves oportunitats i la diversificaci\u00f3 de les inversions, aix\u00ed com per una clara ess\u00e8ncia familiar marcada per valors com la proximitat, l\u2019honestedat, la passi\u00f3 i l\u2019esfor\u00e7. <strong>La unitat familiar ha estat clau en el desenvolupament de l\u2019empresa,<\/strong> que avui segueix el seu recorregut amb prop\u00f2sit de continu\u00eftat generacional.<\/p><p>De la compra d\u2019aquell primer cami\u00f3 per part dels socis<strong> fundadors Cristina Calsina i Jaume Carr\u00e9,<\/strong> a la multinacional que \u00e9s avui en dia l\u2019empresa, Calsina Carr\u00e9 ha crescut i compartit cam\u00ed al costat de moltes persones i empreses. La fam\u00edlia Carr\u00e9 Calsina vol celebrar aquest any 50 amb tots ells, des de <strong>clients d\u2019ara i abans passant per col\u00b7laboradors, prove\u00efdors i molt especialment amb tots els treballadors i les treballadores<\/strong>, que s\u00f3n i han estat el motor imparable de la companyia.<\/p><p>Al llarg de tot aquest <strong>any 2022 estan previstes diverses accions i celebracions<\/strong> enfocades a la posada en valor d\u2019aquest mig segle de desenvolupament i consolidaci\u00f3. Passat, present i futur s\u00f3n els aspectes principals d\u2019aquesta commemoraci\u00f3. I el que volem \u00e9s que totes i cadascuna de les persones que ens han acompanyat i ajudat a fer-ho possible, s\u2019hi sentin reflectides. El creixement ha estat conjunt, un cam\u00ed compartit. \u00c9s per aix\u00f2 que totes les accions previstes, comparteixen <strong>un clar missatge d\u2019agra\u00efment.<\/strong><\/p><p>Per tant, i sense m\u00e9s dilataci\u00f3, us donem la benvinguda a les celebracions d\u2019aquests\u00a0<strong>cinquanta anys obrint cam\u00ed junts.<\/strong> Aix\u00ed que nom\u00e9s queda dir: endavant, la festa ja ha comen\u00e7at!<\/p>\t\t\t\t\t\t\t\t<\/div>\n\t\t\t\t<\/div>\n\t\t\t\t\t<\/div>\n\t\t<\/div>\n\t\t\t\t\t<\/div>\n\t\t<\/section>\n\t\t\t\t<\/div>","protected":false},"excerpt":{"rendered":"<p>Este es un a\u00f1o hist\u00f3rico para Calsina Carr\u00e9. Celebramos cincuenta a\u00f1os, medio siglo de trabajo y crecimiento exponencial que para muchas de las personas involucradas ha significado una vida entera de actividad a la empresa; un conjunto de \u00e9pocas llenas de proyectos y de ideas innovadoras. La amplia trayectoria ha venido denominada por la continua [&hellip;]<\/p>\n","protected":false},"author":1,"featured_media":14660,"comment_status":"open","ping_status":"open","sticky":false,"template":"","format":"standard","meta":{"site-sidebar-layout":"default","site-content-layout":"default","ast-site-content-layout":"default","site-content-style":"default","site-sidebar-style":"default","ast-global-header-display":"","ast-banner-title-visibility":"","ast-main-header-display":"","ast-hfb-above-header-display":"","ast-hfb-below-header-display":"","ast-hfb-mobile-header-display":"","site-post-title":"","ast-breadcrumbs-content":"","ast-featured-img":"","footer-sml-layout":"","ast-disable-related-posts":"","theme-transparent-header-meta":"default","adv-header-id-meta":"","stick-header-meta":"","header-above-stick-meta":"","header-main-stick-meta":"","header-below-stick-meta":"","astra-migrate-meta-layouts":"default","ast-page-background-enabled":"default","ast-page-background-meta":{"desktop":{"background-color":"","background-image":"","background-repeat":"repeat","background-position":"center center","background-size":"auto","background-attachment":"scroll","background-type":"","background-media":"","overlay-type":"","overlay-color":"","overlay-opacity":"","overlay-gradient":""},"tablet":{"background-color":"","background-image":"","background-repeat":"repeat","background-position":"center center","background-size":"auto","background-attachment":"scroll","background-type":"","background-media":"","overlay-type":"","overlay-color":"","overlay-opacity":"","overlay-gradient":""},"mobile":{"background-color":"","background-image":"","background-repeat":"repeat","background-position":"center center","background-size":"auto","background-attachment":"scroll","background-type":"","background-media":"","overlay-type":"","overlay-color":"","overlay-opacity":"","overlay-gradient":""}},"ast-content-background-meta":{"desktop":{"background-color":"var(--ast-global-color-5)","background-image":"","background-repeat":"repeat","background-position":"center center","background-size":"auto","background-attachment":"scroll","background-type":"","background-media":"","overlay-type":"","overlay-color":"","overlay-opacity":"","overlay-gradient":""},"tablet":{"background-color":"var(--ast-global-color-5)","background-image":"","background-repeat":"repeat","background-position":"center center","background-size":"auto","background-attachment":"scroll","background-type":"","background-media":"","overlay-type":"","overlay-color":"","overlay-opacity":"","overlay-gradient":""},"mobile":{"background-color":"var(--ast-global-color-5)","background-image":"","background-repeat":"repeat","background-position":"center center","background-size":"auto","background-attachment":"scroll","background-type":"","background-media":"","overlay-type":"","overlay-color":"","overlay-opacity":"","overlay-gradient":""}},"footnotes":""},"categories":[1],"tags":[],"class_list":["post-14538","post","type-post","status-publish","format-standard","has-post-thumbnail","hentry","category-uncategorized"],"yoast_head":"<!-- This site is optimized with the Yoast SEO plugin v27.3 - https:\/\/yoast.com\/product\/yoast-seo-wordpress\/ -->\n<title>50 a\u00f1os abriendo camino juntos - Calsina Carr\u00e9 Transports &amp; Logistics<\/title>\n<meta name=\"robots\" content=\"index, follow, max-snippet:-1, max-image-preview:large, max-video-preview:-1\" \/>\n<link rel=\"canonical\" href=\"https:\/\/www.calsina-carre.com\/ca\/50-anys-obrint-cami-junts\/\" \/>\n<meta property=\"og:locale\" content=\"ca_ES\" \/>\n<meta property=\"og:type\" content=\"article\" \/>\n<meta property=\"og:title\" content=\"50 a\u00f1os abriendo camino juntos - Calsina Carr\u00e9 Transports &amp; Logistics\" \/>\n<meta property=\"og:description\" content=\"Este es un a\u00f1o hist\u00f3rico para Calsina Carr\u00e9. Celebramos cincuenta a\u00f1os, medio siglo de trabajo y crecimiento exponencial que para muchas de las personas involucradas ha significado una vida entera de actividad a la empresa; un conjunto de \u00e9pocas llenas de proyectos y de ideas innovadoras. La amplia trayectoria ha venido denominada por la continua [&hellip;]\" \/>\n<meta property=\"og:url\" content=\"https:\/\/www.calsina-carre.com\/ca\/50-anys-obrint-cami-junts\/\" \/>\n<meta property=\"og:site_name\" content=\"Calsina Carr\u00e9 Transports &amp; Logistics\" \/>\n<meta property=\"article:published_time\" content=\"2022-02-02T10:35:29+00:00\" \/>\n<meta property=\"article:modified_time\" content=\"2023-03-21T12:49:18+00:00\" \/>\n<meta property=\"og:image\" content=\"https:\/\/www.calsina-carre.com\/wp-content\/uploads\/2022\/02\/camion-oscuro_baixa.png\" \/>\n\t<meta property=\"og:image:width\" content=\"1200\" \/>\n\t<meta property=\"og:image:height\" content=\"1031\" \/>\n\t<meta property=\"og:image:type\" content=\"image\/png\" \/>\n<meta name=\"author\" content=\"Calsina Carr\u00e9\" \/>\n<meta name=\"twitter:card\" content=\"summary_large_image\" \/>\n<meta name=\"twitter:label1\" content=\"Escrit per\" \/>\n\t<meta name=\"twitter:data1\" content=\"Calsina Carr\u00e9\" \/>\n\t<meta name=\"twitter:label2\" content=\"Temps estimat de lectura\" \/>\n\t<meta name=\"twitter:data2\" content=\"2 minuts\" \/>\n<script type=\"application\/ld+json\" class=\"yoast-schema-graph\">{\"@context\":\"https:\\\/\\\/schema.org\",\"@graph\":[{\"@type\":\"Article\",\"@id\":\"https:\\\/\\\/www.calsina-carre.com\\\/50-anys-obrint-cami-junts\\\/#article\",\"isPartOf\":{\"@id\":\"https:\\\/\\\/www.calsina-carre.com\\\/50-anys-obrint-cami-junts\\\/\"},\"author\":{\"name\":\"Calsina Carr\u00e9\",\"@id\":\"https:\\\/\\\/www.calsina-carre.com\\\/ca\\\/#\\\/schema\\\/person\\\/3cbd8ef4b950cf6ef4ee81537a02486e\"},\"headline\":\"50 a\u00f1os abriendo camino juntos\",\"datePublished\":\"2022-02-02T10:35:29+00:00\",\"dateModified\":\"2023-03-21T12:49:18+00:00\",\"mainEntityOfPage\":{\"@id\":\"https:\\\/\\\/www.calsina-carre.com\\\/50-anys-obrint-cami-junts\\\/\"},\"wordCount\":330,\"commentCount\":0,\"publisher\":{\"@id\":\"https:\\\/\\\/www.calsina-carre.com\\\/ca\\\/#organization\"},\"image\":{\"@id\":\"https:\\\/\\\/www.calsina-carre.com\\\/50-anys-obrint-cami-junts\\\/#primaryimage\"},\"thumbnailUrl\":\"https:\\\/\\\/www.calsina-carre.com\\\/wp-content\\\/uploads\\\/2022\\\/02\\\/camion-oscuro_baixa.png\",\"articleSection\":[\"Uncategorized\"],\"inLanguage\":\"ca\",\"potentialAction\":[{\"@type\":\"CommentAction\",\"name\":\"Comment\",\"target\":[\"https:\\\/\\\/www.calsina-carre.com\\\/50-anys-obrint-cami-junts\\\/#respond\"]}]},{\"@type\":\"WebPage\",\"@id\":\"https:\\\/\\\/www.calsina-carre.com\\\/50-anys-obrint-cami-junts\\\/\",\"url\":\"https:\\\/\\\/www.calsina-carre.com\\\/50-anys-obrint-cami-junts\\\/\",\"name\":\"50 a\u00f1os abriendo camino juntos - Calsina Carr\u00e9 Transports &amp; Logistics\",\"isPartOf\":{\"@id\":\"https:\\\/\\\/www.calsina-carre.com\\\/ca\\\/#website\"},\"primaryImageOfPage\":{\"@id\":\"https:\\\/\\\/www.calsina-carre.com\\\/50-anys-obrint-cami-junts\\\/#primaryimage\"},\"image\":{\"@id\":\"https:\\\/\\\/www.calsina-carre.com\\\/50-anys-obrint-cami-junts\\\/#primaryimage\"},\"thumbnailUrl\":\"https:\\\/\\\/www.calsina-carre.com\\\/wp-content\\\/uploads\\\/2022\\\/02\\\/camion-oscuro_baixa.png\",\"datePublished\":\"2022-02-02T10:35:29+00:00\",\"dateModified\":\"2023-03-21T12:49:18+00:00\",\"breadcrumb\":{\"@id\":\"https:\\\/\\\/www.calsina-carre.com\\\/50-anys-obrint-cami-junts\\\/#breadcrumb\"},\"inLanguage\":\"ca\",\"potentialAction\":[{\"@type\":\"ReadAction\",\"target\":[\"https:\\\/\\\/www.calsina-carre.com\\\/50-anys-obrint-cami-junts\\\/\"]}]},{\"@type\":\"ImageObject\",\"inLanguage\":\"ca\",\"@id\":\"https:\\\/\\\/www.calsina-carre.com\\\/50-anys-obrint-cami-junts\\\/#primaryimage\",\"url\":\"https:\\\/\\\/www.calsina-carre.com\\\/wp-content\\\/uploads\\\/2022\\\/02\\\/camion-oscuro_baixa.png\",\"contentUrl\":\"https:\\\/\\\/www.calsina-carre.com\\\/wp-content\\\/uploads\\\/2022\\\/02\\\/camion-oscuro_baixa.png\",\"width\":1200,\"height\":1031,\"caption\":\"cami\u00f3 calsina carr\u00e9\"},{\"@type\":\"BreadcrumbList\",\"@id\":\"https:\\\/\\\/www.calsina-carre.com\\\/50-anys-obrint-cami-junts\\\/#breadcrumb\",\"itemListElement\":[{\"@type\":\"ListItem\",\"position\":1,\"name\":\"Portada\",\"item\":\"https:\\\/\\\/www.calsina-carre.com\\\/\"},{\"@type\":\"ListItem\",\"position\":2,\"name\":\"50 a\u00f1os abriendo camino juntos\"}]},{\"@type\":\"WebSite\",\"@id\":\"https:\\\/\\\/www.calsina-carre.com\\\/ca\\\/#website\",\"url\":\"https:\\\/\\\/www.calsina-carre.com\\\/ca\\\/\",\"name\":\"Calsina Carr\u00e9 Transports &amp; Logistics\",\"description\":\"Transports &amp; Logistics\",\"publisher\":{\"@id\":\"https:\\\/\\\/www.calsina-carre.com\\\/ca\\\/#organization\"},\"potentialAction\":[{\"@type\":\"SearchAction\",\"target\":{\"@type\":\"EntryPoint\",\"urlTemplate\":\"https:\\\/\\\/www.calsina-carre.com\\\/ca\\\/?s={search_term_string}\"},\"query-input\":{\"@type\":\"PropertyValueSpecification\",\"valueRequired\":true,\"valueName\":\"search_term_string\"}}],\"inLanguage\":\"ca\"},{\"@type\":\"Organization\",\"@id\":\"https:\\\/\\\/www.calsina-carre.com\\\/ca\\\/#organization\",\"name\":\"Calsina Carr\u00e9 Transports &amp; Logistics\",\"url\":\"https:\\\/\\\/www.calsina-carre.com\\\/ca\\\/\",\"logo\":{\"@type\":\"ImageObject\",\"inLanguage\":\"ca\",\"@id\":\"https:\\\/\\\/www.calsina-carre.com\\\/ca\\\/#\\\/schema\\\/logo\\\/image\\\/\",\"url\":\"https:\\\/\\\/www.calsina-carre.com\\\/wp-content\\\/uploads\\\/2021\\\/01\\\/LOGO-CALSINA-CARRE.png\",\"contentUrl\":\"https:\\\/\\\/www.calsina-carre.com\\\/wp-content\\\/uploads\\\/2021\\\/01\\\/LOGO-CALSINA-CARRE.png\",\"width\":1682,\"height\":1029,\"caption\":\"Calsina Carr\u00e9 Transports &amp; Logistics\"},\"image\":{\"@id\":\"https:\\\/\\\/www.calsina-carre.com\\\/ca\\\/#\\\/schema\\\/logo\\\/image\\\/\"}},{\"@type\":\"Person\",\"@id\":\"https:\\\/\\\/www.calsina-carre.com\\\/ca\\\/#\\\/schema\\\/person\\\/3cbd8ef4b950cf6ef4ee81537a02486e\",\"name\":\"Calsina Carr\u00e9\",\"image\":{\"@type\":\"ImageObject\",\"inLanguage\":\"ca\",\"@id\":\"https:\\\/\\\/secure.gravatar.com\\\/avatar\\\/8ff90da1f4fcc79de20b1639b0a626f31a648f299683e36c012327690f0202f6?s=96&d=mm&r=g\",\"url\":\"https:\\\/\\\/secure.gravatar.com\\\/avatar\\\/8ff90da1f4fcc79de20b1639b0a626f31a648f299683e36c012327690f0202f6?s=96&d=mm&r=g\",\"contentUrl\":\"https:\\\/\\\/secure.gravatar.com\\\/avatar\\\/8ff90da1f4fcc79de20b1639b0a626f31a648f299683e36c012327690f0202f6?s=96&d=mm&r=g\",\"caption\":\"Calsina Carr\u00e9\"},\"url\":\"https:\\\/\\\/www.calsina-carre.com\\\/ca\\\/author\\\/ffapt\\\/\"}]}<\/script>\n<!-- \/ Yoast SEO plugin. -->","yoast_head_json":{"title":"50 a\u00f1os abriendo camino juntos - Calsina Carr\u00e9 Transports &amp; Logistics","robots":{"index":"index","follow":"follow","max-snippet":"max-snippet:-1","max-image-preview":"max-image-preview:large","max-video-preview":"max-video-preview:-1"},"canonical":"https:\/\/www.calsina-carre.com\/ca\/50-anys-obrint-cami-junts\/","og_locale":"ca_ES","og_type":"article","og_title":"50 a\u00f1os abriendo camino juntos - Calsina Carr\u00e9 Transports &amp; Logistics","og_description":"Este es un a\u00f1o hist\u00f3rico para Calsina Carr\u00e9. Celebramos cincuenta a\u00f1os, medio siglo de trabajo y crecimiento exponencial que para muchas de las personas involucradas ha significado una vida entera de actividad a la empresa; un conjunto de \u00e9pocas llenas de proyectos y de ideas innovadoras. La amplia trayectoria ha venido denominada por la continua [&hellip;]","og_url":"https:\/\/www.calsina-carre.com\/ca\/50-anys-obrint-cami-junts\/","og_site_name":"Calsina Carr\u00e9 Transports &amp; Logistics","article_published_time":"2022-02-02T10:35:29+00:00","article_modified_time":"2023-03-21T12:49:18+00:00","og_image":[{"width":1200,"height":1031,"url":"https:\/\/www.calsina-carre.com\/wp-content\/uploads\/2022\/02\/camion-oscuro_baixa.png","type":"image\/png"}],"author":"Calsina Carr\u00e9","twitter_card":"summary_large_image","twitter_misc":{"Escrit per":"Calsina Carr\u00e9","Temps estimat de lectura":"2 minuts"},"schema":{"@context":"https:\/\/schema.org","@graph":[{"@type":"Article","@id":"https:\/\/www.calsina-carre.com\/50-anys-obrint-cami-junts\/#article","isPartOf":{"@id":"https:\/\/www.calsina-carre.com\/50-anys-obrint-cami-junts\/"},"author":{"name":"Calsina Carr\u00e9","@id":"https:\/\/www.calsina-carre.com\/ca\/#\/schema\/person\/3cbd8ef4b950cf6ef4ee81537a02486e"},"headline":"50 a\u00f1os abriendo camino juntos","datePublished":"2022-02-02T10:35:29+00:00","dateModified":"2023-03-21T12:49:18+00:00","mainEntityOfPage":{"@id":"https:\/\/www.calsina-carre.com\/50-anys-obrint-cami-junts\/"},"wordCount":330,"commentCount":0,"publisher":{"@id":"https:\/\/www.calsina-carre.com\/ca\/#organization"},"image":{"@id":"https:\/\/www.calsina-carre.com\/50-anys-obrint-cami-junts\/#primaryimage"},"thumbnailUrl":"https:\/\/www.calsina-carre.com\/wp-content\/uploads\/2022\/02\/camion-oscuro_baixa.png","articleSection":["Uncategorized"],"inLanguage":"ca","potentialAction":[{"@type":"CommentAction","name":"Comment","target":["https:\/\/www.calsina-carre.com\/50-anys-obrint-cami-junts\/#respond"]}]},{"@type":"WebPage","@id":"https:\/\/www.calsina-carre.com\/50-anys-obrint-cami-junts\/","url":"https:\/\/www.calsina-carre.com\/50-anys-obrint-cami-junts\/","name":"50 a\u00f1os abriendo camino juntos - Calsina Carr\u00e9 Transports &amp; Logistics","isPartOf":{"@id":"https:\/\/www.calsina-carre.com\/ca\/#website"},"primaryImageOfPage":{"@id":"https:\/\/www.calsina-carre.com\/50-anys-obrint-cami-junts\/#primaryimage"},"image":{"@id":"https:\/\/www.calsina-carre.com\/50-anys-obrint-cami-junts\/#primaryimage"},"thumbnailUrl":"https:\/\/www.calsina-carre.com\/wp-content\/uploads\/2022\/02\/camion-oscuro_baixa.png","datePublished":"2022-02-02T10:35:29+00:00","dateModified":"2023-03-21T12:49:18+00:00","breadcrumb":{"@id":"https:\/\/www.calsina-carre.com\/50-anys-obrint-cami-junts\/#breadcrumb"},"inLanguage":"ca","potentialAction":[{"@type":"ReadAction","target":["https:\/\/www.calsina-carre.com\/50-anys-obrint-cami-junts\/"]}]},{"@type":"ImageObject","inLanguage":"ca","@id":"https:\/\/www.calsina-carre.com\/50-anys-obrint-cami-junts\/#primaryimage","url":"https:\/\/www.calsina-carre.com\/wp-content\/uploads\/2022\/02\/camion-oscuro_baixa.png","contentUrl":"https:\/\/www.calsina-carre.com\/wp-content\/uploads\/2022\/02\/camion-oscuro_baixa.png","width":1200,"height":1031,"caption":"cami\u00f3 calsina carr\u00e9"},{"@type":"BreadcrumbList","@id":"https:\/\/www.calsina-carre.com\/50-anys-obrint-cami-junts\/#breadcrumb","itemListElement":[{"@type":"ListItem","position":1,"name":"Portada","item":"https:\/\/www.calsina-carre.com\/"},{"@type":"ListItem","position":2,"name":"50 a\u00f1os abriendo camino juntos"}]},{"@type":"WebSite","@id":"https:\/\/www.calsina-carre.com\/ca\/#website","url":"https:\/\/www.calsina-carre.com\/ca\/","name":"Calsina Carr\u00e9 Transports &amp; Logistics","description":"Transports &amp; Logistics","publisher":{"@id":"https:\/\/www.calsina-carre.com\/ca\/#organization"},"potentialAction":[{"@type":"SearchAction","target":{"@type":"EntryPoint","urlTemplate":"https:\/\/www.calsina-carre.com\/ca\/?s={search_term_string}"},"query-input":{"@type":"PropertyValueSpecification","valueRequired":true,"valueName":"search_term_string"}}],"inLanguage":"ca"},{"@type":"Organization","@id":"https:\/\/www.calsina-carre.com\/ca\/#organization","name":"Calsina Carr\u00e9 Transports &amp; Logistics","url":"https:\/\/www.calsina-carre.com\/ca\/","logo":{"@type":"ImageObject","inLanguage":"ca","@id":"https:\/\/www.calsina-carre.com\/ca\/#\/schema\/logo\/image\/","url":"https:\/\/www.calsina-carre.com\/wp-content\/uploads\/2021\/01\/LOGO-CALSINA-CARRE.png","contentUrl":"https:\/\/www.calsina-carre.com\/wp-content\/uploads\/2021\/01\/LOGO-CALSINA-CARRE.png","width":1682,"height":1029,"caption":"Calsina Carr\u00e9 Transports &amp; Logistics"},"image":{"@id":"https:\/\/www.calsina-carre.com\/ca\/#\/schema\/logo\/image\/"}},{"@type":"Person","@id":"https:\/\/www.calsina-carre.com\/ca\/#\/schema\/person\/3cbd8ef4b950cf6ef4ee81537a02486e","name":"Calsina Carr\u00e9","image":{"@type":"ImageObject","inLanguage":"ca","@id":"https:\/\/secure.gravatar.com\/avatar\/8ff90da1f4fcc79de20b1639b0a626f31a648f299683e36c012327690f0202f6?s=96&d=mm&r=g","url":"https:\/\/secure.gravatar.com\/avatar\/8ff90da1f4fcc79de20b1639b0a626f31a648f299683e36c012327690f0202f6?s=96&d=mm&r=g","contentUrl":"https:\/\/secure.gravatar.com\/avatar\/8ff90da1f4fcc79de20b1639b0a626f31a648f299683e36c012327690f0202f6?s=96&d=mm&r=g","caption":"Calsina Carr\u00e9"},"url":"https:\/\/www.calsina-carre.com\/ca\/author\/ffapt\/"}]}},"_links":{"self":[{"href":"https:\/\/www.calsina-carre.com\/ca\/wp-json\/wp\/v2\/posts\/14538","targetHints":{"allow":["GET"]}}],"collection":[{"href":"https:\/\/www.calsina-carre.com\/ca\/wp-json\/wp\/v2\/posts"}],"about":[{"href":"https:\/\/www.calsina-carre.com\/ca\/wp-json\/wp\/v2\/types\/post"}],"author":[{"embeddable":true,"href":"https:\/\/www.calsina-carre.com\/ca\/wp-json\/wp\/v2\/users\/1"}],"replies":[{"embeddable":true,"href":"https:\/\/www.calsina-carre.com\/ca\/wp-json\/wp\/v2\/comments?post=14538"}],"version-history":[{"count":0,"href":"https:\/\/www.calsina-carre.com\/ca\/wp-json\/wp\/v2\/posts\/14538\/revisions"}],"wp:featuredmedia":[{"embeddable":true,"href":"https:\/\/www.calsina-carre.com\/ca\/wp-json\/wp\/v2\/media\/14660"}],"wp:attachment":[{"href":"https:\/\/www.calsina-carre.com\/ca\/wp-json\/wp\/v2\/media?parent=14538"}],"wp:term":[{"taxonomy":"category","embeddable":true,"href":"https:\/\/www.calsina-carre.com\/ca\/wp-json\/wp\/v2\/categories?post=14538"},{"taxonomy":"post_tag","embeddable":true,"href":"https:\/\/www.calsina-carre.com\/ca\/wp-json\/wp\/v2\/tags?post=14538"}],"curies":[{"name":"wp","href":"https:\/\/api.w.org\/{rel}","templated":true}]}}