{"id":14675,"date":"2022-09-07T10:00:08","date_gmt":"2022-09-07T10:00:08","guid":{"rendered":"https:\/\/www.calsina-carre.com\/?p=14675"},"modified":"2023-03-21T14:35:39","modified_gmt":"2023-03-21T13:35:39","slug":"avantatges-de-la-intermodalitat-en-els-transports","status":"publish","type":"post","link":"https:\/\/www.calsina-carre.com\/ca\/avantatges-de-la-intermodalitat-en-els-transports\/","title":{"rendered":"Avantatges de la intermodalitat en els transports"},"content":{"rendered":"<p><span style=\"font-weight: 400;\">El <strong><a href=\"https:\/\/www.calsina-carre.com\/ca\/intermodal\/\">transport intermodal<\/a><\/strong> \u00e9s un sector imprescindible, tant des del punt de vista econ\u00f2mic com mediambiental. Estem conven\u00e7uts que <strong>el futur \u00e9s intermodal.<\/strong> La urg\u00e8ncia de la sostenibilitat del planeta ens hi aboca. L\u2019oportunitat que ens ofereix de cara a un nou <strong>conductor m\u00e9s conciliat,<\/strong> tamb\u00e9 ens hi condueix. Nom\u00e9s l\u2019any passat, vam<strong> reduir m\u00e9s de 6 milions de kg de CO\u2082<\/strong> amb la utilitzaci\u00f3 d\u2019aquest servei. Per tot aix\u00f2, fa cinc anys que estem intensificant significativament l\u2019operativa intermodal: inversions en <strong>flota preparada i nous equips operatius<\/strong> orientats a aquest tipus de servei. Una aposta ferma per una tipologia de servei que no ha de substituir la carretera sin\u00f3 ser un complement.<\/span><\/p>\n<p><span style=\"font-weight: 400;\">Els avantatges del transport intermodal respecte al terrestre s\u00f3n moltes. Una combinaci\u00f3 entre les dues modalitats resulta \u00f2ptima per al transport de mercaderies. <strong>El transport mar\u00edtim<\/strong>, permet transportar <strong>grans volums de c\u00e0rrega<\/strong> aix\u00ed com intercanviar mercaderies entre pa\u00efsos sense connexi\u00f3 terrestre. Per la seva banda, <strong>el transport ferroviari<\/strong> \u00e9s indispensable si es volen assolir els nivells de <strong>reducci\u00f3 de gasos amb efecte hivernacle.<\/strong> La <a href=\"https:\/\/www.consilium.europa.eu\/es\/policies\/single-eu-railway-area\/\"><strong>Comissi\u00f3 Europea<\/strong><\/a> demana que el tr\u00e0fic es faci per ferrocarril fins a un 30% per a dist\u00e0ncies superiors a 300 km. <strong>El tren consumeix cinc vegades menys energia que un cami\u00f3,<\/strong> pel que el sistema <a href=\"https:\/\/www.mitma.gob.es\/ferroviario\"><strong>d\u2019infraestructures ferrovi\u00e0ries<\/strong><\/a> s\u2019ha d\u2019adaptar a les rutes de carretera i ser altament flexible.<\/span><\/p>\n<p><span style=\"font-weight: 400;\">\u00c9s important que les cadenes de subministrament vegin la necessitat de<strong> potenciar el transport intermodal<\/strong> i al mateix temps que <strong>els governs de cada pa\u00eds inverteixin en autopistes ferrovi\u00e0ries<\/strong> en els punts on hi ha m\u00e9s tr\u00e0fic de mercaderies. En el cas de l\u2019Estat espanyol, tot i que el <a href=\"https:\/\/elcorredormediterraneo.com\/\"><strong>corredor del mediterrani<\/strong><\/a> sigui on hi ha el tr\u00e0fic potencial m\u00e9s important de la pen\u00ednsula, <strong>les l\u00ednies ferrovi\u00e0ries encara s\u00f3n insuficients.<\/strong><\/span><\/p>\n<p><span style=\"font-weight: 400;\">Calsina Carr\u00e9 \u00e9s un dels principals transportistes d\u2019ind\u00fastria que opera des de les<strong> terminals ferrovi\u00e0ries del sud de Fran\u00e7a<\/strong> (Le Boulou, Perpiny\u00e0) amb dest\u00ed cap a diversos pa\u00efsos europeus. El cam\u00ed, per\u00f2, tot just ha comen\u00e7at. El potencial \u00e9s alt\u00edssim. Aquest \u00faltim any, ja hem comen\u00e7at a operar en <strong>sortides de tren des de Romania<\/strong> (Curtici, Oradea). Solucions alternatives per connectar el <a href=\"https:\/\/www.calsina-carre.com\/ca\/magreb\/\"><strong>Marroc<\/strong><\/a> com poden ser <strong>el ferri de T\u00e0nger a Barcelona o la futura l\u00ednia ferrovi\u00e0ria Algesires-Saragossa<\/strong>s\u00f3n cada vegada m\u00e9s a prop.<\/span><\/p>\n<p><strong>Des de Calsina Carr\u00e9 ho tenim clar, <a href=\"https:\/\/www.calsina-carre.com\/ca\/calidad-y-sostenibilidad\/\">estalvi d\u2019emissions<\/a> com a garantia de futur.<\/strong><\/p>","protected":false},"excerpt":{"rendered":"<p>El transporte intermodal es un sector imprescindible, tanto desde el punto de vista econ\u00f3mico como medioambiental. Estamos convencidos de que el futuro es intermodal. La urgencia de la sostenibilidad del planeta nos obliga. La oportunidad que nos brinda de cara a un nuevo conductor m\u00e1s conciliado, tambi\u00e9n nos conduce a ello. Solo el a\u00f1o pasado, [&hellip;]<\/p>\n","protected":false},"author":1,"featured_media":14677,"comment_status":"open","ping_status":"open","sticky":false,"template":"","format":"standard","meta":{"site-sidebar-layout":"default","site-content-layout":"default","ast-site-content-layout":"default","site-content-style":"default","site-sidebar-style":"default","ast-global-header-display":"","ast-banner-title-visibility":"","ast-main-header-display":"","ast-hfb-above-header-display":"","ast-hfb-below-header-display":"","ast-hfb-mobile-header-display":"","site-post-title":"","ast-breadcrumbs-content":"","ast-featured-img":"","footer-sml-layout":"","ast-disable-related-posts":"","theme-transparent-header-meta":"default","adv-header-id-meta":"","stick-header-meta":"","header-above-stick-meta":"","header-main-stick-meta":"","header-below-stick-meta":"","astra-migrate-meta-layouts":"default","ast-page-background-enabled":"default","ast-page-background-meta":{"desktop":{"background-color":"","background-image":"","background-repeat":"repeat","background-position":"center center","background-size":"auto","background-attachment":"scroll","background-type":"","background-media":"","overlay-type":"","overlay-color":"","overlay-opacity":"","overlay-gradient":""},"tablet":{"background-color":"","background-image":"","background-repeat":"repeat","background-position":"center center","background-size":"auto","background-attachment":"scroll","background-type":"","background-media":"","overlay-type":"","overlay-color":"","overlay-opacity":"","overlay-gradient":""},"mobile":{"background-color":"","background-image":"","background-repeat":"repeat","background-position":"center center","background-size":"auto","background-attachment":"scroll","background-type":"","background-media":"","overlay-type":"","overlay-color":"","overlay-opacity":"","overlay-gradient":""}},"ast-content-background-meta":{"desktop":{"background-color":"var(--ast-global-color-5)","background-image":"","background-repeat":"repeat","background-position":"center center","background-size":"auto","background-attachment":"scroll","background-type":"","background-media":"","overlay-type":"","overlay-color":"","overlay-opacity":"","overlay-gradient":""},"tablet":{"background-color":"var(--ast-global-color-5)","background-image":"","background-repeat":"repeat","background-position":"center center","background-size":"auto","background-attachment":"scroll","background-type":"","background-media":"","overlay-type":"","overlay-color":"","overlay-opacity":"","overlay-gradient":""},"mobile":{"background-color":"var(--ast-global-color-5)","background-image":"","background-repeat":"repeat","background-position":"center center","background-size":"auto","background-attachment":"scroll","background-type":"","background-media":"","overlay-type":"","overlay-color":"","overlay-opacity":"","overlay-gradient":""}},"footnotes":""},"categories":[1],"tags":[],"class_list":["post-14675","post","type-post","status-publish","format-standard","has-post-thumbnail","hentry","category-uncategorized"],"yoast_head":"<!-- This site is optimized with the Yoast SEO plugin v27.3 - https:\/\/yoast.com\/product\/yoast-seo-wordpress\/ -->\n<title>Ventajas de la intermodalidad en los transportes - Calsina Carr\u00e9 Transports &amp; Logistics<\/title>\n<meta name=\"robots\" content=\"index, follow, max-snippet:-1, max-image-preview:large, max-video-preview:-1\" \/>\n<link rel=\"canonical\" href=\"https:\/\/www.calsina-carre.com\/ca\/avantatges-de-la-intermodalitat-en-els-transports\/\" \/>\n<meta property=\"og:locale\" content=\"ca_ES\" \/>\n<meta property=\"og:type\" content=\"article\" \/>\n<meta property=\"og:title\" content=\"Ventajas de la intermodalidad en los transportes - Calsina Carr\u00e9 Transports &amp; Logistics\" \/>\n<meta property=\"og:description\" content=\"El transporte intermodal es un sector imprescindible, tanto desde el punto de vista econ\u00f3mico como medioambiental. Estamos convencidos de que el futuro es intermodal. La urgencia de la sostenibilidad del planeta nos obliga. La oportunidad que nos brinda de cara a un nuevo conductor m\u00e1s conciliado, tambi\u00e9n nos conduce a ello. Solo el a\u00f1o pasado, [&hellip;]\" \/>\n<meta property=\"og:url\" content=\"https:\/\/www.calsina-carre.com\/ca\/avantatges-de-la-intermodalitat-en-els-transports\/\" \/>\n<meta property=\"og:site_name\" content=\"Calsina Carr\u00e9 Transports &amp; Logistics\" \/>\n<meta property=\"article:published_time\" content=\"2022-09-07T10:00:08+00:00\" \/>\n<meta property=\"article:modified_time\" content=\"2023-03-21T13:35:39+00:00\" \/>\n<meta property=\"og:image\" content=\"https:\/\/www.calsina-carre.com\/wp-content\/uploads\/2022\/09\/intermodal-calsina-carre.jpg\" \/>\n\t<meta property=\"og:image:width\" content=\"1967\" \/>\n\t<meta property=\"og:image:height\" content=\"1360\" \/>\n\t<meta property=\"og:image:type\" content=\"image\/jpeg\" \/>\n<meta name=\"author\" content=\"Calsina Carr\u00e9\" \/>\n<meta name=\"twitter:card\" content=\"summary_large_image\" \/>\n<meta name=\"twitter:label1\" content=\"Escrit per\" \/>\n\t<meta name=\"twitter:data1\" content=\"Calsina Carr\u00e9\" \/>\n\t<meta name=\"twitter:label2\" content=\"Temps estimat de lectura\" \/>\n\t<meta name=\"twitter:data2\" content=\"2 minuts\" \/>\n<script type=\"application\/ld+json\" class=\"yoast-schema-graph\">{\"@context\":\"https:\\\/\\\/schema.org\",\"@graph\":[{\"@type\":\"Article\",\"@id\":\"https:\\\/\\\/www.calsina-carre.com\\\/avantatges-de-la-intermodalitat-en-els-transports\\\/#article\",\"isPartOf\":{\"@id\":\"https:\\\/\\\/www.calsina-carre.com\\\/avantatges-de-la-intermodalitat-en-els-transports\\\/\"},\"author\":{\"name\":\"Calsina Carr\u00e9\",\"@id\":\"https:\\\/\\\/www.calsina-carre.com\\\/ca\\\/#\\\/schema\\\/person\\\/3cbd8ef4b950cf6ef4ee81537a02486e\"},\"headline\":\"Ventajas de la intermodalidad en los transportes\",\"datePublished\":\"2022-09-07T10:00:08+00:00\",\"dateModified\":\"2023-03-21T13:35:39+00:00\",\"mainEntityOfPage\":{\"@id\":\"https:\\\/\\\/www.calsina-carre.com\\\/avantatges-de-la-intermodalitat-en-els-transports\\\/\"},\"wordCount\":437,\"commentCount\":0,\"publisher\":{\"@id\":\"https:\\\/\\\/www.calsina-carre.com\\\/ca\\\/#organization\"},\"image\":{\"@id\":\"https:\\\/\\\/www.calsina-carre.com\\\/avantatges-de-la-intermodalitat-en-els-transports\\\/#primaryimage\"},\"thumbnailUrl\":\"https:\\\/\\\/www.calsina-carre.com\\\/wp-content\\\/uploads\\\/2022\\\/09\\\/intermodal-calsina-carre.jpg\",\"articleSection\":[\"Uncategorized\"],\"inLanguage\":\"ca\",\"potentialAction\":[{\"@type\":\"CommentAction\",\"name\":\"Comment\",\"target\":[\"https:\\\/\\\/www.calsina-carre.com\\\/avantatges-de-la-intermodalitat-en-els-transports\\\/#respond\"]}]},{\"@type\":\"WebPage\",\"@id\":\"https:\\\/\\\/www.calsina-carre.com\\\/avantatges-de-la-intermodalitat-en-els-transports\\\/\",\"url\":\"https:\\\/\\\/www.calsina-carre.com\\\/avantatges-de-la-intermodalitat-en-els-transports\\\/\",\"name\":\"Ventajas de la intermodalidad en los transportes - Calsina Carr\u00e9 Transports &amp; Logistics\",\"isPartOf\":{\"@id\":\"https:\\\/\\\/www.calsina-carre.com\\\/ca\\\/#website\"},\"primaryImageOfPage\":{\"@id\":\"https:\\\/\\\/www.calsina-carre.com\\\/avantatges-de-la-intermodalitat-en-els-transports\\\/#primaryimage\"},\"image\":{\"@id\":\"https:\\\/\\\/www.calsina-carre.com\\\/avantatges-de-la-intermodalitat-en-els-transports\\\/#primaryimage\"},\"thumbnailUrl\":\"https:\\\/\\\/www.calsina-carre.com\\\/wp-content\\\/uploads\\\/2022\\\/09\\\/intermodal-calsina-carre.jpg\",\"datePublished\":\"2022-09-07T10:00:08+00:00\",\"dateModified\":\"2023-03-21T13:35:39+00:00\",\"breadcrumb\":{\"@id\":\"https:\\\/\\\/www.calsina-carre.com\\\/avantatges-de-la-intermodalitat-en-els-transports\\\/#breadcrumb\"},\"inLanguage\":\"ca\",\"potentialAction\":[{\"@type\":\"ReadAction\",\"target\":[\"https:\\\/\\\/www.calsina-carre.com\\\/avantatges-de-la-intermodalitat-en-els-transports\\\/\"]}]},{\"@type\":\"ImageObject\",\"inLanguage\":\"ca\",\"@id\":\"https:\\\/\\\/www.calsina-carre.com\\\/avantatges-de-la-intermodalitat-en-els-transports\\\/#primaryimage\",\"url\":\"https:\\\/\\\/www.calsina-carre.com\\\/wp-content\\\/uploads\\\/2022\\\/09\\\/intermodal-calsina-carre.jpg\",\"contentUrl\":\"https:\\\/\\\/www.calsina-carre.com\\\/wp-content\\\/uploads\\\/2022\\\/09\\\/intermodal-calsina-carre.jpg\",\"width\":1967,\"height\":1360,\"caption\":\"intermodal calsina carre\"},{\"@type\":\"BreadcrumbList\",\"@id\":\"https:\\\/\\\/www.calsina-carre.com\\\/avantatges-de-la-intermodalitat-en-els-transports\\\/#breadcrumb\",\"itemListElement\":[{\"@type\":\"ListItem\",\"position\":1,\"name\":\"Portada\",\"item\":\"https:\\\/\\\/www.calsina-carre.com\\\/\"},{\"@type\":\"ListItem\",\"position\":2,\"name\":\"Ventajas de la intermodalidad en los transportes\"}]},{\"@type\":\"WebSite\",\"@id\":\"https:\\\/\\\/www.calsina-carre.com\\\/ca\\\/#website\",\"url\":\"https:\\\/\\\/www.calsina-carre.com\\\/ca\\\/\",\"name\":\"Calsina Carr\u00e9 Transports &amp; Logistics\",\"description\":\"Transports &amp; Logistics\",\"publisher\":{\"@id\":\"https:\\\/\\\/www.calsina-carre.com\\\/ca\\\/#organization\"},\"potentialAction\":[{\"@type\":\"SearchAction\",\"target\":{\"@type\":\"EntryPoint\",\"urlTemplate\":\"https:\\\/\\\/www.calsina-carre.com\\\/ca\\\/?s={search_term_string}\"},\"query-input\":{\"@type\":\"PropertyValueSpecification\",\"valueRequired\":true,\"valueName\":\"search_term_string\"}}],\"inLanguage\":\"ca\"},{\"@type\":\"Organization\",\"@id\":\"https:\\\/\\\/www.calsina-carre.com\\\/ca\\\/#organization\",\"name\":\"Calsina Carr\u00e9 Transports &amp; Logistics\",\"url\":\"https:\\\/\\\/www.calsina-carre.com\\\/ca\\\/\",\"logo\":{\"@type\":\"ImageObject\",\"inLanguage\":\"ca\",\"@id\":\"https:\\\/\\\/www.calsina-carre.com\\\/ca\\\/#\\\/schema\\\/logo\\\/image\\\/\",\"url\":\"https:\\\/\\\/www.calsina-carre.com\\\/wp-content\\\/uploads\\\/2021\\\/01\\\/LOGO-CALSINA-CARRE.png\",\"contentUrl\":\"https:\\\/\\\/www.calsina-carre.com\\\/wp-content\\\/uploads\\\/2021\\\/01\\\/LOGO-CALSINA-CARRE.png\",\"width\":1682,\"height\":1029,\"caption\":\"Calsina Carr\u00e9 Transports &amp; Logistics\"},\"image\":{\"@id\":\"https:\\\/\\\/www.calsina-carre.com\\\/ca\\\/#\\\/schema\\\/logo\\\/image\\\/\"}},{\"@type\":\"Person\",\"@id\":\"https:\\\/\\\/www.calsina-carre.com\\\/ca\\\/#\\\/schema\\\/person\\\/3cbd8ef4b950cf6ef4ee81537a02486e\",\"name\":\"Calsina Carr\u00e9\",\"image\":{\"@type\":\"ImageObject\",\"inLanguage\":\"ca\",\"@id\":\"https:\\\/\\\/secure.gravatar.com\\\/avatar\\\/8ff90da1f4fcc79de20b1639b0a626f31a648f299683e36c012327690f0202f6?s=96&d=mm&r=g\",\"url\":\"https:\\\/\\\/secure.gravatar.com\\\/avatar\\\/8ff90da1f4fcc79de20b1639b0a626f31a648f299683e36c012327690f0202f6?s=96&d=mm&r=g\",\"contentUrl\":\"https:\\\/\\\/secure.gravatar.com\\\/avatar\\\/8ff90da1f4fcc79de20b1639b0a626f31a648f299683e36c012327690f0202f6?s=96&d=mm&r=g\",\"caption\":\"Calsina Carr\u00e9\"},\"url\":\"https:\\\/\\\/www.calsina-carre.com\\\/ca\\\/author\\\/ffapt\\\/\"}]}<\/script>\n<!-- \/ Yoast SEO plugin. -->","yoast_head_json":{"title":"Ventajas de la intermodalidad en los transportes - Calsina Carr\u00e9 Transports &amp; Logistics","robots":{"index":"index","follow":"follow","max-snippet":"max-snippet:-1","max-image-preview":"max-image-preview:large","max-video-preview":"max-video-preview:-1"},"canonical":"https:\/\/www.calsina-carre.com\/ca\/avantatges-de-la-intermodalitat-en-els-transports\/","og_locale":"ca_ES","og_type":"article","og_title":"Ventajas de la intermodalidad en los transportes - Calsina Carr\u00e9 Transports &amp; Logistics","og_description":"El transporte intermodal es un sector imprescindible, tanto desde el punto de vista econ\u00f3mico como medioambiental. Estamos convencidos de que el futuro es intermodal. La urgencia de la sostenibilidad del planeta nos obliga. La oportunidad que nos brinda de cara a un nuevo conductor m\u00e1s conciliado, tambi\u00e9n nos conduce a ello. Solo el a\u00f1o pasado, [&hellip;]","og_url":"https:\/\/www.calsina-carre.com\/ca\/avantatges-de-la-intermodalitat-en-els-transports\/","og_site_name":"Calsina Carr\u00e9 Transports &amp; Logistics","article_published_time":"2022-09-07T10:00:08+00:00","article_modified_time":"2023-03-21T13:35:39+00:00","og_image":[{"width":1967,"height":1360,"url":"https:\/\/www.calsina-carre.com\/wp-content\/uploads\/2022\/09\/intermodal-calsina-carre.jpg","type":"image\/jpeg"}],"author":"Calsina Carr\u00e9","twitter_card":"summary_large_image","twitter_misc":{"Escrit per":"Calsina Carr\u00e9","Temps estimat de lectura":"2 minuts"},"schema":{"@context":"https:\/\/schema.org","@graph":[{"@type":"Article","@id":"https:\/\/www.calsina-carre.com\/avantatges-de-la-intermodalitat-en-els-transports\/#article","isPartOf":{"@id":"https:\/\/www.calsina-carre.com\/avantatges-de-la-intermodalitat-en-els-transports\/"},"author":{"name":"Calsina Carr\u00e9","@id":"https:\/\/www.calsina-carre.com\/ca\/#\/schema\/person\/3cbd8ef4b950cf6ef4ee81537a02486e"},"headline":"Ventajas de la intermodalidad en los transportes","datePublished":"2022-09-07T10:00:08+00:00","dateModified":"2023-03-21T13:35:39+00:00","mainEntityOfPage":{"@id":"https:\/\/www.calsina-carre.com\/avantatges-de-la-intermodalitat-en-els-transports\/"},"wordCount":437,"commentCount":0,"publisher":{"@id":"https:\/\/www.calsina-carre.com\/ca\/#organization"},"image":{"@id":"https:\/\/www.calsina-carre.com\/avantatges-de-la-intermodalitat-en-els-transports\/#primaryimage"},"thumbnailUrl":"https:\/\/www.calsina-carre.com\/wp-content\/uploads\/2022\/09\/intermodal-calsina-carre.jpg","articleSection":["Uncategorized"],"inLanguage":"ca","potentialAction":[{"@type":"CommentAction","name":"Comment","target":["https:\/\/www.calsina-carre.com\/avantatges-de-la-intermodalitat-en-els-transports\/#respond"]}]},{"@type":"WebPage","@id":"https:\/\/www.calsina-carre.com\/avantatges-de-la-intermodalitat-en-els-transports\/","url":"https:\/\/www.calsina-carre.com\/avantatges-de-la-intermodalitat-en-els-transports\/","name":"Ventajas de la intermodalidad en los transportes - Calsina Carr\u00e9 Transports &amp; Logistics","isPartOf":{"@id":"https:\/\/www.calsina-carre.com\/ca\/#website"},"primaryImageOfPage":{"@id":"https:\/\/www.calsina-carre.com\/avantatges-de-la-intermodalitat-en-els-transports\/#primaryimage"},"image":{"@id":"https:\/\/www.calsina-carre.com\/avantatges-de-la-intermodalitat-en-els-transports\/#primaryimage"},"thumbnailUrl":"https:\/\/www.calsina-carre.com\/wp-content\/uploads\/2022\/09\/intermodal-calsina-carre.jpg","datePublished":"2022-09-07T10:00:08+00:00","dateModified":"2023-03-21T13:35:39+00:00","breadcrumb":{"@id":"https:\/\/www.calsina-carre.com\/avantatges-de-la-intermodalitat-en-els-transports\/#breadcrumb"},"inLanguage":"ca","potentialAction":[{"@type":"ReadAction","target":["https:\/\/www.calsina-carre.com\/avantatges-de-la-intermodalitat-en-els-transports\/"]}]},{"@type":"ImageObject","inLanguage":"ca","@id":"https:\/\/www.calsina-carre.com\/avantatges-de-la-intermodalitat-en-els-transports\/#primaryimage","url":"https:\/\/www.calsina-carre.com\/wp-content\/uploads\/2022\/09\/intermodal-calsina-carre.jpg","contentUrl":"https:\/\/www.calsina-carre.com\/wp-content\/uploads\/2022\/09\/intermodal-calsina-carre.jpg","width":1967,"height":1360,"caption":"intermodal calsina carre"},{"@type":"BreadcrumbList","@id":"https:\/\/www.calsina-carre.com\/avantatges-de-la-intermodalitat-en-els-transports\/#breadcrumb","itemListElement":[{"@type":"ListItem","position":1,"name":"Portada","item":"https:\/\/www.calsina-carre.com\/"},{"@type":"ListItem","position":2,"name":"Ventajas de la intermodalidad en los transportes"}]},{"@type":"WebSite","@id":"https:\/\/www.calsina-carre.com\/ca\/#website","url":"https:\/\/www.calsina-carre.com\/ca\/","name":"Calsina Carr\u00e9 Transports &amp; Logistics","description":"Transports &amp; Logistics","publisher":{"@id":"https:\/\/www.calsina-carre.com\/ca\/#organization"},"potentialAction":[{"@type":"SearchAction","target":{"@type":"EntryPoint","urlTemplate":"https:\/\/www.calsina-carre.com\/ca\/?s={search_term_string}"},"query-input":{"@type":"PropertyValueSpecification","valueRequired":true,"valueName":"search_term_string"}}],"inLanguage":"ca"},{"@type":"Organization","@id":"https:\/\/www.calsina-carre.com\/ca\/#organization","name":"Calsina Carr\u00e9 Transports &amp; Logistics","url":"https:\/\/www.calsina-carre.com\/ca\/","logo":{"@type":"ImageObject","inLanguage":"ca","@id":"https:\/\/www.calsina-carre.com\/ca\/#\/schema\/logo\/image\/","url":"https:\/\/www.calsina-carre.com\/wp-content\/uploads\/2021\/01\/LOGO-CALSINA-CARRE.png","contentUrl":"https:\/\/www.calsina-carre.com\/wp-content\/uploads\/2021\/01\/LOGO-CALSINA-CARRE.png","width":1682,"height":1029,"caption":"Calsina Carr\u00e9 Transports &amp; Logistics"},"image":{"@id":"https:\/\/www.calsina-carre.com\/ca\/#\/schema\/logo\/image\/"}},{"@type":"Person","@id":"https:\/\/www.calsina-carre.com\/ca\/#\/schema\/person\/3cbd8ef4b950cf6ef4ee81537a02486e","name":"Calsina Carr\u00e9","image":{"@type":"ImageObject","inLanguage":"ca","@id":"https:\/\/secure.gravatar.com\/avatar\/8ff90da1f4fcc79de20b1639b0a626f31a648f299683e36c012327690f0202f6?s=96&d=mm&r=g","url":"https:\/\/secure.gravatar.com\/avatar\/8ff90da1f4fcc79de20b1639b0a626f31a648f299683e36c012327690f0202f6?s=96&d=mm&r=g","contentUrl":"https:\/\/secure.gravatar.com\/avatar\/8ff90da1f4fcc79de20b1639b0a626f31a648f299683e36c012327690f0202f6?s=96&d=mm&r=g","caption":"Calsina Carr\u00e9"},"url":"https:\/\/www.calsina-carre.com\/ca\/author\/ffapt\/"}]}},"_links":{"self":[{"href":"https:\/\/www.calsina-carre.com\/ca\/wp-json\/wp\/v2\/posts\/14675","targetHints":{"allow":["GET"]}}],"collection":[{"href":"https:\/\/www.calsina-carre.com\/ca\/wp-json\/wp\/v2\/posts"}],"about":[{"href":"https:\/\/www.calsina-carre.com\/ca\/wp-json\/wp\/v2\/types\/post"}],"author":[{"embeddable":true,"href":"https:\/\/www.calsina-carre.com\/ca\/wp-json\/wp\/v2\/users\/1"}],"replies":[{"embeddable":true,"href":"https:\/\/www.calsina-carre.com\/ca\/wp-json\/wp\/v2\/comments?post=14675"}],"version-history":[{"count":0,"href":"https:\/\/www.calsina-carre.com\/ca\/wp-json\/wp\/v2\/posts\/14675\/revisions"}],"wp:featuredmedia":[{"embeddable":true,"href":"https:\/\/www.calsina-carre.com\/ca\/wp-json\/wp\/v2\/media\/14677"}],"wp:attachment":[{"href":"https:\/\/www.calsina-carre.com\/ca\/wp-json\/wp\/v2\/media?parent=14675"}],"wp:term":[{"taxonomy":"category","embeddable":true,"href":"https:\/\/www.calsina-carre.com\/ca\/wp-json\/wp\/v2\/categories?post=14675"},{"taxonomy":"post_tag","embeddable":true,"href":"https:\/\/www.calsina-carre.com\/ca\/wp-json\/wp\/v2\/tags?post=14675"}],"curies":[{"name":"wp","href":"https:\/\/api.w.org\/{rel}","templated":true}]}}