{"id":18079,"date":"2025-06-02T14:12:21","date_gmt":"2025-06-02T12:12:21","guid":{"rendered":"https:\/\/www.calsina-carre.com\/?p=18079"},"modified":"2025-06-02T14:15:10","modified_gmt":"2025-06-02T12:15:10","slug":"nuevo-almacen-logistico-en-tanger-ya-operativo","status":"publish","type":"post","link":"https:\/\/www.calsina-carre.com\/ca\/nuevo-almacen-logistico-en-tanger-ya-operativo\/","title":{"rendered":"Nou magatzem log\u00edstic a T\u00e0nger, ja operatiu!"},"content":{"rendered":"<p class=\"translation-block\">Fa m\u00e9s de 20 anys que operem al Marroc, desenvolupant la nostra activitat log\u00edstica amb una aposta ferma pel creixement sostingut, la inversi\u00f3 en infraestructures pr\u00f2pies i la creaci\u00f3 d\u2019ocupaci\u00f3 local. Avui, aquest recorregut ens situa entre els tres principals operadors log\u00edstics del pa\u00eds, amb una posici\u00f3 consolidada i en plena expansi\u00f3.<\/p>\n<p class=\"translation-block\">Durant aquestes dues d\u00e8cades, hem constru\u00eft una xarxa s\u00f2lida que inclou flota i magatzems propis, un equip local de m\u00e9s de 80 professionals, 150 conductors propis i personal especialitzat al port de T\u00e0nger. A m\u00e9s, comptem amb una seu de suport a Algesires i equip propi al seu port, fet que ens permet agilitzar els processos duaners i generar sinergies operatives amb la nostra flota europea, refor\u00e7ant aix\u00ed la connexi\u00f3 entre les dues ribes de l\u2019estret. Aquesta base ens ha perm\u00e8s assolir una mitjana de creixement anual del 30\u202f%, reflex directe de la confian\u00e7a dels nostres clients i de la solidesa del nostre model operatiu.<\/p>\n<p class=\"translation-block\">En l\u00ednia amb aquesta evoluci\u00f3, anunciem amb entusiasme l\u2019obertura del nostre nou centre log\u00edstic a Tanger Automotive City (TAC2), unes instal\u00b7lacions concebudes espec\u00edficament per a la realitzaci\u00f3 d\u2019operacions log\u00edstiques avan\u00e7ades. Amb 18.000\u202fm\u00b2 de superf\u00edcie i capacitat per a 30.000 europalets, aquesta plataforma de primer nivell refor\u00e7a la nostra pres\u00e8ncia a la regi\u00f3 i amplia la nostra capacitat de resposta en sectors clau com l\u2019automoci\u00f3 o el t\u00e8xtil, entre d\u2019altres.<\/p>\n<p><span style=\"font-weight: 400;\">El nou magatzem disposa d\u2019una infraestructura avan\u00e7ada i altament funcional:<\/span><\/p>\n<ul>\n<li style=\"font-weight: 400;\" aria-level=\"1\" class=\"translation-block\">22 molls de c\u00e0rrega per a operacions simult\u00e0nies amb alts volums<\/li>\n<li style=\"font-weight: 400;\" aria-level=\"1\" class=\"translation-block\">Al\u00e7ada d\u2019emmagatzematge de fins a 11 metres, optimitzant la capacitat vertical<\/li>\n<li style=\"font-weight: 400;\" aria-level=\"1\" class=\"translation-block\">Sistema de gesti\u00f3 de magatzem (WMS) especialitzat. Operacions i programari adaptats a cada client, per a un control prec\u00eds i eficient<\/li>\n<li style=\"font-weight: 400;\" aria-level=\"1\" class=\"translation-block\">Possibilitat de zones de temperatura controlada a petici\u00f3 del client<\/li>\n<li style=\"font-weight: 400;\" aria-level=\"1\" class=\"translation-block\">Control d\u2019accessos i vigil\u00e0ncia 24\/7, refor\u00e7ada amb videovigil\u00e0ncia perimetral i interior amb cobertura de 360\u00ba<\/li>\n<\/ul>\n<p class=\"translation-block\">A m\u00e9s del seu equipament, el centre compta amb un equip local qualificat i flexible, amb \u00e0mplia experi\u00e8ncia en log\u00edstica, preparat per oferir solucions adaptades a cada necessitat. Aquesta combinaci\u00f3 de tecnologia, capacitat operativa i talent hum\u00e0 permet una resposta eficient i personalitzada en un entorn cada vegada m\u00e9s exigent.<\/p>\n<p class=\"translation-block\">L\u2019obertura d\u2019aquesta nova plataforma log\u00edstica \u00e9s un pas ferm en la nostra estrat\u00e8gia internacional i no nom\u00e9s millora la nostra capacitat operativa a Calsina Carr\u00e9 Maghreb, sin\u00f3 que tamb\u00e9 reflecteix el nostre comprom\u00eds amb un servei proper, adaptable i d\u2019alt valor afegit. El Marroc continua sent un punt clau per a la nostra activitat i seguirem apostant pel seu potencial com a node log\u00edstic entre Europa i \u00c0frica.<\/p>\n<p><b>Seguim avan\u00e7ant, seguim creixent. Sempre a prop dels nostres clients.<\/b><\/p>","protected":false},"excerpt":{"rendered":"<p>En Calsina Carr\u00e9, llevamos m\u00e1s de 20 a\u00f1os operando en Marruecos, desarrollando nuestra actividad log\u00edstica con una apuesta firme por el crecimiento sostenido, la inversi\u00f3n en infraestructuras propias y la creaci\u00f3n de empleo local. Hoy, esa trayectoria nos sit\u00faa entre los tres principales operadores log\u00edsticos del pa\u00eds, con una posici\u00f3n consolidada y en plena expansi\u00f3n. [&hellip;]<\/p>\n","protected":false},"author":1,"featured_media":18082,"comment_status":"closed","ping_status":"open","sticky":false,"template":"","format":"standard","meta":{"site-sidebar-layout":"default","site-content-layout":"","ast-site-content-layout":"default","site-content-style":"default","site-sidebar-style":"default","ast-global-header-display":"","ast-banner-title-visibility":"","ast-main-header-display":"","ast-hfb-above-header-display":"","ast-hfb-below-header-display":"","ast-hfb-mobile-header-display":"","site-post-title":"","ast-breadcrumbs-content":"","ast-featured-img":"","footer-sml-layout":"","ast-disable-related-posts":"","theme-transparent-header-meta":"default","adv-header-id-meta":"","stick-header-meta":"","header-above-stick-meta":"","header-main-stick-meta":"","header-below-stick-meta":"","astra-migrate-meta-layouts":"set","ast-page-background-enabled":"default","ast-page-background-meta":{"desktop":{"background-color":"","background-image":"","background-repeat":"repeat","background-position":"center center","background-size":"auto","background-attachment":"scroll","background-type":"","background-media":"","overlay-type":"","overlay-color":"","overlay-opacity":"","overlay-gradient":""},"tablet":{"background-color":"","background-image":"","background-repeat":"repeat","background-position":"center center","background-size":"auto","background-attachment":"scroll","background-type":"","background-media":"","overlay-type":"","overlay-color":"","overlay-opacity":"","overlay-gradient":""},"mobile":{"background-color":"","background-image":"","background-repeat":"repeat","background-position":"center center","background-size":"auto","background-attachment":"scroll","background-type":"","background-media":"","overlay-type":"","overlay-color":"","overlay-opacity":"","overlay-gradient":""}},"ast-content-background-meta":{"desktop":{"background-color":"var(--ast-global-color-5)","background-image":"","background-repeat":"repeat","background-position":"center center","background-size":"auto","background-attachment":"scroll","background-type":"","background-media":"","overlay-type":"","overlay-color":"","overlay-opacity":"","overlay-gradient":""},"tablet":{"background-color":"var(--ast-global-color-5)","background-image":"","background-repeat":"repeat","background-position":"center center","background-size":"auto","background-attachment":"scroll","background-type":"","background-media":"","overlay-type":"","overlay-color":"","overlay-opacity":"","overlay-gradient":""},"mobile":{"background-color":"var(--ast-global-color-5)","background-image":"","background-repeat":"repeat","background-position":"center center","background-size":"auto","background-attachment":"scroll","background-type":"","background-media":"","overlay-type":"","overlay-color":"","overlay-opacity":"","overlay-gradient":""}},"footnotes":""},"categories":[44],"tags":[],"class_list":["post-18079","post","type-post","status-publish","format-standard","has-post-thumbnail","hentry","category-nuevos-proyectos"],"yoast_head":"<!-- This site is optimized with the Yoast SEO plugin v27.3 - https:\/\/yoast.com\/product\/yoast-seo-wordpress\/ -->\n<title>Nuevo almac\u00e9n log\u00edstico en T\u00e1nger, \u00a1ya operativo! - Calsina Carr\u00e9 Transports &amp; Logistics<\/title>\n<meta name=\"robots\" content=\"index, follow, max-snippet:-1, max-image-preview:large, max-video-preview:-1\" \/>\n<link rel=\"canonical\" href=\"https:\/\/www.calsina-carre.com\/ca\/nuevo-almacen-logistico-en-tanger-ya-operativo\/\" \/>\n<meta property=\"og:locale\" content=\"ca_ES\" \/>\n<meta property=\"og:type\" content=\"article\" \/>\n<meta property=\"og:title\" content=\"Nuevo almac\u00e9n log\u00edstico en T\u00e1nger, \u00a1ya operativo! - Calsina Carr\u00e9 Transports &amp; Logistics\" \/>\n<meta property=\"og:description\" content=\"En Calsina Carr\u00e9, llevamos m\u00e1s de 20 a\u00f1os operando en Marruecos, desarrollando nuestra actividad log\u00edstica con una apuesta firme por el crecimiento sostenido, la inversi\u00f3n en infraestructuras propias y la creaci\u00f3n de empleo local. Hoy, esa trayectoria nos sit\u00faa entre los tres principales operadores log\u00edsticos del pa\u00eds, con una posici\u00f3n consolidada y en plena expansi\u00f3n. [&hellip;]\" \/>\n<meta property=\"og:url\" content=\"https:\/\/www.calsina-carre.com\/ca\/nuevo-almacen-logistico-en-tanger-ya-operativo\/\" \/>\n<meta property=\"og:site_name\" content=\"Calsina Carr\u00e9 Transports &amp; Logistics\" \/>\n<meta property=\"article:published_time\" content=\"2025-06-02T12:12:21+00:00\" \/>\n<meta property=\"article:modified_time\" content=\"2025-06-02T12:15:10+00:00\" \/>\n<meta property=\"og:image\" content=\"https:\/\/www.calsina-carre.com\/wp-content\/uploads\/2025\/06\/Calsina-Carre-Tanger-Vistes-V03j-F2-_-DEF_page-0001-scaled.jpg\" \/>\n\t<meta property=\"og:image:width\" content=\"2560\" \/>\n\t<meta property=\"og:image:height\" content=\"1440\" \/>\n\t<meta property=\"og:image:type\" content=\"image\/jpeg\" \/>\n<meta name=\"author\" content=\"Calsina Carr\u00e9\" \/>\n<meta name=\"twitter:card\" content=\"summary_large_image\" \/>\n<meta name=\"twitter:label1\" content=\"Escrit per\" \/>\n\t<meta name=\"twitter:data1\" content=\"Calsina Carr\u00e9\" \/>\n\t<meta name=\"twitter:label2\" content=\"Temps estimat de lectura\" \/>\n\t<meta name=\"twitter:data2\" content=\"3 minuts\" \/>\n<script type=\"application\/ld+json\" class=\"yoast-schema-graph\">{\"@context\":\"https:\\\/\\\/schema.org\",\"@graph\":[{\"@type\":\"Article\",\"@id\":\"https:\\\/\\\/www.calsina-carre.com\\\/nuevo-almacen-logistico-en-tanger-ya-operativo\\\/#article\",\"isPartOf\":{\"@id\":\"https:\\\/\\\/www.calsina-carre.com\\\/nuevo-almacen-logistico-en-tanger-ya-operativo\\\/\"},\"author\":{\"name\":\"Calsina Carr\u00e9\",\"@id\":\"https:\\\/\\\/www.calsina-carre.com\\\/ca\\\/#\\\/schema\\\/person\\\/3cbd8ef4b950cf6ef4ee81537a02486e\"},\"headline\":\"Nuevo almac\u00e9n log\u00edstico en T\u00e1nger, \u00a1ya operativo!\",\"datePublished\":\"2025-06-02T12:12:21+00:00\",\"dateModified\":\"2025-06-02T12:15:10+00:00\",\"mainEntityOfPage\":{\"@id\":\"https:\\\/\\\/www.calsina-carre.com\\\/nuevo-almacen-logistico-en-tanger-ya-operativo\\\/\"},\"wordCount\":472,\"publisher\":{\"@id\":\"https:\\\/\\\/www.calsina-carre.com\\\/ca\\\/#organization\"},\"image\":{\"@id\":\"https:\\\/\\\/www.calsina-carre.com\\\/nuevo-almacen-logistico-en-tanger-ya-operativo\\\/#primaryimage\"},\"thumbnailUrl\":\"https:\\\/\\\/www.calsina-carre.com\\\/wp-content\\\/uploads\\\/2025\\\/06\\\/Calsina-Carre-Tanger-Vistes-V03j-F2-_-DEF_page-0001-scaled.jpg\",\"articleSection\":[\"Nuevos proyectos\"],\"inLanguage\":\"ca\"},{\"@type\":\"WebPage\",\"@id\":\"https:\\\/\\\/www.calsina-carre.com\\\/nuevo-almacen-logistico-en-tanger-ya-operativo\\\/\",\"url\":\"https:\\\/\\\/www.calsina-carre.com\\\/nuevo-almacen-logistico-en-tanger-ya-operativo\\\/\",\"name\":\"Nuevo almac\u00e9n log\u00edstico en T\u00e1nger, \u00a1ya operativo! - Calsina Carr\u00e9 Transports &amp; Logistics\",\"isPartOf\":{\"@id\":\"https:\\\/\\\/www.calsina-carre.com\\\/ca\\\/#website\"},\"primaryImageOfPage\":{\"@id\":\"https:\\\/\\\/www.calsina-carre.com\\\/nuevo-almacen-logistico-en-tanger-ya-operativo\\\/#primaryimage\"},\"image\":{\"@id\":\"https:\\\/\\\/www.calsina-carre.com\\\/nuevo-almacen-logistico-en-tanger-ya-operativo\\\/#primaryimage\"},\"thumbnailUrl\":\"https:\\\/\\\/www.calsina-carre.com\\\/wp-content\\\/uploads\\\/2025\\\/06\\\/Calsina-Carre-Tanger-Vistes-V03j-F2-_-DEF_page-0001-scaled.jpg\",\"datePublished\":\"2025-06-02T12:12:21+00:00\",\"dateModified\":\"2025-06-02T12:15:10+00:00\",\"breadcrumb\":{\"@id\":\"https:\\\/\\\/www.calsina-carre.com\\\/nuevo-almacen-logistico-en-tanger-ya-operativo\\\/#breadcrumb\"},\"inLanguage\":\"ca\",\"potentialAction\":[{\"@type\":\"ReadAction\",\"target\":[\"https:\\\/\\\/www.calsina-carre.com\\\/nuevo-almacen-logistico-en-tanger-ya-operativo\\\/\"]}]},{\"@type\":\"ImageObject\",\"inLanguage\":\"ca\",\"@id\":\"https:\\\/\\\/www.calsina-carre.com\\\/nuevo-almacen-logistico-en-tanger-ya-operativo\\\/#primaryimage\",\"url\":\"https:\\\/\\\/www.calsina-carre.com\\\/wp-content\\\/uploads\\\/2025\\\/06\\\/Calsina-Carre-Tanger-Vistes-V03j-F2-_-DEF_page-0001-scaled.jpg\",\"contentUrl\":\"https:\\\/\\\/www.calsina-carre.com\\\/wp-content\\\/uploads\\\/2025\\\/06\\\/Calsina-Carre-Tanger-Vistes-V03j-F2-_-DEF_page-0001-scaled.jpg\",\"width\":2560,\"height\":1440,\"caption\":\"nuevo almac\u00e9n Tanger Automotive City Calsina Carr\u00e9\"},{\"@type\":\"BreadcrumbList\",\"@id\":\"https:\\\/\\\/www.calsina-carre.com\\\/nuevo-almacen-logistico-en-tanger-ya-operativo\\\/#breadcrumb\",\"itemListElement\":[{\"@type\":\"ListItem\",\"position\":1,\"name\":\"Portada\",\"item\":\"https:\\\/\\\/www.calsina-carre.com\\\/\"},{\"@type\":\"ListItem\",\"position\":2,\"name\":\"Nuevo almac\u00e9n log\u00edstico en T\u00e1nger, \u00a1ya operativo!\"}]},{\"@type\":\"WebSite\",\"@id\":\"https:\\\/\\\/www.calsina-carre.com\\\/ca\\\/#website\",\"url\":\"https:\\\/\\\/www.calsina-carre.com\\\/ca\\\/\",\"name\":\"Calsina Carr\u00e9 Transports &amp; Logistics\",\"description\":\"Transports &amp; Logistics\",\"publisher\":{\"@id\":\"https:\\\/\\\/www.calsina-carre.com\\\/ca\\\/#organization\"},\"potentialAction\":[{\"@type\":\"SearchAction\",\"target\":{\"@type\":\"EntryPoint\",\"urlTemplate\":\"https:\\\/\\\/www.calsina-carre.com\\\/ca\\\/?s={search_term_string}\"},\"query-input\":{\"@type\":\"PropertyValueSpecification\",\"valueRequired\":true,\"valueName\":\"search_term_string\"}}],\"inLanguage\":\"ca\"},{\"@type\":\"Organization\",\"@id\":\"https:\\\/\\\/www.calsina-carre.com\\\/ca\\\/#organization\",\"name\":\"Calsina Carr\u00e9 Transports &amp; Logistics\",\"url\":\"https:\\\/\\\/www.calsina-carre.com\\\/ca\\\/\",\"logo\":{\"@type\":\"ImageObject\",\"inLanguage\":\"ca\",\"@id\":\"https:\\\/\\\/www.calsina-carre.com\\\/ca\\\/#\\\/schema\\\/logo\\\/image\\\/\",\"url\":\"https:\\\/\\\/www.calsina-carre.com\\\/wp-content\\\/uploads\\\/2021\\\/01\\\/LOGO-CALSINA-CARRE.png\",\"contentUrl\":\"https:\\\/\\\/www.calsina-carre.com\\\/wp-content\\\/uploads\\\/2021\\\/01\\\/LOGO-CALSINA-CARRE.png\",\"width\":1682,\"height\":1029,\"caption\":\"Calsina Carr\u00e9 Transports &amp; Logistics\"},\"image\":{\"@id\":\"https:\\\/\\\/www.calsina-carre.com\\\/ca\\\/#\\\/schema\\\/logo\\\/image\\\/\"}},{\"@type\":\"Person\",\"@id\":\"https:\\\/\\\/www.calsina-carre.com\\\/ca\\\/#\\\/schema\\\/person\\\/3cbd8ef4b950cf6ef4ee81537a02486e\",\"name\":\"Calsina Carr\u00e9\",\"image\":{\"@type\":\"ImageObject\",\"inLanguage\":\"ca\",\"@id\":\"https:\\\/\\\/secure.gravatar.com\\\/avatar\\\/8ff90da1f4fcc79de20b1639b0a626f31a648f299683e36c012327690f0202f6?s=96&d=mm&r=g\",\"url\":\"https:\\\/\\\/secure.gravatar.com\\\/avatar\\\/8ff90da1f4fcc79de20b1639b0a626f31a648f299683e36c012327690f0202f6?s=96&d=mm&r=g\",\"contentUrl\":\"https:\\\/\\\/secure.gravatar.com\\\/avatar\\\/8ff90da1f4fcc79de20b1639b0a626f31a648f299683e36c012327690f0202f6?s=96&d=mm&r=g\",\"caption\":\"Calsina Carr\u00e9\"},\"url\":\"https:\\\/\\\/www.calsina-carre.com\\\/ca\\\/author\\\/ffapt\\\/\"}]}<\/script>\n<!-- \/ Yoast SEO plugin. -->","yoast_head_json":{"title":"Nuevo almac\u00e9n log\u00edstico en T\u00e1nger, \u00a1ya operativo! - Calsina Carr\u00e9 Transports &amp; Logistics","robots":{"index":"index","follow":"follow","max-snippet":"max-snippet:-1","max-image-preview":"max-image-preview:large","max-video-preview":"max-video-preview:-1"},"canonical":"https:\/\/www.calsina-carre.com\/ca\/nuevo-almacen-logistico-en-tanger-ya-operativo\/","og_locale":"ca_ES","og_type":"article","og_title":"Nuevo almac\u00e9n log\u00edstico en T\u00e1nger, \u00a1ya operativo! - Calsina Carr\u00e9 Transports &amp; Logistics","og_description":"En Calsina Carr\u00e9, llevamos m\u00e1s de 20 a\u00f1os operando en Marruecos, desarrollando nuestra actividad log\u00edstica con una apuesta firme por el crecimiento sostenido, la inversi\u00f3n en infraestructuras propias y la creaci\u00f3n de empleo local. Hoy, esa trayectoria nos sit\u00faa entre los tres principales operadores log\u00edsticos del pa\u00eds, con una posici\u00f3n consolidada y en plena expansi\u00f3n. [&hellip;]","og_url":"https:\/\/www.calsina-carre.com\/ca\/nuevo-almacen-logistico-en-tanger-ya-operativo\/","og_site_name":"Calsina Carr\u00e9 Transports &amp; Logistics","article_published_time":"2025-06-02T12:12:21+00:00","article_modified_time":"2025-06-02T12:15:10+00:00","og_image":[{"width":2560,"height":1440,"url":"https:\/\/www.calsina-carre.com\/wp-content\/uploads\/2025\/06\/Calsina-Carre-Tanger-Vistes-V03j-F2-_-DEF_page-0001-scaled.jpg","type":"image\/jpeg"}],"author":"Calsina Carr\u00e9","twitter_card":"summary_large_image","twitter_misc":{"Escrit per":"Calsina Carr\u00e9","Temps estimat de lectura":"3 minuts"},"schema":{"@context":"https:\/\/schema.org","@graph":[{"@type":"Article","@id":"https:\/\/www.calsina-carre.com\/nuevo-almacen-logistico-en-tanger-ya-operativo\/#article","isPartOf":{"@id":"https:\/\/www.calsina-carre.com\/nuevo-almacen-logistico-en-tanger-ya-operativo\/"},"author":{"name":"Calsina Carr\u00e9","@id":"https:\/\/www.calsina-carre.com\/ca\/#\/schema\/person\/3cbd8ef4b950cf6ef4ee81537a02486e"},"headline":"Nuevo almac\u00e9n log\u00edstico en T\u00e1nger, \u00a1ya operativo!","datePublished":"2025-06-02T12:12:21+00:00","dateModified":"2025-06-02T12:15:10+00:00","mainEntityOfPage":{"@id":"https:\/\/www.calsina-carre.com\/nuevo-almacen-logistico-en-tanger-ya-operativo\/"},"wordCount":472,"publisher":{"@id":"https:\/\/www.calsina-carre.com\/ca\/#organization"},"image":{"@id":"https:\/\/www.calsina-carre.com\/nuevo-almacen-logistico-en-tanger-ya-operativo\/#primaryimage"},"thumbnailUrl":"https:\/\/www.calsina-carre.com\/wp-content\/uploads\/2025\/06\/Calsina-Carre-Tanger-Vistes-V03j-F2-_-DEF_page-0001-scaled.jpg","articleSection":["Nuevos proyectos"],"inLanguage":"ca"},{"@type":"WebPage","@id":"https:\/\/www.calsina-carre.com\/nuevo-almacen-logistico-en-tanger-ya-operativo\/","url":"https:\/\/www.calsina-carre.com\/nuevo-almacen-logistico-en-tanger-ya-operativo\/","name":"Nuevo almac\u00e9n log\u00edstico en T\u00e1nger, \u00a1ya operativo! - Calsina Carr\u00e9 Transports &amp; Logistics","isPartOf":{"@id":"https:\/\/www.calsina-carre.com\/ca\/#website"},"primaryImageOfPage":{"@id":"https:\/\/www.calsina-carre.com\/nuevo-almacen-logistico-en-tanger-ya-operativo\/#primaryimage"},"image":{"@id":"https:\/\/www.calsina-carre.com\/nuevo-almacen-logistico-en-tanger-ya-operativo\/#primaryimage"},"thumbnailUrl":"https:\/\/www.calsina-carre.com\/wp-content\/uploads\/2025\/06\/Calsina-Carre-Tanger-Vistes-V03j-F2-_-DEF_page-0001-scaled.jpg","datePublished":"2025-06-02T12:12:21+00:00","dateModified":"2025-06-02T12:15:10+00:00","breadcrumb":{"@id":"https:\/\/www.calsina-carre.com\/nuevo-almacen-logistico-en-tanger-ya-operativo\/#breadcrumb"},"inLanguage":"ca","potentialAction":[{"@type":"ReadAction","target":["https:\/\/www.calsina-carre.com\/nuevo-almacen-logistico-en-tanger-ya-operativo\/"]}]},{"@type":"ImageObject","inLanguage":"ca","@id":"https:\/\/www.calsina-carre.com\/nuevo-almacen-logistico-en-tanger-ya-operativo\/#primaryimage","url":"https:\/\/www.calsina-carre.com\/wp-content\/uploads\/2025\/06\/Calsina-Carre-Tanger-Vistes-V03j-F2-_-DEF_page-0001-scaled.jpg","contentUrl":"https:\/\/www.calsina-carre.com\/wp-content\/uploads\/2025\/06\/Calsina-Carre-Tanger-Vistes-V03j-F2-_-DEF_page-0001-scaled.jpg","width":2560,"height":1440,"caption":"nuevo almac\u00e9n Tanger Automotive City Calsina Carr\u00e9"},{"@type":"BreadcrumbList","@id":"https:\/\/www.calsina-carre.com\/nuevo-almacen-logistico-en-tanger-ya-operativo\/#breadcrumb","itemListElement":[{"@type":"ListItem","position":1,"name":"Portada","item":"https:\/\/www.calsina-carre.com\/"},{"@type":"ListItem","position":2,"name":"Nuevo almac\u00e9n log\u00edstico en T\u00e1nger, \u00a1ya operativo!"}]},{"@type":"WebSite","@id":"https:\/\/www.calsina-carre.com\/ca\/#website","url":"https:\/\/www.calsina-carre.com\/ca\/","name":"Calsina Carr\u00e9 Transports &amp; Logistics","description":"Transports &amp; Logistics","publisher":{"@id":"https:\/\/www.calsina-carre.com\/ca\/#organization"},"potentialAction":[{"@type":"SearchAction","target":{"@type":"EntryPoint","urlTemplate":"https:\/\/www.calsina-carre.com\/ca\/?s={search_term_string}"},"query-input":{"@type":"PropertyValueSpecification","valueRequired":true,"valueName":"search_term_string"}}],"inLanguage":"ca"},{"@type":"Organization","@id":"https:\/\/www.calsina-carre.com\/ca\/#organization","name":"Calsina Carr\u00e9 Transports &amp; Logistics","url":"https:\/\/www.calsina-carre.com\/ca\/","logo":{"@type":"ImageObject","inLanguage":"ca","@id":"https:\/\/www.calsina-carre.com\/ca\/#\/schema\/logo\/image\/","url":"https:\/\/www.calsina-carre.com\/wp-content\/uploads\/2021\/01\/LOGO-CALSINA-CARRE.png","contentUrl":"https:\/\/www.calsina-carre.com\/wp-content\/uploads\/2021\/01\/LOGO-CALSINA-CARRE.png","width":1682,"height":1029,"caption":"Calsina Carr\u00e9 Transports &amp; Logistics"},"image":{"@id":"https:\/\/www.calsina-carre.com\/ca\/#\/schema\/logo\/image\/"}},{"@type":"Person","@id":"https:\/\/www.calsina-carre.com\/ca\/#\/schema\/person\/3cbd8ef4b950cf6ef4ee81537a02486e","name":"Calsina Carr\u00e9","image":{"@type":"ImageObject","inLanguage":"ca","@id":"https:\/\/secure.gravatar.com\/avatar\/8ff90da1f4fcc79de20b1639b0a626f31a648f299683e36c012327690f0202f6?s=96&d=mm&r=g","url":"https:\/\/secure.gravatar.com\/avatar\/8ff90da1f4fcc79de20b1639b0a626f31a648f299683e36c012327690f0202f6?s=96&d=mm&r=g","contentUrl":"https:\/\/secure.gravatar.com\/avatar\/8ff90da1f4fcc79de20b1639b0a626f31a648f299683e36c012327690f0202f6?s=96&d=mm&r=g","caption":"Calsina Carr\u00e9"},"url":"https:\/\/www.calsina-carre.com\/ca\/author\/ffapt\/"}]}},"_links":{"self":[{"href":"https:\/\/www.calsina-carre.com\/ca\/wp-json\/wp\/v2\/posts\/18079","targetHints":{"allow":["GET"]}}],"collection":[{"href":"https:\/\/www.calsina-carre.com\/ca\/wp-json\/wp\/v2\/posts"}],"about":[{"href":"https:\/\/www.calsina-carre.com\/ca\/wp-json\/wp\/v2\/types\/post"}],"author":[{"embeddable":true,"href":"https:\/\/www.calsina-carre.com\/ca\/wp-json\/wp\/v2\/users\/1"}],"replies":[{"embeddable":true,"href":"https:\/\/www.calsina-carre.com\/ca\/wp-json\/wp\/v2\/comments?post=18079"}],"version-history":[{"count":3,"href":"https:\/\/www.calsina-carre.com\/ca\/wp-json\/wp\/v2\/posts\/18079\/revisions"}],"predecessor-version":[{"id":18083,"href":"https:\/\/www.calsina-carre.com\/ca\/wp-json\/wp\/v2\/posts\/18079\/revisions\/18083"}],"wp:featuredmedia":[{"embeddable":true,"href":"https:\/\/www.calsina-carre.com\/ca\/wp-json\/wp\/v2\/media\/18082"}],"wp:attachment":[{"href":"https:\/\/www.calsina-carre.com\/ca\/wp-json\/wp\/v2\/media?parent=18079"}],"wp:term":[{"taxonomy":"category","embeddable":true,"href":"https:\/\/www.calsina-carre.com\/ca\/wp-json\/wp\/v2\/categories?post=18079"},{"taxonomy":"post_tag","embeddable":true,"href":"https:\/\/www.calsina-carre.com\/ca\/wp-json\/wp\/v2\/tags?post=18079"}],"curies":[{"name":"wp","href":"https:\/\/api.w.org\/{rel}","templated":true}]}}