{"id":15546,"date":"2023-04-18T15:19:14","date_gmt":"2023-04-18T13:19:14","guid":{"rendered":"https:\/\/www.calsina-carre.com\/?p=15546"},"modified":"2023-04-27T17:17:57","modified_gmt":"2023-04-27T15:17:57","slug":"nueva-apertura-calsina-carre-portugal","status":"publish","type":"post","link":"https:\/\/www.calsina-carre.com\/en\/nueva-apertura-calsina-carre-portugal\/","title":{"rendered":"New opening: Calsina Carr\u00e9 Portugal"},"content":{"rendered":"<p class=\"translation-block\">We start a new adventure with great enthusiasm and future expectations. We are opening a new Calsina Carr\u00e9 office in Portugal, specifically in the region of Oporto: <strong> Calsina Carr\u00e9 Portugal.<\/strong><\/p>\n<h4><span style=\"color: #9fcae8;\"><strong>Why are we expanding to Portugal?<\/strong><\/span><\/h4>\n<p>&nbsp;<\/p>\n<p class=\"translation-block\">The Portuguese market plays an important role in the textile and automotive industries, two sectors in which we have a strong presence and which we want to continue to develop and dedicate resources to optimize our operations. We have to take into account that Portugal is the third country in Europe that carries out more road transport in the automotive industry, therefore it is a location where we want to be present with our own fleet and facilities. On the other hand, Portugal has historically been a reference in the textile sector, and today it continues to be the main one. The country concentrates a lot of production intended for reference companies such as, for example, Inditex. At Calsina Carr\u00e9, we are strongly committed to diversification and we are investing in all the necessary resources to improve our presence in these sectors.<\/p>\n<p class=\"translation-block\">Our location in Portugal will offer us a better knowledge of the market and will allow us to provide more capacity as well as more flexibility in our service to customers. It will also help us to explore the flows and opportunities that the country can offer us at an international level towards Europe<\/p>\n<p class=\"translation-block\">It is important to highlight that Portugal will provide additional flow volume for Calsina Carr\u00e9 Maghreb, a market in which we are in full expansion. It will also give us greater flexibility in our existing operations, which have very tight transit times. For the time being, our main connection with Morocco will continue to be Tangier-Algeciras and for the connections from Portugal to Europe, we will promote intermodality whenever possible.<\/p>","protected":false},"excerpt":{"rendered":"<p>Empezamos una nueva aventura con mucha ilusi\u00f3n y expectativas de futuro. Inauguramos una nueva sede de Calsina Carr\u00e9 en Portugal, concretamente en la regi\u00f3n de Oporto: Calsina Carr\u00e9 Portugal. \u00bfPorqu\u00e9 nos expandimos en Portugal? &nbsp; El mercado portugu\u00e9s juega un papel importante en la industria textil y de la automoci\u00f3n, dos sectores en los que [&hellip;]<\/p>\n","protected":false},"author":1,"featured_media":15553,"comment_status":"open","ping_status":"open","sticky":false,"template":"","format":"standard","meta":{"site-sidebar-layout":"default","site-content-layout":"default","ast-site-content-layout":"default","site-content-style":"default","site-sidebar-style":"default","ast-global-header-display":"","ast-banner-title-visibility":"","ast-main-header-display":"","ast-hfb-above-header-display":"","ast-hfb-below-header-display":"","ast-hfb-mobile-header-display":"","site-post-title":"","ast-breadcrumbs-content":"","ast-featured-img":"","footer-sml-layout":"","ast-disable-related-posts":"","theme-transparent-header-meta":"default","adv-header-id-meta":"","stick-header-meta":"","header-above-stick-meta":"","header-main-stick-meta":"","header-below-stick-meta":"","astra-migrate-meta-layouts":"default","ast-page-background-enabled":"default","ast-page-background-meta":{"desktop":{"background-color":"","background-image":"","background-repeat":"repeat","background-position":"center center","background-size":"auto","background-attachment":"scroll","background-type":"","background-media":"","overlay-type":"","overlay-color":"","overlay-opacity":"","overlay-gradient":""},"tablet":{"background-color":"","background-image":"","background-repeat":"repeat","background-position":"center center","background-size":"auto","background-attachment":"scroll","background-type":"","background-media":"","overlay-type":"","overlay-color":"","overlay-opacity":"","overlay-gradient":""},"mobile":{"background-color":"","background-image":"","background-repeat":"repeat","background-position":"center center","background-size":"auto","background-attachment":"scroll","background-type":"","background-media":"","overlay-type":"","overlay-color":"","overlay-opacity":"","overlay-gradient":""}},"ast-content-background-meta":{"desktop":{"background-color":"var(--ast-global-color-5)","background-image":"","background-repeat":"repeat","background-position":"center center","background-size":"auto","background-attachment":"scroll","background-type":"","background-media":"","overlay-type":"","overlay-color":"","overlay-opacity":"","overlay-gradient":""},"tablet":{"background-color":"var(--ast-global-color-5)","background-image":"","background-repeat":"repeat","background-position":"center center","background-size":"auto","background-attachment":"scroll","background-type":"","background-media":"","overlay-type":"","overlay-color":"","overlay-opacity":"","overlay-gradient":""},"mobile":{"background-color":"var(--ast-global-color-5)","background-image":"","background-repeat":"repeat","background-position":"center center","background-size":"auto","background-attachment":"scroll","background-type":"","background-media":"","overlay-type":"","overlay-color":"","overlay-opacity":"","overlay-gradient":""}},"footnotes":""},"categories":[1],"tags":[],"class_list":["post-15546","post","type-post","status-publish","format-standard","has-post-thumbnail","hentry","category-uncategorized"],"yoast_head":"<!-- This site is optimized with the Yoast SEO plugin v27.3 - https:\/\/yoast.com\/product\/yoast-seo-wordpress\/ -->\n<title>Nueva apertura: Calsina Carr\u00e9 Portugal - Calsina Carr\u00e9 Transports &amp; Logistics<\/title>\n<meta name=\"robots\" content=\"index, follow, max-snippet:-1, max-image-preview:large, max-video-preview:-1\" \/>\n<link rel=\"canonical\" href=\"https:\/\/www.calsina-carre.com\/en\/nueva-apertura-calsina-carre-portugal\/\" \/>\n<meta property=\"og:locale\" content=\"en_US\" \/>\n<meta property=\"og:type\" content=\"article\" \/>\n<meta property=\"og:title\" content=\"Nueva apertura: Calsina Carr\u00e9 Portugal - Calsina Carr\u00e9 Transports &amp; Logistics\" \/>\n<meta property=\"og:description\" content=\"Empezamos una nueva aventura con mucha ilusi\u00f3n y expectativas de futuro. Inauguramos una nueva sede de Calsina Carr\u00e9 en Portugal, concretamente en la regi\u00f3n de Oporto: Calsina Carr\u00e9 Portugal. \u00bfPorqu\u00e9 nos expandimos en Portugal? &nbsp; El mercado portugu\u00e9s juega un papel importante en la industria textil y de la automoci\u00f3n, dos sectores en los que [&hellip;]\" \/>\n<meta property=\"og:url\" content=\"https:\/\/www.calsina-carre.com\/en\/nueva-apertura-calsina-carre-portugal\/\" \/>\n<meta property=\"og:site_name\" content=\"Calsina Carr\u00e9 Transports &amp; Logistics\" \/>\n<meta property=\"article:published_time\" content=\"2023-04-18T13:19:14+00:00\" \/>\n<meta property=\"article:modified_time\" content=\"2023-04-27T15:17:57+00:00\" \/>\n<meta property=\"og:image\" content=\"https:\/\/www.calsina-carre.com\/wp-content\/uploads\/2023\/04\/webbbb.png\" \/>\n\t<meta property=\"og:image:width\" content=\"945\" \/>\n\t<meta property=\"og:image:height\" content=\"840\" \/>\n\t<meta property=\"og:image:type\" content=\"image\/png\" \/>\n<meta name=\"author\" content=\"Calsina Carr\u00e9\" \/>\n<meta name=\"twitter:card\" content=\"summary_large_image\" \/>\n<meta name=\"twitter:label1\" content=\"Written by\" \/>\n\t<meta name=\"twitter:data1\" content=\"Calsina Carr\u00e9\" \/>\n\t<meta name=\"twitter:label2\" content=\"Est. reading time\" \/>\n\t<meta name=\"twitter:data2\" content=\"2 minutes\" \/>\n<script type=\"application\/ld+json\" class=\"yoast-schema-graph\">{\"@context\":\"https:\\\/\\\/schema.org\",\"@graph\":[{\"@type\":\"Article\",\"@id\":\"https:\\\/\\\/www.calsina-carre.com\\\/nueva-apertura-calsina-carre-portugal\\\/#article\",\"isPartOf\":{\"@id\":\"https:\\\/\\\/www.calsina-carre.com\\\/nueva-apertura-calsina-carre-portugal\\\/\"},\"author\":{\"name\":\"Calsina Carr\u00e9\",\"@id\":\"https:\\\/\\\/www.calsina-carre.com\\\/ca\\\/#\\\/schema\\\/person\\\/3cbd8ef4b950cf6ef4ee81537a02486e\"},\"headline\":\"Nueva apertura: Calsina Carr\u00e9 Portugal\",\"datePublished\":\"2023-04-18T13:19:14+00:00\",\"dateModified\":\"2023-04-27T15:17:57+00:00\",\"mainEntityOfPage\":{\"@id\":\"https:\\\/\\\/www.calsina-carre.com\\\/nueva-apertura-calsina-carre-portugal\\\/\"},\"wordCount\":315,\"commentCount\":0,\"publisher\":{\"@id\":\"https:\\\/\\\/www.calsina-carre.com\\\/ca\\\/#organization\"},\"image\":{\"@id\":\"https:\\\/\\\/www.calsina-carre.com\\\/nueva-apertura-calsina-carre-portugal\\\/#primaryimage\"},\"thumbnailUrl\":\"https:\\\/\\\/www.calsina-carre.com\\\/wp-content\\\/uploads\\\/2023\\\/04\\\/webbbb.png\",\"inLanguage\":\"en-US\",\"potentialAction\":[{\"@type\":\"CommentAction\",\"name\":\"Comment\",\"target\":[\"https:\\\/\\\/www.calsina-carre.com\\\/nueva-apertura-calsina-carre-portugal\\\/#respond\"]}]},{\"@type\":\"WebPage\",\"@id\":\"https:\\\/\\\/www.calsina-carre.com\\\/nueva-apertura-calsina-carre-portugal\\\/\",\"url\":\"https:\\\/\\\/www.calsina-carre.com\\\/nueva-apertura-calsina-carre-portugal\\\/\",\"name\":\"Nueva apertura: Calsina Carr\u00e9 Portugal - Calsina Carr\u00e9 Transports &amp; Logistics\",\"isPartOf\":{\"@id\":\"https:\\\/\\\/www.calsina-carre.com\\\/ca\\\/#website\"},\"primaryImageOfPage\":{\"@id\":\"https:\\\/\\\/www.calsina-carre.com\\\/nueva-apertura-calsina-carre-portugal\\\/#primaryimage\"},\"image\":{\"@id\":\"https:\\\/\\\/www.calsina-carre.com\\\/nueva-apertura-calsina-carre-portugal\\\/#primaryimage\"},\"thumbnailUrl\":\"https:\\\/\\\/www.calsina-carre.com\\\/wp-content\\\/uploads\\\/2023\\\/04\\\/webbbb.png\",\"datePublished\":\"2023-04-18T13:19:14+00:00\",\"dateModified\":\"2023-04-27T15:17:57+00:00\",\"breadcrumb\":{\"@id\":\"https:\\\/\\\/www.calsina-carre.com\\\/nueva-apertura-calsina-carre-portugal\\\/#breadcrumb\"},\"inLanguage\":\"en-US\",\"potentialAction\":[{\"@type\":\"ReadAction\",\"target\":[\"https:\\\/\\\/www.calsina-carre.com\\\/nueva-apertura-calsina-carre-portugal\\\/\"]}]},{\"@type\":\"ImageObject\",\"inLanguage\":\"en-US\",\"@id\":\"https:\\\/\\\/www.calsina-carre.com\\\/nueva-apertura-calsina-carre-portugal\\\/#primaryimage\",\"url\":\"https:\\\/\\\/www.calsina-carre.com\\\/wp-content\\\/uploads\\\/2023\\\/04\\\/webbbb.png\",\"contentUrl\":\"https:\\\/\\\/www.calsina-carre.com\\\/wp-content\\\/uploads\\\/2023\\\/04\\\/webbbb.png\",\"width\":945,\"height\":840,\"caption\":\"calsina carr\u00e9 portugal\"},{\"@type\":\"BreadcrumbList\",\"@id\":\"https:\\\/\\\/www.calsina-carre.com\\\/nueva-apertura-calsina-carre-portugal\\\/#breadcrumb\",\"itemListElement\":[{\"@type\":\"ListItem\",\"position\":1,\"name\":\"Portada\",\"item\":\"https:\\\/\\\/www.calsina-carre.com\\\/\"},{\"@type\":\"ListItem\",\"position\":2,\"name\":\"Nueva apertura: Calsina Carr\u00e9 Portugal\"}]},{\"@type\":\"WebSite\",\"@id\":\"https:\\\/\\\/www.calsina-carre.com\\\/ca\\\/#website\",\"url\":\"https:\\\/\\\/www.calsina-carre.com\\\/ca\\\/\",\"name\":\"Calsina Carr\u00e9 Transports &amp; Logistics\",\"description\":\"Transports &amp; Logistics\",\"publisher\":{\"@id\":\"https:\\\/\\\/www.calsina-carre.com\\\/ca\\\/#organization\"},\"potentialAction\":[{\"@type\":\"SearchAction\",\"target\":{\"@type\":\"EntryPoint\",\"urlTemplate\":\"https:\\\/\\\/www.calsina-carre.com\\\/ca\\\/?s={search_term_string}\"},\"query-input\":{\"@type\":\"PropertyValueSpecification\",\"valueRequired\":true,\"valueName\":\"search_term_string\"}}],\"inLanguage\":\"en-US\"},{\"@type\":\"Organization\",\"@id\":\"https:\\\/\\\/www.calsina-carre.com\\\/ca\\\/#organization\",\"name\":\"Calsina Carr\u00e9 Transports &amp; Logistics\",\"url\":\"https:\\\/\\\/www.calsina-carre.com\\\/ca\\\/\",\"logo\":{\"@type\":\"ImageObject\",\"inLanguage\":\"en-US\",\"@id\":\"https:\\\/\\\/www.calsina-carre.com\\\/ca\\\/#\\\/schema\\\/logo\\\/image\\\/\",\"url\":\"https:\\\/\\\/www.calsina-carre.com\\\/wp-content\\\/uploads\\\/2021\\\/01\\\/LOGO-CALSINA-CARRE.png\",\"contentUrl\":\"https:\\\/\\\/www.calsina-carre.com\\\/wp-content\\\/uploads\\\/2021\\\/01\\\/LOGO-CALSINA-CARRE.png\",\"width\":1682,\"height\":1029,\"caption\":\"Calsina Carr\u00e9 Transports &amp; Logistics\"},\"image\":{\"@id\":\"https:\\\/\\\/www.calsina-carre.com\\\/ca\\\/#\\\/schema\\\/logo\\\/image\\\/\"}},{\"@type\":\"Person\",\"@id\":\"https:\\\/\\\/www.calsina-carre.com\\\/ca\\\/#\\\/schema\\\/person\\\/3cbd8ef4b950cf6ef4ee81537a02486e\",\"name\":\"Calsina Carr\u00e9\",\"image\":{\"@type\":\"ImageObject\",\"inLanguage\":\"en-US\",\"@id\":\"https:\\\/\\\/secure.gravatar.com\\\/avatar\\\/8ff90da1f4fcc79de20b1639b0a626f31a648f299683e36c012327690f0202f6?s=96&d=mm&r=g\",\"url\":\"https:\\\/\\\/secure.gravatar.com\\\/avatar\\\/8ff90da1f4fcc79de20b1639b0a626f31a648f299683e36c012327690f0202f6?s=96&d=mm&r=g\",\"contentUrl\":\"https:\\\/\\\/secure.gravatar.com\\\/avatar\\\/8ff90da1f4fcc79de20b1639b0a626f31a648f299683e36c012327690f0202f6?s=96&d=mm&r=g\",\"caption\":\"Calsina Carr\u00e9\"},\"url\":\"https:\\\/\\\/www.calsina-carre.com\\\/en\\\/author\\\/ffapt\\\/\"}]}<\/script>\n<!-- \/ Yoast SEO plugin. -->","yoast_head_json":{"title":"Nueva apertura: Calsina Carr\u00e9 Portugal - Calsina Carr\u00e9 Transports &amp; Logistics","robots":{"index":"index","follow":"follow","max-snippet":"max-snippet:-1","max-image-preview":"max-image-preview:large","max-video-preview":"max-video-preview:-1"},"canonical":"https:\/\/www.calsina-carre.com\/en\/nueva-apertura-calsina-carre-portugal\/","og_locale":"en_US","og_type":"article","og_title":"Nueva apertura: Calsina Carr\u00e9 Portugal - Calsina Carr\u00e9 Transports &amp; Logistics","og_description":"Empezamos una nueva aventura con mucha ilusi\u00f3n y expectativas de futuro. Inauguramos una nueva sede de Calsina Carr\u00e9 en Portugal, concretamente en la regi\u00f3n de Oporto: Calsina Carr\u00e9 Portugal. \u00bfPorqu\u00e9 nos expandimos en Portugal? &nbsp; El mercado portugu\u00e9s juega un papel importante en la industria textil y de la automoci\u00f3n, dos sectores en los que [&hellip;]","og_url":"https:\/\/www.calsina-carre.com\/en\/nueva-apertura-calsina-carre-portugal\/","og_site_name":"Calsina Carr\u00e9 Transports &amp; Logistics","article_published_time":"2023-04-18T13:19:14+00:00","article_modified_time":"2023-04-27T15:17:57+00:00","og_image":[{"width":945,"height":840,"url":"https:\/\/www.calsina-carre.com\/wp-content\/uploads\/2023\/04\/webbbb.png","type":"image\/png"}],"author":"Calsina Carr\u00e9","twitter_card":"summary_large_image","twitter_misc":{"Written by":"Calsina Carr\u00e9","Est. reading time":"2 minutes"},"schema":{"@context":"https:\/\/schema.org","@graph":[{"@type":"Article","@id":"https:\/\/www.calsina-carre.com\/nueva-apertura-calsina-carre-portugal\/#article","isPartOf":{"@id":"https:\/\/www.calsina-carre.com\/nueva-apertura-calsina-carre-portugal\/"},"author":{"name":"Calsina Carr\u00e9","@id":"https:\/\/www.calsina-carre.com\/ca\/#\/schema\/person\/3cbd8ef4b950cf6ef4ee81537a02486e"},"headline":"Nueva apertura: Calsina Carr\u00e9 Portugal","datePublished":"2023-04-18T13:19:14+00:00","dateModified":"2023-04-27T15:17:57+00:00","mainEntityOfPage":{"@id":"https:\/\/www.calsina-carre.com\/nueva-apertura-calsina-carre-portugal\/"},"wordCount":315,"commentCount":0,"publisher":{"@id":"https:\/\/www.calsina-carre.com\/ca\/#organization"},"image":{"@id":"https:\/\/www.calsina-carre.com\/nueva-apertura-calsina-carre-portugal\/#primaryimage"},"thumbnailUrl":"https:\/\/www.calsina-carre.com\/wp-content\/uploads\/2023\/04\/webbbb.png","inLanguage":"en-US","potentialAction":[{"@type":"CommentAction","name":"Comment","target":["https:\/\/www.calsina-carre.com\/nueva-apertura-calsina-carre-portugal\/#respond"]}]},{"@type":"WebPage","@id":"https:\/\/www.calsina-carre.com\/nueva-apertura-calsina-carre-portugal\/","url":"https:\/\/www.calsina-carre.com\/nueva-apertura-calsina-carre-portugal\/","name":"Nueva apertura: Calsina Carr\u00e9 Portugal - Calsina Carr\u00e9 Transports &amp; Logistics","isPartOf":{"@id":"https:\/\/www.calsina-carre.com\/ca\/#website"},"primaryImageOfPage":{"@id":"https:\/\/www.calsina-carre.com\/nueva-apertura-calsina-carre-portugal\/#primaryimage"},"image":{"@id":"https:\/\/www.calsina-carre.com\/nueva-apertura-calsina-carre-portugal\/#primaryimage"},"thumbnailUrl":"https:\/\/www.calsina-carre.com\/wp-content\/uploads\/2023\/04\/webbbb.png","datePublished":"2023-04-18T13:19:14+00:00","dateModified":"2023-04-27T15:17:57+00:00","breadcrumb":{"@id":"https:\/\/www.calsina-carre.com\/nueva-apertura-calsina-carre-portugal\/#breadcrumb"},"inLanguage":"en-US","potentialAction":[{"@type":"ReadAction","target":["https:\/\/www.calsina-carre.com\/nueva-apertura-calsina-carre-portugal\/"]}]},{"@type":"ImageObject","inLanguage":"en-US","@id":"https:\/\/www.calsina-carre.com\/nueva-apertura-calsina-carre-portugal\/#primaryimage","url":"https:\/\/www.calsina-carre.com\/wp-content\/uploads\/2023\/04\/webbbb.png","contentUrl":"https:\/\/www.calsina-carre.com\/wp-content\/uploads\/2023\/04\/webbbb.png","width":945,"height":840,"caption":"calsina carr\u00e9 portugal"},{"@type":"BreadcrumbList","@id":"https:\/\/www.calsina-carre.com\/nueva-apertura-calsina-carre-portugal\/#breadcrumb","itemListElement":[{"@type":"ListItem","position":1,"name":"Portada","item":"https:\/\/www.calsina-carre.com\/"},{"@type":"ListItem","position":2,"name":"Nueva apertura: Calsina Carr\u00e9 Portugal"}]},{"@type":"WebSite","@id":"https:\/\/www.calsina-carre.com\/ca\/#website","url":"https:\/\/www.calsina-carre.com\/ca\/","name":"Calsina Carr\u00e9 Transports &amp; Logistics","description":"Transports &amp; Logistics","publisher":{"@id":"https:\/\/www.calsina-carre.com\/ca\/#organization"},"potentialAction":[{"@type":"SearchAction","target":{"@type":"EntryPoint","urlTemplate":"https:\/\/www.calsina-carre.com\/ca\/?s={search_term_string}"},"query-input":{"@type":"PropertyValueSpecification","valueRequired":true,"valueName":"search_term_string"}}],"inLanguage":"en-US"},{"@type":"Organization","@id":"https:\/\/www.calsina-carre.com\/ca\/#organization","name":"Calsina Carr\u00e9 Transports &amp; Logistics","url":"https:\/\/www.calsina-carre.com\/ca\/","logo":{"@type":"ImageObject","inLanguage":"en-US","@id":"https:\/\/www.calsina-carre.com\/ca\/#\/schema\/logo\/image\/","url":"https:\/\/www.calsina-carre.com\/wp-content\/uploads\/2021\/01\/LOGO-CALSINA-CARRE.png","contentUrl":"https:\/\/www.calsina-carre.com\/wp-content\/uploads\/2021\/01\/LOGO-CALSINA-CARRE.png","width":1682,"height":1029,"caption":"Calsina Carr\u00e9 Transports &amp; Logistics"},"image":{"@id":"https:\/\/www.calsina-carre.com\/ca\/#\/schema\/logo\/image\/"}},{"@type":"Person","@id":"https:\/\/www.calsina-carre.com\/ca\/#\/schema\/person\/3cbd8ef4b950cf6ef4ee81537a02486e","name":"Calsina Carr\u00e9","image":{"@type":"ImageObject","inLanguage":"en-US","@id":"https:\/\/secure.gravatar.com\/avatar\/8ff90da1f4fcc79de20b1639b0a626f31a648f299683e36c012327690f0202f6?s=96&d=mm&r=g","url":"https:\/\/secure.gravatar.com\/avatar\/8ff90da1f4fcc79de20b1639b0a626f31a648f299683e36c012327690f0202f6?s=96&d=mm&r=g","contentUrl":"https:\/\/secure.gravatar.com\/avatar\/8ff90da1f4fcc79de20b1639b0a626f31a648f299683e36c012327690f0202f6?s=96&d=mm&r=g","caption":"Calsina Carr\u00e9"},"url":"https:\/\/www.calsina-carre.com\/en\/author\/ffapt\/"}]}},"_links":{"self":[{"href":"https:\/\/www.calsina-carre.com\/en\/wp-json\/wp\/v2\/posts\/15546","targetHints":{"allow":["GET"]}}],"collection":[{"href":"https:\/\/www.calsina-carre.com\/en\/wp-json\/wp\/v2\/posts"}],"about":[{"href":"https:\/\/www.calsina-carre.com\/en\/wp-json\/wp\/v2\/types\/post"}],"author":[{"embeddable":true,"href":"https:\/\/www.calsina-carre.com\/en\/wp-json\/wp\/v2\/users\/1"}],"replies":[{"embeddable":true,"href":"https:\/\/www.calsina-carre.com\/en\/wp-json\/wp\/v2\/comments?post=15546"}],"version-history":[{"count":0,"href":"https:\/\/www.calsina-carre.com\/en\/wp-json\/wp\/v2\/posts\/15546\/revisions"}],"wp:featuredmedia":[{"embeddable":true,"href":"https:\/\/www.calsina-carre.com\/en\/wp-json\/wp\/v2\/media\/15553"}],"wp:attachment":[{"href":"https:\/\/www.calsina-carre.com\/en\/wp-json\/wp\/v2\/media?parent=15546"}],"wp:term":[{"taxonomy":"category","embeddable":true,"href":"https:\/\/www.calsina-carre.com\/en\/wp-json\/wp\/v2\/categories?post=15546"},{"taxonomy":"post_tag","embeddable":true,"href":"https:\/\/www.calsina-carre.com\/en\/wp-json\/wp\/v2\/tags?post=15546"}],"curies":[{"name":"wp","href":"https:\/\/api.w.org\/{rel}","templated":true}]}}