{"id":15888,"date":"2023-05-15T10:34:04","date_gmt":"2023-05-15T08:34:04","guid":{"rendered":"https:\/\/www.calsina-carre.com\/?p=15888"},"modified":"2023-06-14T08:34:13","modified_gmt":"2023-06-14T06:34:13","slug":"la-feria-transport-logistics-de-munich-2023-ha-sido-un-exito","status":"publish","type":"post","link":"https:\/\/www.calsina-carre.com\/en\/la-feria-transport-logistics-de-munich-2023-ha-sido-un-exito\/","title":{"rendered":"The Transport Logistics in Munich has been a success"},"content":{"rendered":"<p><span style=\"font-weight: 400;\">The Transport Logistics trade fair in Munich, held every two years, is known as <\/span><b>the most important event in the area of transport and logistics in Europe.<\/b><span style=\"font-weight: 400;\"> As an international company in the sector, we consider this an outstanding opportunity to present our innovative solutions and strengthen our connections to existing and potential customers from all over the world.<\/span><\/p>\n<p><span style=\"font-weight: 400;\">This 2023 edition gathered a wide range of professionals, experts, and leading companies in the sector, creating a <\/span><b>dynamic atmosphere favorable for the exchange of ideas and the exploration of new opportunities.\u00a0<\/b><\/p>\n<p><span style=\"font-weight: 400;\">Calsina Carr\u00e9 chose to be present in two different locations: sharing a stand with Port de Barcelona to promote our transport and logistics solutions, and alongside the ESPORG stand to present <\/span><b>our new intralogistics hub of services for drivers and external carriers: Calsina Carr\u00e9 Services.<\/b><\/p>\n<p><span style=\"font-weight: 400;\">On our Calsina Carr\u00e9 Transport &amp; Logistics stand, we were honored to welcome current customers and new contacts who might be interested in our services. We were able to interact face-to-face with visitors from all over the world, share our experience and knowledge, and establish solid business relationships. During our participation, our main goal was to show efficient, sustainable, and technologically advanced solutions. Moreover, we highlighted our green commitment to future rail transport as well as the traceability of cargo and service customization that our own software allows us to offer.<\/span><\/p>\n<p><span style=\"font-weight: 400;\">The fair also gave us the opportunity to present our new openings: <\/span><b>Calsina Carr\u00e9 Portugal, as well as our new logistics warehouse in Morocco.\u00a0<\/b><\/p>\n<p><span style=\"font-weight: 400;\">At our Calsina Carr\u00e9 Services stand, we were able to connect with potential transporters and customers of our logistics hub in Pont de Molins, a powerful hub due to its strategic location close to the French border and on the Mediterranean Corridor. Due to the ESPORG shelter, <\/span><b>we gained visibility for secure parking networks in Europe,<\/b><span style=\"font-weight: 400;\"> and we were able to connect closely with professionals in the sector of quality services and secure resting areas for transport drivers.<\/span><\/p>\n<p><span style=\"font-weight: 400;\">Calsina Carr\u00e9's participation in the Transport Logistics exhibition in Munich in 2023 was a success. We are delighted to have strengthened our position in Europe and to have established promising business relationships with international customers. In addition, the exchange of ideas and experiences with other professionals gave us valuable insight into emerging trends and best practices in our industry.<\/span><\/p>","protected":false},"excerpt":{"rendered":"<p>La feria Transport Logistics de Munich, celebrada cada dos a\u00f1os, es reconocida como el evento m\u00e1s importante en el \u00e1mbito del transporte y la log\u00edstica a nivel europeo. Como empresa internacional del sector, consideramos este encuentro una oportunidad invaluable para mostrar nuestras soluciones innovadoras y fortalecer nuestras relaciones con clientes actuales y potenciales de todo [&hellip;]<\/p>\n","protected":false},"author":1,"featured_media":15890,"comment_status":"open","ping_status":"open","sticky":false,"template":"","format":"standard","meta":{"site-sidebar-layout":"default","site-content-layout":"default","ast-site-content-layout":"default","site-content-style":"default","site-sidebar-style":"default","ast-global-header-display":"","ast-banner-title-visibility":"","ast-main-header-display":"","ast-hfb-above-header-display":"","ast-hfb-below-header-display":"","ast-hfb-mobile-header-display":"","site-post-title":"","ast-breadcrumbs-content":"","ast-featured-img":"","footer-sml-layout":"","ast-disable-related-posts":"","theme-transparent-header-meta":"default","adv-header-id-meta":"","stick-header-meta":"","header-above-stick-meta":"","header-main-stick-meta":"","header-below-stick-meta":"","astra-migrate-meta-layouts":"default","ast-page-background-enabled":"default","ast-page-background-meta":{"desktop":{"background-color":"","background-image":"","background-repeat":"repeat","background-position":"center center","background-size":"auto","background-attachment":"scroll","background-type":"","background-media":"","overlay-type":"","overlay-color":"","overlay-opacity":"","overlay-gradient":""},"tablet":{"background-color":"","background-image":"","background-repeat":"repeat","background-position":"center center","background-size":"auto","background-attachment":"scroll","background-type":"","background-media":"","overlay-type":"","overlay-color":"","overlay-opacity":"","overlay-gradient":""},"mobile":{"background-color":"","background-image":"","background-repeat":"repeat","background-position":"center center","background-size":"auto","background-attachment":"scroll","background-type":"","background-media":"","overlay-type":"","overlay-color":"","overlay-opacity":"","overlay-gradient":""}},"ast-content-background-meta":{"desktop":{"background-color":"var(--ast-global-color-5)","background-image":"","background-repeat":"repeat","background-position":"center center","background-size":"auto","background-attachment":"scroll","background-type":"","background-media":"","overlay-type":"","overlay-color":"","overlay-opacity":"","overlay-gradient":""},"tablet":{"background-color":"var(--ast-global-color-5)","background-image":"","background-repeat":"repeat","background-position":"center center","background-size":"auto","background-attachment":"scroll","background-type":"","background-media":"","overlay-type":"","overlay-color":"","overlay-opacity":"","overlay-gradient":""},"mobile":{"background-color":"var(--ast-global-color-5)","background-image":"","background-repeat":"repeat","background-position":"center center","background-size":"auto","background-attachment":"scroll","background-type":"","background-media":"","overlay-type":"","overlay-color":"","overlay-opacity":"","overlay-gradient":""}},"footnotes":""},"categories":[1],"tags":[],"class_list":["post-15888","post","type-post","status-publish","format-standard","has-post-thumbnail","hentry","category-uncategorized"],"yoast_head":"<!-- This site is optimized with the Yoast SEO plugin v27.3 - https:\/\/yoast.com\/product\/yoast-seo-wordpress\/ -->\n<title>La Transport Logistics de Munich ha sido un \u00e9xito - Calsina Carr\u00e9 Transports &amp; Logistics<\/title>\n<meta name=\"robots\" content=\"index, follow, max-snippet:-1, max-image-preview:large, max-video-preview:-1\" \/>\n<link rel=\"canonical\" href=\"https:\/\/www.calsina-carre.com\/en\/la-feria-transport-logistics-de-munich-2023-ha-sido-un-exito\/\" \/>\n<meta property=\"og:locale\" content=\"en_US\" \/>\n<meta property=\"og:type\" content=\"article\" \/>\n<meta property=\"og:title\" content=\"La Transport Logistics de Munich ha sido un \u00e9xito - Calsina Carr\u00e9 Transports &amp; Logistics\" \/>\n<meta property=\"og:description\" content=\"La feria Transport Logistics de Munich, celebrada cada dos a\u00f1os, es reconocida como el evento m\u00e1s importante en el \u00e1mbito del transporte y la log\u00edstica a nivel europeo. Como empresa internacional del sector, consideramos este encuentro una oportunidad invaluable para mostrar nuestras soluciones innovadoras y fortalecer nuestras relaciones con clientes actuales y potenciales de todo [&hellip;]\" \/>\n<meta property=\"og:url\" content=\"https:\/\/www.calsina-carre.com\/en\/la-feria-transport-logistics-de-munich-2023-ha-sido-un-exito\/\" \/>\n<meta property=\"og:site_name\" content=\"Calsina Carr\u00e9 Transports &amp; Logistics\" \/>\n<meta property=\"article:published_time\" content=\"2023-05-15T08:34:04+00:00\" \/>\n<meta property=\"article:modified_time\" content=\"2023-06-14T06:34:13+00:00\" \/>\n<meta property=\"og:image\" content=\"https:\/\/www.calsina-carre.com\/wp-content\/uploads\/2023\/06\/Calsina-Carre-Fira-Munich-2023_5.jpg\" \/>\n\t<meta property=\"og:image:width\" content=\"1200\" \/>\n\t<meta property=\"og:image:height\" content=\"956\" \/>\n\t<meta property=\"og:image:type\" content=\"image\/jpeg\" \/>\n<meta name=\"author\" content=\"Calsina Carr\u00e9\" \/>\n<meta name=\"twitter:card\" content=\"summary_large_image\" \/>\n<meta name=\"twitter:label1\" content=\"Written by\" \/>\n\t<meta name=\"twitter:data1\" content=\"Calsina Carr\u00e9\" \/>\n\t<meta name=\"twitter:label2\" content=\"Est. reading time\" \/>\n\t<meta name=\"twitter:data2\" content=\"2 minutes\" \/>\n<script type=\"application\/ld+json\" class=\"yoast-schema-graph\">{\"@context\":\"https:\\\/\\\/schema.org\",\"@graph\":[{\"@type\":\"Article\",\"@id\":\"https:\\\/\\\/www.calsina-carre.com\\\/la-feria-transport-logistics-de-munich-2023-ha-sido-un-exito\\\/#article\",\"isPartOf\":{\"@id\":\"https:\\\/\\\/www.calsina-carre.com\\\/la-feria-transport-logistics-de-munich-2023-ha-sido-un-exito\\\/\"},\"author\":{\"name\":\"Calsina Carr\u00e9\",\"@id\":\"https:\\\/\\\/www.calsina-carre.com\\\/ca\\\/#\\\/schema\\\/person\\\/3cbd8ef4b950cf6ef4ee81537a02486e\"},\"headline\":\"La Transport Logistics de Munich ha sido un \u00e9xito\",\"datePublished\":\"2023-05-15T08:34:04+00:00\",\"dateModified\":\"2023-06-14T06:34:13+00:00\",\"mainEntityOfPage\":{\"@id\":\"https:\\\/\\\/www.calsina-carre.com\\\/la-feria-transport-logistics-de-munich-2023-ha-sido-un-exito\\\/\"},\"wordCount\":434,\"commentCount\":0,\"publisher\":{\"@id\":\"https:\\\/\\\/www.calsina-carre.com\\\/ca\\\/#organization\"},\"image\":{\"@id\":\"https:\\\/\\\/www.calsina-carre.com\\\/la-feria-transport-logistics-de-munich-2023-ha-sido-un-exito\\\/#primaryimage\"},\"thumbnailUrl\":\"https:\\\/\\\/www.calsina-carre.com\\\/wp-content\\\/uploads\\\/2023\\\/06\\\/Calsina-Carre-Fira-Munich-2023_5.jpg\",\"inLanguage\":\"en-US\",\"potentialAction\":[{\"@type\":\"CommentAction\",\"name\":\"Comment\",\"target\":[\"https:\\\/\\\/www.calsina-carre.com\\\/la-feria-transport-logistics-de-munich-2023-ha-sido-un-exito\\\/#respond\"]}]},{\"@type\":\"WebPage\",\"@id\":\"https:\\\/\\\/www.calsina-carre.com\\\/la-feria-transport-logistics-de-munich-2023-ha-sido-un-exito\\\/\",\"url\":\"https:\\\/\\\/www.calsina-carre.com\\\/la-feria-transport-logistics-de-munich-2023-ha-sido-un-exito\\\/\",\"name\":\"La Transport Logistics de Munich ha sido un \u00e9xito - Calsina Carr\u00e9 Transports &amp; Logistics\",\"isPartOf\":{\"@id\":\"https:\\\/\\\/www.calsina-carre.com\\\/ca\\\/#website\"},\"primaryImageOfPage\":{\"@id\":\"https:\\\/\\\/www.calsina-carre.com\\\/la-feria-transport-logistics-de-munich-2023-ha-sido-un-exito\\\/#primaryimage\"},\"image\":{\"@id\":\"https:\\\/\\\/www.calsina-carre.com\\\/la-feria-transport-logistics-de-munich-2023-ha-sido-un-exito\\\/#primaryimage\"},\"thumbnailUrl\":\"https:\\\/\\\/www.calsina-carre.com\\\/wp-content\\\/uploads\\\/2023\\\/06\\\/Calsina-Carre-Fira-Munich-2023_5.jpg\",\"datePublished\":\"2023-05-15T08:34:04+00:00\",\"dateModified\":\"2023-06-14T06:34:13+00:00\",\"breadcrumb\":{\"@id\":\"https:\\\/\\\/www.calsina-carre.com\\\/la-feria-transport-logistics-de-munich-2023-ha-sido-un-exito\\\/#breadcrumb\"},\"inLanguage\":\"en-US\",\"potentialAction\":[{\"@type\":\"ReadAction\",\"target\":[\"https:\\\/\\\/www.calsina-carre.com\\\/la-feria-transport-logistics-de-munich-2023-ha-sido-un-exito\\\/\"]}]},{\"@type\":\"ImageObject\",\"inLanguage\":\"en-US\",\"@id\":\"https:\\\/\\\/www.calsina-carre.com\\\/la-feria-transport-logistics-de-munich-2023-ha-sido-un-exito\\\/#primaryimage\",\"url\":\"https:\\\/\\\/www.calsina-carre.com\\\/wp-content\\\/uploads\\\/2023\\\/06\\\/Calsina-Carre-Fira-Munich-2023_5.jpg\",\"contentUrl\":\"https:\\\/\\\/www.calsina-carre.com\\\/wp-content\\\/uploads\\\/2023\\\/06\\\/Calsina-Carre-Fira-Munich-2023_5.jpg\",\"width\":1200,\"height\":956},{\"@type\":\"BreadcrumbList\",\"@id\":\"https:\\\/\\\/www.calsina-carre.com\\\/la-feria-transport-logistics-de-munich-2023-ha-sido-un-exito\\\/#breadcrumb\",\"itemListElement\":[{\"@type\":\"ListItem\",\"position\":1,\"name\":\"Portada\",\"item\":\"https:\\\/\\\/www.calsina-carre.com\\\/\"},{\"@type\":\"ListItem\",\"position\":2,\"name\":\"La Transport Logistics de Munich ha sido un \u00e9xito\"}]},{\"@type\":\"WebSite\",\"@id\":\"https:\\\/\\\/www.calsina-carre.com\\\/ca\\\/#website\",\"url\":\"https:\\\/\\\/www.calsina-carre.com\\\/ca\\\/\",\"name\":\"Calsina Carr\u00e9 Transports &amp; Logistics\",\"description\":\"Transports &amp; Logistics\",\"publisher\":{\"@id\":\"https:\\\/\\\/www.calsina-carre.com\\\/ca\\\/#organization\"},\"potentialAction\":[{\"@type\":\"SearchAction\",\"target\":{\"@type\":\"EntryPoint\",\"urlTemplate\":\"https:\\\/\\\/www.calsina-carre.com\\\/ca\\\/?s={search_term_string}\"},\"query-input\":{\"@type\":\"PropertyValueSpecification\",\"valueRequired\":true,\"valueName\":\"search_term_string\"}}],\"inLanguage\":\"en-US\"},{\"@type\":\"Organization\",\"@id\":\"https:\\\/\\\/www.calsina-carre.com\\\/ca\\\/#organization\",\"name\":\"Calsina Carr\u00e9 Transports &amp; Logistics\",\"url\":\"https:\\\/\\\/www.calsina-carre.com\\\/ca\\\/\",\"logo\":{\"@type\":\"ImageObject\",\"inLanguage\":\"en-US\",\"@id\":\"https:\\\/\\\/www.calsina-carre.com\\\/ca\\\/#\\\/schema\\\/logo\\\/image\\\/\",\"url\":\"https:\\\/\\\/www.calsina-carre.com\\\/wp-content\\\/uploads\\\/2021\\\/01\\\/LOGO-CALSINA-CARRE.png\",\"contentUrl\":\"https:\\\/\\\/www.calsina-carre.com\\\/wp-content\\\/uploads\\\/2021\\\/01\\\/LOGO-CALSINA-CARRE.png\",\"width\":1682,\"height\":1029,\"caption\":\"Calsina Carr\u00e9 Transports &amp; Logistics\"},\"image\":{\"@id\":\"https:\\\/\\\/www.calsina-carre.com\\\/ca\\\/#\\\/schema\\\/logo\\\/image\\\/\"}},{\"@type\":\"Person\",\"@id\":\"https:\\\/\\\/www.calsina-carre.com\\\/ca\\\/#\\\/schema\\\/person\\\/3cbd8ef4b950cf6ef4ee81537a02486e\",\"name\":\"Calsina Carr\u00e9\",\"image\":{\"@type\":\"ImageObject\",\"inLanguage\":\"en-US\",\"@id\":\"https:\\\/\\\/secure.gravatar.com\\\/avatar\\\/8ff90da1f4fcc79de20b1639b0a626f31a648f299683e36c012327690f0202f6?s=96&d=mm&r=g\",\"url\":\"https:\\\/\\\/secure.gravatar.com\\\/avatar\\\/8ff90da1f4fcc79de20b1639b0a626f31a648f299683e36c012327690f0202f6?s=96&d=mm&r=g\",\"contentUrl\":\"https:\\\/\\\/secure.gravatar.com\\\/avatar\\\/8ff90da1f4fcc79de20b1639b0a626f31a648f299683e36c012327690f0202f6?s=96&d=mm&r=g\",\"caption\":\"Calsina Carr\u00e9\"},\"url\":\"https:\\\/\\\/www.calsina-carre.com\\\/en\\\/author\\\/ffapt\\\/\"}]}<\/script>\n<!-- \/ Yoast SEO plugin. -->","yoast_head_json":{"title":"La Transport Logistics de Munich ha sido un \u00e9xito - Calsina Carr\u00e9 Transports &amp; Logistics","robots":{"index":"index","follow":"follow","max-snippet":"max-snippet:-1","max-image-preview":"max-image-preview:large","max-video-preview":"max-video-preview:-1"},"canonical":"https:\/\/www.calsina-carre.com\/en\/la-feria-transport-logistics-de-munich-2023-ha-sido-un-exito\/","og_locale":"en_US","og_type":"article","og_title":"La Transport Logistics de Munich ha sido un \u00e9xito - Calsina Carr\u00e9 Transports &amp; Logistics","og_description":"La feria Transport Logistics de Munich, celebrada cada dos a\u00f1os, es reconocida como el evento m\u00e1s importante en el \u00e1mbito del transporte y la log\u00edstica a nivel europeo. Como empresa internacional del sector, consideramos este encuentro una oportunidad invaluable para mostrar nuestras soluciones innovadoras y fortalecer nuestras relaciones con clientes actuales y potenciales de todo [&hellip;]","og_url":"https:\/\/www.calsina-carre.com\/en\/la-feria-transport-logistics-de-munich-2023-ha-sido-un-exito\/","og_site_name":"Calsina Carr\u00e9 Transports &amp; Logistics","article_published_time":"2023-05-15T08:34:04+00:00","article_modified_time":"2023-06-14T06:34:13+00:00","og_image":[{"width":1200,"height":956,"url":"https:\/\/www.calsina-carre.com\/wp-content\/uploads\/2023\/06\/Calsina-Carre-Fira-Munich-2023_5.jpg","type":"image\/jpeg"}],"author":"Calsina Carr\u00e9","twitter_card":"summary_large_image","twitter_misc":{"Written by":"Calsina Carr\u00e9","Est. reading time":"2 minutes"},"schema":{"@context":"https:\/\/schema.org","@graph":[{"@type":"Article","@id":"https:\/\/www.calsina-carre.com\/la-feria-transport-logistics-de-munich-2023-ha-sido-un-exito\/#article","isPartOf":{"@id":"https:\/\/www.calsina-carre.com\/la-feria-transport-logistics-de-munich-2023-ha-sido-un-exito\/"},"author":{"name":"Calsina Carr\u00e9","@id":"https:\/\/www.calsina-carre.com\/ca\/#\/schema\/person\/3cbd8ef4b950cf6ef4ee81537a02486e"},"headline":"La Transport Logistics de Munich ha sido un \u00e9xito","datePublished":"2023-05-15T08:34:04+00:00","dateModified":"2023-06-14T06:34:13+00:00","mainEntityOfPage":{"@id":"https:\/\/www.calsina-carre.com\/la-feria-transport-logistics-de-munich-2023-ha-sido-un-exito\/"},"wordCount":434,"commentCount":0,"publisher":{"@id":"https:\/\/www.calsina-carre.com\/ca\/#organization"},"image":{"@id":"https:\/\/www.calsina-carre.com\/la-feria-transport-logistics-de-munich-2023-ha-sido-un-exito\/#primaryimage"},"thumbnailUrl":"https:\/\/www.calsina-carre.com\/wp-content\/uploads\/2023\/06\/Calsina-Carre-Fira-Munich-2023_5.jpg","inLanguage":"en-US","potentialAction":[{"@type":"CommentAction","name":"Comment","target":["https:\/\/www.calsina-carre.com\/la-feria-transport-logistics-de-munich-2023-ha-sido-un-exito\/#respond"]}]},{"@type":"WebPage","@id":"https:\/\/www.calsina-carre.com\/la-feria-transport-logistics-de-munich-2023-ha-sido-un-exito\/","url":"https:\/\/www.calsina-carre.com\/la-feria-transport-logistics-de-munich-2023-ha-sido-un-exito\/","name":"La Transport Logistics de Munich ha sido un \u00e9xito - Calsina Carr\u00e9 Transports &amp; Logistics","isPartOf":{"@id":"https:\/\/www.calsina-carre.com\/ca\/#website"},"primaryImageOfPage":{"@id":"https:\/\/www.calsina-carre.com\/la-feria-transport-logistics-de-munich-2023-ha-sido-un-exito\/#primaryimage"},"image":{"@id":"https:\/\/www.calsina-carre.com\/la-feria-transport-logistics-de-munich-2023-ha-sido-un-exito\/#primaryimage"},"thumbnailUrl":"https:\/\/www.calsina-carre.com\/wp-content\/uploads\/2023\/06\/Calsina-Carre-Fira-Munich-2023_5.jpg","datePublished":"2023-05-15T08:34:04+00:00","dateModified":"2023-06-14T06:34:13+00:00","breadcrumb":{"@id":"https:\/\/www.calsina-carre.com\/la-feria-transport-logistics-de-munich-2023-ha-sido-un-exito\/#breadcrumb"},"inLanguage":"en-US","potentialAction":[{"@type":"ReadAction","target":["https:\/\/www.calsina-carre.com\/la-feria-transport-logistics-de-munich-2023-ha-sido-un-exito\/"]}]},{"@type":"ImageObject","inLanguage":"en-US","@id":"https:\/\/www.calsina-carre.com\/la-feria-transport-logistics-de-munich-2023-ha-sido-un-exito\/#primaryimage","url":"https:\/\/www.calsina-carre.com\/wp-content\/uploads\/2023\/06\/Calsina-Carre-Fira-Munich-2023_5.jpg","contentUrl":"https:\/\/www.calsina-carre.com\/wp-content\/uploads\/2023\/06\/Calsina-Carre-Fira-Munich-2023_5.jpg","width":1200,"height":956},{"@type":"BreadcrumbList","@id":"https:\/\/www.calsina-carre.com\/la-feria-transport-logistics-de-munich-2023-ha-sido-un-exito\/#breadcrumb","itemListElement":[{"@type":"ListItem","position":1,"name":"Portada","item":"https:\/\/www.calsina-carre.com\/"},{"@type":"ListItem","position":2,"name":"La Transport Logistics de Munich ha sido un \u00e9xito"}]},{"@type":"WebSite","@id":"https:\/\/www.calsina-carre.com\/ca\/#website","url":"https:\/\/www.calsina-carre.com\/ca\/","name":"Calsina Carr\u00e9 Transports &amp; Logistics","description":"Transports &amp; Logistics","publisher":{"@id":"https:\/\/www.calsina-carre.com\/ca\/#organization"},"potentialAction":[{"@type":"SearchAction","target":{"@type":"EntryPoint","urlTemplate":"https:\/\/www.calsina-carre.com\/ca\/?s={search_term_string}"},"query-input":{"@type":"PropertyValueSpecification","valueRequired":true,"valueName":"search_term_string"}}],"inLanguage":"en-US"},{"@type":"Organization","@id":"https:\/\/www.calsina-carre.com\/ca\/#organization","name":"Calsina Carr\u00e9 Transports &amp; Logistics","url":"https:\/\/www.calsina-carre.com\/ca\/","logo":{"@type":"ImageObject","inLanguage":"en-US","@id":"https:\/\/www.calsina-carre.com\/ca\/#\/schema\/logo\/image\/","url":"https:\/\/www.calsina-carre.com\/wp-content\/uploads\/2021\/01\/LOGO-CALSINA-CARRE.png","contentUrl":"https:\/\/www.calsina-carre.com\/wp-content\/uploads\/2021\/01\/LOGO-CALSINA-CARRE.png","width":1682,"height":1029,"caption":"Calsina Carr\u00e9 Transports &amp; Logistics"},"image":{"@id":"https:\/\/www.calsina-carre.com\/ca\/#\/schema\/logo\/image\/"}},{"@type":"Person","@id":"https:\/\/www.calsina-carre.com\/ca\/#\/schema\/person\/3cbd8ef4b950cf6ef4ee81537a02486e","name":"Calsina Carr\u00e9","image":{"@type":"ImageObject","inLanguage":"en-US","@id":"https:\/\/secure.gravatar.com\/avatar\/8ff90da1f4fcc79de20b1639b0a626f31a648f299683e36c012327690f0202f6?s=96&d=mm&r=g","url":"https:\/\/secure.gravatar.com\/avatar\/8ff90da1f4fcc79de20b1639b0a626f31a648f299683e36c012327690f0202f6?s=96&d=mm&r=g","contentUrl":"https:\/\/secure.gravatar.com\/avatar\/8ff90da1f4fcc79de20b1639b0a626f31a648f299683e36c012327690f0202f6?s=96&d=mm&r=g","caption":"Calsina Carr\u00e9"},"url":"https:\/\/www.calsina-carre.com\/en\/author\/ffapt\/"}]}},"_links":{"self":[{"href":"https:\/\/www.calsina-carre.com\/en\/wp-json\/wp\/v2\/posts\/15888","targetHints":{"allow":["GET"]}}],"collection":[{"href":"https:\/\/www.calsina-carre.com\/en\/wp-json\/wp\/v2\/posts"}],"about":[{"href":"https:\/\/www.calsina-carre.com\/en\/wp-json\/wp\/v2\/types\/post"}],"author":[{"embeddable":true,"href":"https:\/\/www.calsina-carre.com\/en\/wp-json\/wp\/v2\/users\/1"}],"replies":[{"embeddable":true,"href":"https:\/\/www.calsina-carre.com\/en\/wp-json\/wp\/v2\/comments?post=15888"}],"version-history":[{"count":0,"href":"https:\/\/www.calsina-carre.com\/en\/wp-json\/wp\/v2\/posts\/15888\/revisions"}],"wp:featuredmedia":[{"embeddable":true,"href":"https:\/\/www.calsina-carre.com\/en\/wp-json\/wp\/v2\/media\/15890"}],"wp:attachment":[{"href":"https:\/\/www.calsina-carre.com\/en\/wp-json\/wp\/v2\/media?parent=15888"}],"wp:term":[{"taxonomy":"category","embeddable":true,"href":"https:\/\/www.calsina-carre.com\/en\/wp-json\/wp\/v2\/categories?post=15888"},{"taxonomy":"post_tag","embeddable":true,"href":"https:\/\/www.calsina-carre.com\/en\/wp-json\/wp\/v2\/tags?post=15888"}],"curies":[{"name":"wp","href":"https:\/\/api.w.org\/{rel}","templated":true}]}}