{"id":15925,"date":"2023-06-15T16:39:40","date_gmt":"2023-06-15T14:39:40","guid":{"rendered":"https:\/\/www.calsina-carre.com\/?p=15925"},"modified":"2023-09-27T08:38:37","modified_gmt":"2023-09-27T06:38:37","slug":"nuestra-participacion-como-expositores-en-un-nuevo-sil-de-cifras-record","status":"publish","type":"post","link":"https:\/\/www.calsina-carre.com\/en\/nuestra-participacion-como-expositores-en-un-nuevo-sil-de-cifras-record\/","title":{"rendered":"Our participation in SIL Barcelona 2023"},"content":{"rendered":"<p><strong>The International Logistics Exhibition (SIL) in Barcelona is one of the most important and outstanding events in the logistics sector in Southern Europe.<\/strong> As we do every year, we participated as exhibitors in this meeting with professional players from the transport, logistics, intralogistics and supply chain sectors. An event that promotes the growing and development of this activity, locally as well as globally.<\/p>\n<p>This new edition was even more special and eagerly awaited, since the fair was celebrating its 25th anniversary. It was also a success, closing <strong>the three days with record numbers of more than 15,000 visitors.\u00a0<\/strong><\/p>\n<p>Calsina Carr\u00e9 had a great presence at this edition. In addition to having its own stand as it does every year, with its team on site, it also gained visibility in the general framework of the fair:<\/p>\n<p><strong>Our CEO, Alba Carr\u00e9, received an award in recognition of Calsina Carr\u00e9's support and loyalty <\/strong>as one of SIL's most outstanding collaborators throughout its 25-year history.<\/p>\n<p>Furthermore, we had the pleasure to participate in SIL Knowledge, a space for conferences, round tables and activities related to current challenges and emerging trends in the industry. <strong>Alba Carr\u00e9, was one of the speakers<\/strong> at the round table<strong> \"Lean &amp; Green: Innovation and Keys to Sustainable Logistics\"<\/strong> organised by AECOC. On the other hand, our traffic director, <strong>Pere Carbon\u00e9s, also attended as a speaker<\/strong> at the round table about<strong> \"New Masses and Dimensions of Vehicles in Transport\"<\/strong> organised by the Spanish Shippers' Association.<\/p>\n<p>On the second day <strong>Alba Carr\u00e9 was also invited to the \"Women in Logistics Networking Cocktail\"<\/strong> which was held on the occasion of the fair's 25th anniversary, to highlight the value of women entrepreneurs in the sector.<\/p>\n<p>The evaluation of those three intense days of the current edition is very positive, as once again this year, we had the chance to give visibility and reinforce our brand image, as well as making new contacts and networking. <strong>We managed to meet up again with clients and also established new business relationships.<\/strong><\/p>\n<p>We also consider that SIL is not only an exhibition fair, as it enriches us with the conference and seminar programme where we can discuss the latest trends and advances in the logistics field.<\/p>\n<p><span style=\"font-weight: 400;\">We leave the fair feeling closer to our customers and collaborators, and also satisfied with the new relationships established. <strong>It was an absolute pleasure to reconnect with all the sector's professionals.\u00a0<\/strong><\/span><\/p>","protected":false},"excerpt":{"rendered":"<p>El Sal\u00f3n Internacional de la Log\u00edstica (SIL) de Barcelona es uno de los eventos m\u00e1s importantes y destacados del sector log\u00edstico del Sur de Europa. Como cada a\u00f1o, hemos participado como expositores en este encuentro con actores profesionales del sector del transporte, la log\u00edstica, la intralog\u00edstica y la Supply Chain. Un evento que impulsa el [&hellip;]<\/p>\n","protected":false},"author":1,"featured_media":16046,"comment_status":"open","ping_status":"open","sticky":false,"template":"","format":"standard","meta":{"site-sidebar-layout":"default","site-content-layout":"default","ast-site-content-layout":"default","site-content-style":"default","site-sidebar-style":"default","ast-global-header-display":"","ast-banner-title-visibility":"","ast-main-header-display":"","ast-hfb-above-header-display":"","ast-hfb-below-header-display":"","ast-hfb-mobile-header-display":"","site-post-title":"","ast-breadcrumbs-content":"","ast-featured-img":"","footer-sml-layout":"","ast-disable-related-posts":"","theme-transparent-header-meta":"default","adv-header-id-meta":"","stick-header-meta":"","header-above-stick-meta":"","header-main-stick-meta":"","header-below-stick-meta":"","astra-migrate-meta-layouts":"default","ast-page-background-enabled":"default","ast-page-background-meta":{"desktop":{"background-color":"","background-image":"","background-repeat":"repeat","background-position":"center center","background-size":"auto","background-attachment":"scroll","background-type":"","background-media":"","overlay-type":"","overlay-color":"","overlay-opacity":"","overlay-gradient":""},"tablet":{"background-color":"","background-image":"","background-repeat":"repeat","background-position":"center center","background-size":"auto","background-attachment":"scroll","background-type":"","background-media":"","overlay-type":"","overlay-color":"","overlay-opacity":"","overlay-gradient":""},"mobile":{"background-color":"","background-image":"","background-repeat":"repeat","background-position":"center center","background-size":"auto","background-attachment":"scroll","background-type":"","background-media":"","overlay-type":"","overlay-color":"","overlay-opacity":"","overlay-gradient":""}},"ast-content-background-meta":{"desktop":{"background-color":"var(--ast-global-color-5)","background-image":"","background-repeat":"repeat","background-position":"center center","background-size":"auto","background-attachment":"scroll","background-type":"","background-media":"","overlay-type":"","overlay-color":"","overlay-opacity":"","overlay-gradient":""},"tablet":{"background-color":"var(--ast-global-color-5)","background-image":"","background-repeat":"repeat","background-position":"center center","background-size":"auto","background-attachment":"scroll","background-type":"","background-media":"","overlay-type":"","overlay-color":"","overlay-opacity":"","overlay-gradient":""},"mobile":{"background-color":"var(--ast-global-color-5)","background-image":"","background-repeat":"repeat","background-position":"center center","background-size":"auto","background-attachment":"scroll","background-type":"","background-media":"","overlay-type":"","overlay-color":"","overlay-opacity":"","overlay-gradient":""}},"footnotes":""},"categories":[1],"tags":[],"class_list":["post-15925","post","type-post","status-publish","format-standard","has-post-thumbnail","hentry","category-uncategorized"],"yoast_head":"<!-- This site is optimized with the Yoast SEO plugin v27.3 - https:\/\/yoast.com\/product\/yoast-seo-wordpress\/ -->\n<title>Nuestro paso por el SIL Barcelona 2023 - Calsina Carr\u00e9 Transports &amp; Logistics<\/title>\n<meta name=\"robots\" content=\"index, follow, max-snippet:-1, max-image-preview:large, max-video-preview:-1\" \/>\n<link rel=\"canonical\" href=\"https:\/\/www.calsina-carre.com\/en\/nuestra-participacion-como-expositores-en-un-nuevo-sil-de-cifras-record\/\" \/>\n<meta property=\"og:locale\" content=\"en_US\" \/>\n<meta property=\"og:type\" content=\"article\" \/>\n<meta property=\"og:title\" content=\"Nuestro paso por el SIL Barcelona 2023 - Calsina Carr\u00e9 Transports &amp; Logistics\" \/>\n<meta property=\"og:description\" content=\"El Sal\u00f3n Internacional de la Log\u00edstica (SIL) de Barcelona es uno de los eventos m\u00e1s importantes y destacados del sector log\u00edstico del Sur de Europa. Como cada a\u00f1o, hemos participado como expositores en este encuentro con actores profesionales del sector del transporte, la log\u00edstica, la intralog\u00edstica y la Supply Chain. Un evento que impulsa el [&hellip;]\" \/>\n<meta property=\"og:url\" content=\"https:\/\/www.calsina-carre.com\/en\/nuestra-participacion-como-expositores-en-un-nuevo-sil-de-cifras-record\/\" \/>\n<meta property=\"og:site_name\" content=\"Calsina Carr\u00e9 Transports &amp; Logistics\" \/>\n<meta property=\"article:published_time\" content=\"2023-06-15T14:39:40+00:00\" \/>\n<meta property=\"article:modified_time\" content=\"2023-09-27T06:38:37+00:00\" \/>\n<meta property=\"og:image\" content=\"https:\/\/www.calsina-carre.com\/wp-content\/uploads\/2023\/06\/SIL-Barcelona_web.jpg\" \/>\n\t<meta property=\"og:image:width\" content=\"1800\" \/>\n\t<meta property=\"og:image:height\" content=\"1200\" \/>\n\t<meta property=\"og:image:type\" content=\"image\/jpeg\" \/>\n<meta name=\"author\" content=\"Calsina Carr\u00e9\" \/>\n<meta name=\"twitter:card\" content=\"summary_large_image\" \/>\n<meta name=\"twitter:label1\" content=\"Written by\" \/>\n\t<meta name=\"twitter:data1\" content=\"Calsina Carr\u00e9\" \/>\n\t<meta name=\"twitter:label2\" content=\"Est. reading time\" \/>\n\t<meta name=\"twitter:data2\" content=\"2 minutes\" \/>\n<script type=\"application\/ld+json\" class=\"yoast-schema-graph\">{\"@context\":\"https:\\\/\\\/schema.org\",\"@graph\":[{\"@type\":\"Article\",\"@id\":\"https:\\\/\\\/www.calsina-carre.com\\\/fr\\\/nuestra-participacion-como-expositores-en-un-nuevo-sil-de-cifras-record\\\/#article\",\"isPartOf\":{\"@id\":\"https:\\\/\\\/www.calsina-carre.com\\\/fr\\\/nuestra-participacion-como-expositores-en-un-nuevo-sil-de-cifras-record\\\/\"},\"author\":{\"name\":\"Calsina Carr\u00e9\",\"@id\":\"https:\\\/\\\/www.calsina-carre.com\\\/ca\\\/#\\\/schema\\\/person\\\/3cbd8ef4b950cf6ef4ee81537a02486e\"},\"headline\":\"Nuestro paso por el SIL Barcelona 2023\",\"datePublished\":\"2023-06-15T14:39:40+00:00\",\"dateModified\":\"2023-09-27T06:38:37+00:00\",\"mainEntityOfPage\":{\"@id\":\"https:\\\/\\\/www.calsina-carre.com\\\/fr\\\/nuestra-participacion-como-expositores-en-un-nuevo-sil-de-cifras-record\\\/\"},\"wordCount\":457,\"commentCount\":0,\"publisher\":{\"@id\":\"https:\\\/\\\/www.calsina-carre.com\\\/ca\\\/#organization\"},\"image\":{\"@id\":\"https:\\\/\\\/www.calsina-carre.com\\\/fr\\\/nuestra-participacion-como-expositores-en-un-nuevo-sil-de-cifras-record\\\/#primaryimage\"},\"thumbnailUrl\":\"https:\\\/\\\/www.calsina-carre.com\\\/wp-content\\\/uploads\\\/2023\\\/06\\\/SIL-Barcelona_web.jpg\",\"inLanguage\":\"en-US\",\"potentialAction\":[{\"@type\":\"CommentAction\",\"name\":\"Comment\",\"target\":[\"https:\\\/\\\/www.calsina-carre.com\\\/fr\\\/nuestra-participacion-como-expositores-en-un-nuevo-sil-de-cifras-record\\\/#respond\"]}]},{\"@type\":\"WebPage\",\"@id\":\"https:\\\/\\\/www.calsina-carre.com\\\/fr\\\/nuestra-participacion-como-expositores-en-un-nuevo-sil-de-cifras-record\\\/\",\"url\":\"https:\\\/\\\/www.calsina-carre.com\\\/fr\\\/nuestra-participacion-como-expositores-en-un-nuevo-sil-de-cifras-record\\\/\",\"name\":\"Nuestro paso por el SIL Barcelona 2023 - Calsina Carr\u00e9 Transports &amp; Logistics\",\"isPartOf\":{\"@id\":\"https:\\\/\\\/www.calsina-carre.com\\\/ca\\\/#website\"},\"primaryImageOfPage\":{\"@id\":\"https:\\\/\\\/www.calsina-carre.com\\\/fr\\\/nuestra-participacion-como-expositores-en-un-nuevo-sil-de-cifras-record\\\/#primaryimage\"},\"image\":{\"@id\":\"https:\\\/\\\/www.calsina-carre.com\\\/fr\\\/nuestra-participacion-como-expositores-en-un-nuevo-sil-de-cifras-record\\\/#primaryimage\"},\"thumbnailUrl\":\"https:\\\/\\\/www.calsina-carre.com\\\/wp-content\\\/uploads\\\/2023\\\/06\\\/SIL-Barcelona_web.jpg\",\"datePublished\":\"2023-06-15T14:39:40+00:00\",\"dateModified\":\"2023-09-27T06:38:37+00:00\",\"breadcrumb\":{\"@id\":\"https:\\\/\\\/www.calsina-carre.com\\\/fr\\\/nuestra-participacion-como-expositores-en-un-nuevo-sil-de-cifras-record\\\/#breadcrumb\"},\"inLanguage\":\"en-US\",\"potentialAction\":[{\"@type\":\"ReadAction\",\"target\":[\"https:\\\/\\\/www.calsina-carre.com\\\/fr\\\/nuestra-participacion-como-expositores-en-un-nuevo-sil-de-cifras-record\\\/\"]}]},{\"@type\":\"ImageObject\",\"inLanguage\":\"en-US\",\"@id\":\"https:\\\/\\\/www.calsina-carre.com\\\/fr\\\/nuestra-participacion-como-expositores-en-un-nuevo-sil-de-cifras-record\\\/#primaryimage\",\"url\":\"https:\\\/\\\/www.calsina-carre.com\\\/wp-content\\\/uploads\\\/2023\\\/06\\\/SIL-Barcelona_web.jpg\",\"contentUrl\":\"https:\\\/\\\/www.calsina-carre.com\\\/wp-content\\\/uploads\\\/2023\\\/06\\\/SIL-Barcelona_web.jpg\",\"width\":1800,\"height\":1200,\"caption\":\"SIL Barcelona 2023 Calsina Carr\u00e9\"},{\"@type\":\"BreadcrumbList\",\"@id\":\"https:\\\/\\\/www.calsina-carre.com\\\/fr\\\/nuestra-participacion-como-expositores-en-un-nuevo-sil-de-cifras-record\\\/#breadcrumb\",\"itemListElement\":[{\"@type\":\"ListItem\",\"position\":1,\"name\":\"Portada\",\"item\":\"https:\\\/\\\/www.calsina-carre.com\\\/\"},{\"@type\":\"ListItem\",\"position\":2,\"name\":\"Nuestro paso por el SIL Barcelona 2023\"}]},{\"@type\":\"WebSite\",\"@id\":\"https:\\\/\\\/www.calsina-carre.com\\\/ca\\\/#website\",\"url\":\"https:\\\/\\\/www.calsina-carre.com\\\/ca\\\/\",\"name\":\"Calsina Carr\u00e9 Transports &amp; Logistics\",\"description\":\"Transports &amp; Logistics\",\"publisher\":{\"@id\":\"https:\\\/\\\/www.calsina-carre.com\\\/ca\\\/#organization\"},\"potentialAction\":[{\"@type\":\"SearchAction\",\"target\":{\"@type\":\"EntryPoint\",\"urlTemplate\":\"https:\\\/\\\/www.calsina-carre.com\\\/ca\\\/?s={search_term_string}\"},\"query-input\":{\"@type\":\"PropertyValueSpecification\",\"valueRequired\":true,\"valueName\":\"search_term_string\"}}],\"inLanguage\":\"en-US\"},{\"@type\":\"Organization\",\"@id\":\"https:\\\/\\\/www.calsina-carre.com\\\/ca\\\/#organization\",\"name\":\"Calsina Carr\u00e9 Transports &amp; Logistics\",\"url\":\"https:\\\/\\\/www.calsina-carre.com\\\/ca\\\/\",\"logo\":{\"@type\":\"ImageObject\",\"inLanguage\":\"en-US\",\"@id\":\"https:\\\/\\\/www.calsina-carre.com\\\/ca\\\/#\\\/schema\\\/logo\\\/image\\\/\",\"url\":\"https:\\\/\\\/www.calsina-carre.com\\\/wp-content\\\/uploads\\\/2021\\\/01\\\/LOGO-CALSINA-CARRE.png\",\"contentUrl\":\"https:\\\/\\\/www.calsina-carre.com\\\/wp-content\\\/uploads\\\/2021\\\/01\\\/LOGO-CALSINA-CARRE.png\",\"width\":1682,\"height\":1029,\"caption\":\"Calsina Carr\u00e9 Transports &amp; Logistics\"},\"image\":{\"@id\":\"https:\\\/\\\/www.calsina-carre.com\\\/ca\\\/#\\\/schema\\\/logo\\\/image\\\/\"}},{\"@type\":\"Person\",\"@id\":\"https:\\\/\\\/www.calsina-carre.com\\\/ca\\\/#\\\/schema\\\/person\\\/3cbd8ef4b950cf6ef4ee81537a02486e\",\"name\":\"Calsina Carr\u00e9\",\"image\":{\"@type\":\"ImageObject\",\"inLanguage\":\"en-US\",\"@id\":\"https:\\\/\\\/secure.gravatar.com\\\/avatar\\\/8ff90da1f4fcc79de20b1639b0a626f31a648f299683e36c012327690f0202f6?s=96&d=mm&r=g\",\"url\":\"https:\\\/\\\/secure.gravatar.com\\\/avatar\\\/8ff90da1f4fcc79de20b1639b0a626f31a648f299683e36c012327690f0202f6?s=96&d=mm&r=g\",\"contentUrl\":\"https:\\\/\\\/secure.gravatar.com\\\/avatar\\\/8ff90da1f4fcc79de20b1639b0a626f31a648f299683e36c012327690f0202f6?s=96&d=mm&r=g\",\"caption\":\"Calsina Carr\u00e9\"},\"url\":\"https:\\\/\\\/www.calsina-carre.com\\\/en\\\/author\\\/ffapt\\\/\"}]}<\/script>\n<!-- \/ Yoast SEO plugin. -->","yoast_head_json":{"title":"Nuestro paso por el SIL Barcelona 2023 - Calsina Carr\u00e9 Transports &amp; Logistics","robots":{"index":"index","follow":"follow","max-snippet":"max-snippet:-1","max-image-preview":"max-image-preview:large","max-video-preview":"max-video-preview:-1"},"canonical":"https:\/\/www.calsina-carre.com\/en\/nuestra-participacion-como-expositores-en-un-nuevo-sil-de-cifras-record\/","og_locale":"en_US","og_type":"article","og_title":"Nuestro paso por el SIL Barcelona 2023 - Calsina Carr\u00e9 Transports &amp; Logistics","og_description":"El Sal\u00f3n Internacional de la Log\u00edstica (SIL) de Barcelona es uno de los eventos m\u00e1s importantes y destacados del sector log\u00edstico del Sur de Europa. Como cada a\u00f1o, hemos participado como expositores en este encuentro con actores profesionales del sector del transporte, la log\u00edstica, la intralog\u00edstica y la Supply Chain. Un evento que impulsa el [&hellip;]","og_url":"https:\/\/www.calsina-carre.com\/en\/nuestra-participacion-como-expositores-en-un-nuevo-sil-de-cifras-record\/","og_site_name":"Calsina Carr\u00e9 Transports &amp; Logistics","article_published_time":"2023-06-15T14:39:40+00:00","article_modified_time":"2023-09-27T06:38:37+00:00","og_image":[{"width":1800,"height":1200,"url":"https:\/\/www.calsina-carre.com\/wp-content\/uploads\/2023\/06\/SIL-Barcelona_web.jpg","type":"image\/jpeg"}],"author":"Calsina Carr\u00e9","twitter_card":"summary_large_image","twitter_misc":{"Written by":"Calsina Carr\u00e9","Est. reading time":"2 minutes"},"schema":{"@context":"https:\/\/schema.org","@graph":[{"@type":"Article","@id":"https:\/\/www.calsina-carre.com\/fr\/nuestra-participacion-como-expositores-en-un-nuevo-sil-de-cifras-record\/#article","isPartOf":{"@id":"https:\/\/www.calsina-carre.com\/fr\/nuestra-participacion-como-expositores-en-un-nuevo-sil-de-cifras-record\/"},"author":{"name":"Calsina Carr\u00e9","@id":"https:\/\/www.calsina-carre.com\/ca\/#\/schema\/person\/3cbd8ef4b950cf6ef4ee81537a02486e"},"headline":"Nuestro paso por el SIL Barcelona 2023","datePublished":"2023-06-15T14:39:40+00:00","dateModified":"2023-09-27T06:38:37+00:00","mainEntityOfPage":{"@id":"https:\/\/www.calsina-carre.com\/fr\/nuestra-participacion-como-expositores-en-un-nuevo-sil-de-cifras-record\/"},"wordCount":457,"commentCount":0,"publisher":{"@id":"https:\/\/www.calsina-carre.com\/ca\/#organization"},"image":{"@id":"https:\/\/www.calsina-carre.com\/fr\/nuestra-participacion-como-expositores-en-un-nuevo-sil-de-cifras-record\/#primaryimage"},"thumbnailUrl":"https:\/\/www.calsina-carre.com\/wp-content\/uploads\/2023\/06\/SIL-Barcelona_web.jpg","inLanguage":"en-US","potentialAction":[{"@type":"CommentAction","name":"Comment","target":["https:\/\/www.calsina-carre.com\/fr\/nuestra-participacion-como-expositores-en-un-nuevo-sil-de-cifras-record\/#respond"]}]},{"@type":"WebPage","@id":"https:\/\/www.calsina-carre.com\/fr\/nuestra-participacion-como-expositores-en-un-nuevo-sil-de-cifras-record\/","url":"https:\/\/www.calsina-carre.com\/fr\/nuestra-participacion-como-expositores-en-un-nuevo-sil-de-cifras-record\/","name":"Nuestro paso por el SIL Barcelona 2023 - Calsina Carr\u00e9 Transports &amp; Logistics","isPartOf":{"@id":"https:\/\/www.calsina-carre.com\/ca\/#website"},"primaryImageOfPage":{"@id":"https:\/\/www.calsina-carre.com\/fr\/nuestra-participacion-como-expositores-en-un-nuevo-sil-de-cifras-record\/#primaryimage"},"image":{"@id":"https:\/\/www.calsina-carre.com\/fr\/nuestra-participacion-como-expositores-en-un-nuevo-sil-de-cifras-record\/#primaryimage"},"thumbnailUrl":"https:\/\/www.calsina-carre.com\/wp-content\/uploads\/2023\/06\/SIL-Barcelona_web.jpg","datePublished":"2023-06-15T14:39:40+00:00","dateModified":"2023-09-27T06:38:37+00:00","breadcrumb":{"@id":"https:\/\/www.calsina-carre.com\/fr\/nuestra-participacion-como-expositores-en-un-nuevo-sil-de-cifras-record\/#breadcrumb"},"inLanguage":"en-US","potentialAction":[{"@type":"ReadAction","target":["https:\/\/www.calsina-carre.com\/fr\/nuestra-participacion-como-expositores-en-un-nuevo-sil-de-cifras-record\/"]}]},{"@type":"ImageObject","inLanguage":"en-US","@id":"https:\/\/www.calsina-carre.com\/fr\/nuestra-participacion-como-expositores-en-un-nuevo-sil-de-cifras-record\/#primaryimage","url":"https:\/\/www.calsina-carre.com\/wp-content\/uploads\/2023\/06\/SIL-Barcelona_web.jpg","contentUrl":"https:\/\/www.calsina-carre.com\/wp-content\/uploads\/2023\/06\/SIL-Barcelona_web.jpg","width":1800,"height":1200,"caption":"SIL Barcelona 2023 Calsina Carr\u00e9"},{"@type":"BreadcrumbList","@id":"https:\/\/www.calsina-carre.com\/fr\/nuestra-participacion-como-expositores-en-un-nuevo-sil-de-cifras-record\/#breadcrumb","itemListElement":[{"@type":"ListItem","position":1,"name":"Portada","item":"https:\/\/www.calsina-carre.com\/"},{"@type":"ListItem","position":2,"name":"Nuestro paso por el SIL Barcelona 2023"}]},{"@type":"WebSite","@id":"https:\/\/www.calsina-carre.com\/ca\/#website","url":"https:\/\/www.calsina-carre.com\/ca\/","name":"Calsina Carr\u00e9 Transports &amp; Logistics","description":"Transports &amp; Logistics","publisher":{"@id":"https:\/\/www.calsina-carre.com\/ca\/#organization"},"potentialAction":[{"@type":"SearchAction","target":{"@type":"EntryPoint","urlTemplate":"https:\/\/www.calsina-carre.com\/ca\/?s={search_term_string}"},"query-input":{"@type":"PropertyValueSpecification","valueRequired":true,"valueName":"search_term_string"}}],"inLanguage":"en-US"},{"@type":"Organization","@id":"https:\/\/www.calsina-carre.com\/ca\/#organization","name":"Calsina Carr\u00e9 Transports &amp; Logistics","url":"https:\/\/www.calsina-carre.com\/ca\/","logo":{"@type":"ImageObject","inLanguage":"en-US","@id":"https:\/\/www.calsina-carre.com\/ca\/#\/schema\/logo\/image\/","url":"https:\/\/www.calsina-carre.com\/wp-content\/uploads\/2021\/01\/LOGO-CALSINA-CARRE.png","contentUrl":"https:\/\/www.calsina-carre.com\/wp-content\/uploads\/2021\/01\/LOGO-CALSINA-CARRE.png","width":1682,"height":1029,"caption":"Calsina Carr\u00e9 Transports &amp; Logistics"},"image":{"@id":"https:\/\/www.calsina-carre.com\/ca\/#\/schema\/logo\/image\/"}},{"@type":"Person","@id":"https:\/\/www.calsina-carre.com\/ca\/#\/schema\/person\/3cbd8ef4b950cf6ef4ee81537a02486e","name":"Calsina Carr\u00e9","image":{"@type":"ImageObject","inLanguage":"en-US","@id":"https:\/\/secure.gravatar.com\/avatar\/8ff90da1f4fcc79de20b1639b0a626f31a648f299683e36c012327690f0202f6?s=96&d=mm&r=g","url":"https:\/\/secure.gravatar.com\/avatar\/8ff90da1f4fcc79de20b1639b0a626f31a648f299683e36c012327690f0202f6?s=96&d=mm&r=g","contentUrl":"https:\/\/secure.gravatar.com\/avatar\/8ff90da1f4fcc79de20b1639b0a626f31a648f299683e36c012327690f0202f6?s=96&d=mm&r=g","caption":"Calsina Carr\u00e9"},"url":"https:\/\/www.calsina-carre.com\/en\/author\/ffapt\/"}]}},"_links":{"self":[{"href":"https:\/\/www.calsina-carre.com\/en\/wp-json\/wp\/v2\/posts\/15925","targetHints":{"allow":["GET"]}}],"collection":[{"href":"https:\/\/www.calsina-carre.com\/en\/wp-json\/wp\/v2\/posts"}],"about":[{"href":"https:\/\/www.calsina-carre.com\/en\/wp-json\/wp\/v2\/types\/post"}],"author":[{"embeddable":true,"href":"https:\/\/www.calsina-carre.com\/en\/wp-json\/wp\/v2\/users\/1"}],"replies":[{"embeddable":true,"href":"https:\/\/www.calsina-carre.com\/en\/wp-json\/wp\/v2\/comments?post=15925"}],"version-history":[{"count":0,"href":"https:\/\/www.calsina-carre.com\/en\/wp-json\/wp\/v2\/posts\/15925\/revisions"}],"wp:featuredmedia":[{"embeddable":true,"href":"https:\/\/www.calsina-carre.com\/en\/wp-json\/wp\/v2\/media\/16046"}],"wp:attachment":[{"href":"https:\/\/www.calsina-carre.com\/en\/wp-json\/wp\/v2\/media?parent=15925"}],"wp:term":[{"taxonomy":"category","embeddable":true,"href":"https:\/\/www.calsina-carre.com\/en\/wp-json\/wp\/v2\/categories?post=15925"},{"taxonomy":"post_tag","embeddable":true,"href":"https:\/\/www.calsina-carre.com\/en\/wp-json\/wp\/v2\/tags?post=15925"}],"curies":[{"name":"wp","href":"https:\/\/api.w.org\/{rel}","templated":true}]}}