{"id":16052,"date":"2023-09-20T10:58:04","date_gmt":"2023-09-20T08:58:04","guid":{"rendered":"https:\/\/www.calsina-carre.com\/?p=16052"},"modified":"2023-10-06T10:50:56","modified_gmt":"2023-10-06T08:50:56","slug":"uniendo-fuerzas-para-marruecos","status":"publish","type":"post","link":"https:\/\/www.calsina-carre.com\/en\/uniendo-fuerzas-para-marruecos\/","title":{"rendered":"Joining forces for Morocco"},"content":{"rendered":"<p class=\"translation-block\">On September 8, a <strong>devastating earthquake<\/strong> of magnitude 6.8 hit Morocco, devastating cities and towns near the Atlantic mountains and destroying the center and suburbs of <strong>Marrakech.<\/strong> A tragedy that has left more than 2,500 deaths. <strong>Our hearts go out to all the people affected<\/strong> by this natural disaster that has caused immense suffering in poor communities.<\/p>\n<p class=\"translation-block\">After receiving this terrible news, Calsina Carr\u00e9 responded quickly by placing its resources at their disposal <strong>to send from Spain and Morocco essential materials, packaged food and clothing<\/strong> to the most affected areas. In this moment of crisis,<strong> collaboration and solidarity are crucial.<\/strong> We would like to express our sincere gratitude to all the <strong>people, associations and institutions that trusted Calsina Carr\u00e9 <\/strong> to make this act of humanitarian aid possible. Without their support, our mission would not have been possible. We have <strong>worked together with local authorities <\/strong>and organizations and provided our know-how to coordinate the shipments in the<strong> most efficient way.<\/strong><\/p>\n<p class=\"translation-block\">We would especially like to highlight the involvement and  <strong>effort of the Calsina Carr\u00e9 team <\/strong> who worked tirelessly to coordinate the logistics, as well as  <strong>our members and volunteers <\/strong> who physically assisted in helping to load the solidarity supplies into the trucks; their dedication and solidarity have been inspiring.<\/p>\n<p class=\"translation-block\"><strong>Calsina Carr\u00e9 has been present in Morocco  <\/strong>for over two decades and we have had the privilege of being part of this beautiful nation and working closely with its people. This tragedy affects us deeply, therefore, with active involvement we do everything in our power  <strong>to contribute and provide support to the Moroccan community. <\/strong><\/p>\n<p class=\"translation-block\">In these difficult times, we remind that <strong>solidarity and mutual support are the values that bring us together<\/strong> as a society. <strong>Stay strong Morocco!<\/strong><\/p>\n<p><img fetchpriority=\"high\" decoding=\"async\" class=\"wp-image-16067\" src=\"https:\/\/www.calsina-carre.com\/wp-content\/uploads\/2023\/09\/ayuda-humanitaria-marruecos-web-300x229.jpg\" alt=\"Ayuda humanitaria marruecos calsina Carre\u0301\" width=\"635\" height=\"485\" srcset=\"https:\/\/www.calsina-carre.com\/wp-content\/uploads\/2023\/09\/ayuda-humanitaria-marruecos-web-300x229.jpg 300w, https:\/\/www.calsina-carre.com\/wp-content\/uploads\/2023\/09\/ayuda-humanitaria-marruecos-web-1024x780.jpg 1024w, https:\/\/www.calsina-carre.com\/wp-content\/uploads\/2023\/09\/ayuda-humanitaria-marruecos-web-768x585.jpg 768w, https:\/\/www.calsina-carre.com\/wp-content\/uploads\/2023\/09\/ayuda-humanitaria-marruecos-web-1536x1170.jpg 1536w, https:\/\/www.calsina-carre.com\/wp-content\/uploads\/2023\/09\/ayuda-humanitaria-marruecos-web-16x12.jpg 16w, https:\/\/www.calsina-carre.com\/wp-content\/uploads\/2023\/09\/ayuda-humanitaria-marruecos-web.jpg 2000w\" sizes=\"(max-width: 635px) 100vw, 635px\" \/><\/p>","protected":false},"excerpt":{"rendered":"<p>El viernes 8 de septiembre un devastador terremoto de magnitud 6,8 golpe\u00f3 Marruecos da\u00f1ando gravemente ciudades y pueblos cerca de las monta\u00f1as del Atlas y arrasando el centro y los suburbios de Marrakech. Una tragedia que ha dejado m\u00e1s 2.500 muertos. Nuestros corazones est\u00e1n con todas las personas afectadas por este desastre natural que ha [&hellip;]<\/p>\n","protected":false},"author":1,"featured_media":16053,"comment_status":"open","ping_status":"open","sticky":false,"template":"","format":"standard","meta":{"site-sidebar-layout":"default","site-content-layout":"default","ast-site-content-layout":"default","site-content-style":"default","site-sidebar-style":"default","ast-global-header-display":"","ast-banner-title-visibility":"","ast-main-header-display":"","ast-hfb-above-header-display":"","ast-hfb-below-header-display":"","ast-hfb-mobile-header-display":"","site-post-title":"","ast-breadcrumbs-content":"","ast-featured-img":"","footer-sml-layout":"","ast-disable-related-posts":"","theme-transparent-header-meta":"default","adv-header-id-meta":"","stick-header-meta":"","header-above-stick-meta":"","header-main-stick-meta":"","header-below-stick-meta":"","astra-migrate-meta-layouts":"default","ast-page-background-enabled":"default","ast-page-background-meta":{"desktop":{"background-color":"","background-image":"","background-repeat":"repeat","background-position":"center center","background-size":"auto","background-attachment":"scroll","background-type":"","background-media":"","overlay-type":"","overlay-color":"","overlay-opacity":"","overlay-gradient":""},"tablet":{"background-color":"","background-image":"","background-repeat":"repeat","background-position":"center center","background-size":"auto","background-attachment":"scroll","background-type":"","background-media":"","overlay-type":"","overlay-color":"","overlay-opacity":"","overlay-gradient":""},"mobile":{"background-color":"","background-image":"","background-repeat":"repeat","background-position":"center center","background-size":"auto","background-attachment":"scroll","background-type":"","background-media":"","overlay-type":"","overlay-color":"","overlay-opacity":"","overlay-gradient":""}},"ast-content-background-meta":{"desktop":{"background-color":"var(--ast-global-color-5)","background-image":"","background-repeat":"repeat","background-position":"center center","background-size":"auto","background-attachment":"scroll","background-type":"","background-media":"","overlay-type":"","overlay-color":"","overlay-opacity":"","overlay-gradient":""},"tablet":{"background-color":"var(--ast-global-color-5)","background-image":"","background-repeat":"repeat","background-position":"center center","background-size":"auto","background-attachment":"scroll","background-type":"","background-media":"","overlay-type":"","overlay-color":"","overlay-opacity":"","overlay-gradient":""},"mobile":{"background-color":"var(--ast-global-color-5)","background-image":"","background-repeat":"repeat","background-position":"center center","background-size":"auto","background-attachment":"scroll","background-type":"","background-media":"","overlay-type":"","overlay-color":"","overlay-opacity":"","overlay-gradient":""}},"footnotes":""},"categories":[1],"tags":[],"class_list":["post-16052","post","type-post","status-publish","format-standard","has-post-thumbnail","hentry","category-uncategorized"],"yoast_head":"<!-- This site is optimized with the Yoast SEO plugin v27.3 - https:\/\/yoast.com\/product\/yoast-seo-wordpress\/ -->\n<title>Uniendo fuerzas para Marruecos - Calsina Carr\u00e9 Transports &amp; Logistics<\/title>\n<meta name=\"robots\" content=\"index, follow, max-snippet:-1, max-image-preview:large, max-video-preview:-1\" \/>\n<link rel=\"canonical\" href=\"https:\/\/www.calsina-carre.com\/en\/uniendo-fuerzas-para-marruecos\/\" \/>\n<meta property=\"og:locale\" content=\"en_US\" \/>\n<meta property=\"og:type\" content=\"article\" \/>\n<meta property=\"og:title\" content=\"Uniendo fuerzas para Marruecos - Calsina Carr\u00e9 Transports &amp; Logistics\" \/>\n<meta property=\"og:description\" content=\"El viernes 8 de septiembre un devastador terremoto de magnitud 6,8 golpe\u00f3 Marruecos da\u00f1ando gravemente ciudades y pueblos cerca de las monta\u00f1as del Atlas y arrasando el centro y los suburbios de Marrakech. Una tragedia que ha dejado m\u00e1s 2.500 muertos. Nuestros corazones est\u00e1n con todas las personas afectadas por este desastre natural que ha [&hellip;]\" \/>\n<meta property=\"og:url\" content=\"https:\/\/www.calsina-carre.com\/en\/uniendo-fuerzas-para-marruecos\/\" \/>\n<meta property=\"og:site_name\" content=\"Calsina Carr\u00e9 Transports &amp; Logistics\" \/>\n<meta property=\"article:published_time\" content=\"2023-09-20T08:58:04+00:00\" \/>\n<meta property=\"article:modified_time\" content=\"2023-10-06T08:50:56+00:00\" \/>\n<meta property=\"og:image\" content=\"https:\/\/www.calsina-carre.com\/wp-content\/uploads\/2023\/10\/Camio-humanitari-calsina-Carre_-Figueres-marroc.jpg\" \/>\n\t<meta property=\"og:image:width\" content=\"1016\" \/>\n\t<meta property=\"og:image:height\" content=\"698\" \/>\n\t<meta property=\"og:image:type\" content=\"image\/jpeg\" \/>\n<meta name=\"author\" content=\"Calsina Carr\u00e9\" \/>\n<meta name=\"twitter:card\" content=\"summary_large_image\" \/>\n<meta name=\"twitter:label1\" content=\"Written by\" \/>\n\t<meta name=\"twitter:data1\" content=\"Calsina Carr\u00e9\" \/>\n\t<meta name=\"twitter:label2\" content=\"Est. reading time\" \/>\n\t<meta name=\"twitter:data2\" content=\"2 minutes\" \/>\n<script type=\"application\/ld+json\" class=\"yoast-schema-graph\">{\"@context\":\"https:\\\/\\\/schema.org\",\"@graph\":[{\"@type\":\"Article\",\"@id\":\"https:\\\/\\\/www.calsina-carre.com\\\/uniendo-fuerzas-para-marruecos\\\/#article\",\"isPartOf\":{\"@id\":\"https:\\\/\\\/www.calsina-carre.com\\\/uniendo-fuerzas-para-marruecos\\\/\"},\"author\":{\"name\":\"Calsina Carr\u00e9\",\"@id\":\"https:\\\/\\\/www.calsina-carre.com\\\/ca\\\/#\\\/schema\\\/person\\\/3cbd8ef4b950cf6ef4ee81537a02486e\"},\"headline\":\"Uniendo fuerzas para Marruecos\",\"datePublished\":\"2023-09-20T08:58:04+00:00\",\"dateModified\":\"2023-10-06T08:50:56+00:00\",\"mainEntityOfPage\":{\"@id\":\"https:\\\/\\\/www.calsina-carre.com\\\/uniendo-fuerzas-para-marruecos\\\/\"},\"wordCount\":325,\"commentCount\":0,\"publisher\":{\"@id\":\"https:\\\/\\\/www.calsina-carre.com\\\/ca\\\/#organization\"},\"image\":{\"@id\":\"https:\\\/\\\/www.calsina-carre.com\\\/uniendo-fuerzas-para-marruecos\\\/#primaryimage\"},\"thumbnailUrl\":\"https:\\\/\\\/www.calsina-carre.com\\\/wp-content\\\/uploads\\\/2023\\\/10\\\/Camio-humanitari-calsina-Carre_-Figueres-marroc.jpg\",\"inLanguage\":\"en-US\",\"potentialAction\":[{\"@type\":\"CommentAction\",\"name\":\"Comment\",\"target\":[\"https:\\\/\\\/www.calsina-carre.com\\\/uniendo-fuerzas-para-marruecos\\\/#respond\"]}]},{\"@type\":\"WebPage\",\"@id\":\"https:\\\/\\\/www.calsina-carre.com\\\/uniendo-fuerzas-para-marruecos\\\/\",\"url\":\"https:\\\/\\\/www.calsina-carre.com\\\/uniendo-fuerzas-para-marruecos\\\/\",\"name\":\"Uniendo fuerzas para Marruecos - Calsina Carr\u00e9 Transports &amp; Logistics\",\"isPartOf\":{\"@id\":\"https:\\\/\\\/www.calsina-carre.com\\\/ca\\\/#website\"},\"primaryImageOfPage\":{\"@id\":\"https:\\\/\\\/www.calsina-carre.com\\\/uniendo-fuerzas-para-marruecos\\\/#primaryimage\"},\"image\":{\"@id\":\"https:\\\/\\\/www.calsina-carre.com\\\/uniendo-fuerzas-para-marruecos\\\/#primaryimage\"},\"thumbnailUrl\":\"https:\\\/\\\/www.calsina-carre.com\\\/wp-content\\\/uploads\\\/2023\\\/10\\\/Camio-humanitari-calsina-Carre_-Figueres-marroc.jpg\",\"datePublished\":\"2023-09-20T08:58:04+00:00\",\"dateModified\":\"2023-10-06T08:50:56+00:00\",\"breadcrumb\":{\"@id\":\"https:\\\/\\\/www.calsina-carre.com\\\/uniendo-fuerzas-para-marruecos\\\/#breadcrumb\"},\"inLanguage\":\"en-US\",\"potentialAction\":[{\"@type\":\"ReadAction\",\"target\":[\"https:\\\/\\\/www.calsina-carre.com\\\/uniendo-fuerzas-para-marruecos\\\/\"]}]},{\"@type\":\"ImageObject\",\"inLanguage\":\"en-US\",\"@id\":\"https:\\\/\\\/www.calsina-carre.com\\\/uniendo-fuerzas-para-marruecos\\\/#primaryimage\",\"url\":\"https:\\\/\\\/www.calsina-carre.com\\\/wp-content\\\/uploads\\\/2023\\\/10\\\/Camio-humanitari-calsina-Carre_-Figueres-marroc.jpg\",\"contentUrl\":\"https:\\\/\\\/www.calsina-carre.com\\\/wp-content\\\/uploads\\\/2023\\\/10\\\/Camio-humanitari-calsina-Carre_-Figueres-marroc.jpg\",\"width\":1016,\"height\":698,\"caption\":\"Ayuda humanitaria marruecos calsina Carre\u0301\"},{\"@type\":\"BreadcrumbList\",\"@id\":\"https:\\\/\\\/www.calsina-carre.com\\\/uniendo-fuerzas-para-marruecos\\\/#breadcrumb\",\"itemListElement\":[{\"@type\":\"ListItem\",\"position\":1,\"name\":\"Portada\",\"item\":\"https:\\\/\\\/www.calsina-carre.com\\\/\"},{\"@type\":\"ListItem\",\"position\":2,\"name\":\"Uniendo fuerzas para Marruecos\"}]},{\"@type\":\"WebSite\",\"@id\":\"https:\\\/\\\/www.calsina-carre.com\\\/ca\\\/#website\",\"url\":\"https:\\\/\\\/www.calsina-carre.com\\\/ca\\\/\",\"name\":\"Calsina Carr\u00e9 Transports &amp; Logistics\",\"description\":\"Transports &amp; Logistics\",\"publisher\":{\"@id\":\"https:\\\/\\\/www.calsina-carre.com\\\/ca\\\/#organization\"},\"potentialAction\":[{\"@type\":\"SearchAction\",\"target\":{\"@type\":\"EntryPoint\",\"urlTemplate\":\"https:\\\/\\\/www.calsina-carre.com\\\/ca\\\/?s={search_term_string}\"},\"query-input\":{\"@type\":\"PropertyValueSpecification\",\"valueRequired\":true,\"valueName\":\"search_term_string\"}}],\"inLanguage\":\"en-US\"},{\"@type\":\"Organization\",\"@id\":\"https:\\\/\\\/www.calsina-carre.com\\\/ca\\\/#organization\",\"name\":\"Calsina Carr\u00e9 Transports &amp; Logistics\",\"url\":\"https:\\\/\\\/www.calsina-carre.com\\\/ca\\\/\",\"logo\":{\"@type\":\"ImageObject\",\"inLanguage\":\"en-US\",\"@id\":\"https:\\\/\\\/www.calsina-carre.com\\\/ca\\\/#\\\/schema\\\/logo\\\/image\\\/\",\"url\":\"https:\\\/\\\/www.calsina-carre.com\\\/wp-content\\\/uploads\\\/2021\\\/01\\\/LOGO-CALSINA-CARRE.png\",\"contentUrl\":\"https:\\\/\\\/www.calsina-carre.com\\\/wp-content\\\/uploads\\\/2021\\\/01\\\/LOGO-CALSINA-CARRE.png\",\"width\":1682,\"height\":1029,\"caption\":\"Calsina Carr\u00e9 Transports &amp; Logistics\"},\"image\":{\"@id\":\"https:\\\/\\\/www.calsina-carre.com\\\/ca\\\/#\\\/schema\\\/logo\\\/image\\\/\"}},{\"@type\":\"Person\",\"@id\":\"https:\\\/\\\/www.calsina-carre.com\\\/ca\\\/#\\\/schema\\\/person\\\/3cbd8ef4b950cf6ef4ee81537a02486e\",\"name\":\"Calsina Carr\u00e9\",\"image\":{\"@type\":\"ImageObject\",\"inLanguage\":\"en-US\",\"@id\":\"https:\\\/\\\/secure.gravatar.com\\\/avatar\\\/8ff90da1f4fcc79de20b1639b0a626f31a648f299683e36c012327690f0202f6?s=96&d=mm&r=g\",\"url\":\"https:\\\/\\\/secure.gravatar.com\\\/avatar\\\/8ff90da1f4fcc79de20b1639b0a626f31a648f299683e36c012327690f0202f6?s=96&d=mm&r=g\",\"contentUrl\":\"https:\\\/\\\/secure.gravatar.com\\\/avatar\\\/8ff90da1f4fcc79de20b1639b0a626f31a648f299683e36c012327690f0202f6?s=96&d=mm&r=g\",\"caption\":\"Calsina Carr\u00e9\"},\"url\":\"https:\\\/\\\/www.calsina-carre.com\\\/en\\\/author\\\/ffapt\\\/\"}]}<\/script>\n<!-- \/ Yoast SEO plugin. -->","yoast_head_json":{"title":"Uniendo fuerzas para Marruecos - Calsina Carr\u00e9 Transports &amp; Logistics","robots":{"index":"index","follow":"follow","max-snippet":"max-snippet:-1","max-image-preview":"max-image-preview:large","max-video-preview":"max-video-preview:-1"},"canonical":"https:\/\/www.calsina-carre.com\/en\/uniendo-fuerzas-para-marruecos\/","og_locale":"en_US","og_type":"article","og_title":"Uniendo fuerzas para Marruecos - Calsina Carr\u00e9 Transports &amp; Logistics","og_description":"El viernes 8 de septiembre un devastador terremoto de magnitud 6,8 golpe\u00f3 Marruecos da\u00f1ando gravemente ciudades y pueblos cerca de las monta\u00f1as del Atlas y arrasando el centro y los suburbios de Marrakech. Una tragedia que ha dejado m\u00e1s 2.500 muertos. Nuestros corazones est\u00e1n con todas las personas afectadas por este desastre natural que ha [&hellip;]","og_url":"https:\/\/www.calsina-carre.com\/en\/uniendo-fuerzas-para-marruecos\/","og_site_name":"Calsina Carr\u00e9 Transports &amp; Logistics","article_published_time":"2023-09-20T08:58:04+00:00","article_modified_time":"2023-10-06T08:50:56+00:00","og_image":[{"width":1016,"height":698,"url":"https:\/\/www.calsina-carre.com\/wp-content\/uploads\/2023\/10\/Camio-humanitari-calsina-Carre_-Figueres-marroc.jpg","type":"image\/jpeg"}],"author":"Calsina Carr\u00e9","twitter_card":"summary_large_image","twitter_misc":{"Written by":"Calsina Carr\u00e9","Est. reading time":"2 minutes"},"schema":{"@context":"https:\/\/schema.org","@graph":[{"@type":"Article","@id":"https:\/\/www.calsina-carre.com\/uniendo-fuerzas-para-marruecos\/#article","isPartOf":{"@id":"https:\/\/www.calsina-carre.com\/uniendo-fuerzas-para-marruecos\/"},"author":{"name":"Calsina Carr\u00e9","@id":"https:\/\/www.calsina-carre.com\/ca\/#\/schema\/person\/3cbd8ef4b950cf6ef4ee81537a02486e"},"headline":"Uniendo fuerzas para Marruecos","datePublished":"2023-09-20T08:58:04+00:00","dateModified":"2023-10-06T08:50:56+00:00","mainEntityOfPage":{"@id":"https:\/\/www.calsina-carre.com\/uniendo-fuerzas-para-marruecos\/"},"wordCount":325,"commentCount":0,"publisher":{"@id":"https:\/\/www.calsina-carre.com\/ca\/#organization"},"image":{"@id":"https:\/\/www.calsina-carre.com\/uniendo-fuerzas-para-marruecos\/#primaryimage"},"thumbnailUrl":"https:\/\/www.calsina-carre.com\/wp-content\/uploads\/2023\/10\/Camio-humanitari-calsina-Carre_-Figueres-marroc.jpg","inLanguage":"en-US","potentialAction":[{"@type":"CommentAction","name":"Comment","target":["https:\/\/www.calsina-carre.com\/uniendo-fuerzas-para-marruecos\/#respond"]}]},{"@type":"WebPage","@id":"https:\/\/www.calsina-carre.com\/uniendo-fuerzas-para-marruecos\/","url":"https:\/\/www.calsina-carre.com\/uniendo-fuerzas-para-marruecos\/","name":"Uniendo fuerzas para Marruecos - Calsina Carr\u00e9 Transports &amp; Logistics","isPartOf":{"@id":"https:\/\/www.calsina-carre.com\/ca\/#website"},"primaryImageOfPage":{"@id":"https:\/\/www.calsina-carre.com\/uniendo-fuerzas-para-marruecos\/#primaryimage"},"image":{"@id":"https:\/\/www.calsina-carre.com\/uniendo-fuerzas-para-marruecos\/#primaryimage"},"thumbnailUrl":"https:\/\/www.calsina-carre.com\/wp-content\/uploads\/2023\/10\/Camio-humanitari-calsina-Carre_-Figueres-marroc.jpg","datePublished":"2023-09-20T08:58:04+00:00","dateModified":"2023-10-06T08:50:56+00:00","breadcrumb":{"@id":"https:\/\/www.calsina-carre.com\/uniendo-fuerzas-para-marruecos\/#breadcrumb"},"inLanguage":"en-US","potentialAction":[{"@type":"ReadAction","target":["https:\/\/www.calsina-carre.com\/uniendo-fuerzas-para-marruecos\/"]}]},{"@type":"ImageObject","inLanguage":"en-US","@id":"https:\/\/www.calsina-carre.com\/uniendo-fuerzas-para-marruecos\/#primaryimage","url":"https:\/\/www.calsina-carre.com\/wp-content\/uploads\/2023\/10\/Camio-humanitari-calsina-Carre_-Figueres-marroc.jpg","contentUrl":"https:\/\/www.calsina-carre.com\/wp-content\/uploads\/2023\/10\/Camio-humanitari-calsina-Carre_-Figueres-marroc.jpg","width":1016,"height":698,"caption":"Ayuda humanitaria marruecos calsina Carre\u0301"},{"@type":"BreadcrumbList","@id":"https:\/\/www.calsina-carre.com\/uniendo-fuerzas-para-marruecos\/#breadcrumb","itemListElement":[{"@type":"ListItem","position":1,"name":"Portada","item":"https:\/\/www.calsina-carre.com\/"},{"@type":"ListItem","position":2,"name":"Uniendo fuerzas para Marruecos"}]},{"@type":"WebSite","@id":"https:\/\/www.calsina-carre.com\/ca\/#website","url":"https:\/\/www.calsina-carre.com\/ca\/","name":"Calsina Carr\u00e9 Transports &amp; Logistics","description":"Transports &amp; Logistics","publisher":{"@id":"https:\/\/www.calsina-carre.com\/ca\/#organization"},"potentialAction":[{"@type":"SearchAction","target":{"@type":"EntryPoint","urlTemplate":"https:\/\/www.calsina-carre.com\/ca\/?s={search_term_string}"},"query-input":{"@type":"PropertyValueSpecification","valueRequired":true,"valueName":"search_term_string"}}],"inLanguage":"en-US"},{"@type":"Organization","@id":"https:\/\/www.calsina-carre.com\/ca\/#organization","name":"Calsina Carr\u00e9 Transports &amp; Logistics","url":"https:\/\/www.calsina-carre.com\/ca\/","logo":{"@type":"ImageObject","inLanguage":"en-US","@id":"https:\/\/www.calsina-carre.com\/ca\/#\/schema\/logo\/image\/","url":"https:\/\/www.calsina-carre.com\/wp-content\/uploads\/2021\/01\/LOGO-CALSINA-CARRE.png","contentUrl":"https:\/\/www.calsina-carre.com\/wp-content\/uploads\/2021\/01\/LOGO-CALSINA-CARRE.png","width":1682,"height":1029,"caption":"Calsina Carr\u00e9 Transports &amp; Logistics"},"image":{"@id":"https:\/\/www.calsina-carre.com\/ca\/#\/schema\/logo\/image\/"}},{"@type":"Person","@id":"https:\/\/www.calsina-carre.com\/ca\/#\/schema\/person\/3cbd8ef4b950cf6ef4ee81537a02486e","name":"Calsina Carr\u00e9","image":{"@type":"ImageObject","inLanguage":"en-US","@id":"https:\/\/secure.gravatar.com\/avatar\/8ff90da1f4fcc79de20b1639b0a626f31a648f299683e36c012327690f0202f6?s=96&d=mm&r=g","url":"https:\/\/secure.gravatar.com\/avatar\/8ff90da1f4fcc79de20b1639b0a626f31a648f299683e36c012327690f0202f6?s=96&d=mm&r=g","contentUrl":"https:\/\/secure.gravatar.com\/avatar\/8ff90da1f4fcc79de20b1639b0a626f31a648f299683e36c012327690f0202f6?s=96&d=mm&r=g","caption":"Calsina Carr\u00e9"},"url":"https:\/\/www.calsina-carre.com\/en\/author\/ffapt\/"}]}},"_links":{"self":[{"href":"https:\/\/www.calsina-carre.com\/en\/wp-json\/wp\/v2\/posts\/16052","targetHints":{"allow":["GET"]}}],"collection":[{"href":"https:\/\/www.calsina-carre.com\/en\/wp-json\/wp\/v2\/posts"}],"about":[{"href":"https:\/\/www.calsina-carre.com\/en\/wp-json\/wp\/v2\/types\/post"}],"author":[{"embeddable":true,"href":"https:\/\/www.calsina-carre.com\/en\/wp-json\/wp\/v2\/users\/1"}],"replies":[{"embeddable":true,"href":"https:\/\/www.calsina-carre.com\/en\/wp-json\/wp\/v2\/comments?post=16052"}],"version-history":[{"count":0,"href":"https:\/\/www.calsina-carre.com\/en\/wp-json\/wp\/v2\/posts\/16052\/revisions"}],"wp:featuredmedia":[{"embeddable":true,"href":"https:\/\/www.calsina-carre.com\/en\/wp-json\/wp\/v2\/media\/16053"}],"wp:attachment":[{"href":"https:\/\/www.calsina-carre.com\/en\/wp-json\/wp\/v2\/media?parent=16052"}],"wp:term":[{"taxonomy":"category","embeddable":true,"href":"https:\/\/www.calsina-carre.com\/en\/wp-json\/wp\/v2\/categories?post=16052"},{"taxonomy":"post_tag","embeddable":true,"href":"https:\/\/www.calsina-carre.com\/en\/wp-json\/wp\/v2\/tags?post=16052"}],"curies":[{"name":"wp","href":"https:\/\/api.w.org\/{rel}","templated":true}]}}