{"id":17856,"date":"2024-12-12T12:28:49","date_gmt":"2024-12-12T11:28:49","guid":{"rendered":"https:\/\/www.calsina-carre.com\/?p=17856"},"modified":"2025-01-12T12:37:31","modified_gmt":"2025-01-12T11:37:31","slug":"incorporamos-tres-vehiculos-electricos","status":"publish","type":"post","link":"https:\/\/www.calsina-carre.com\/en\/incorporamos-tres-vehiculos-electricos\/","title":{"rendered":"We incorporate three electric vehicles"},"content":{"rendered":"<p><span style=\"font-weight: 400;\">We have added three units of the 100% electric Renault Trucks E-TECH T and have made agreements to boost them in collaboration with Frit Ravich, the leader in the production and distribution of Snacking products, and Saint-Gobain, the leading manufacturer of lightweight and sustainable construction solutions. The consolidation of this project aligns with our strong sustainable vision, which continues to focus on reducing greenhouse gas emissions, as well as technological innovation and energy efficiency in our operations.<\/span><\/p>\n<p><span style=\"font-weight: 400;\">With the implementation of these green routes, we significantly reduce our environmental impact per journey: the combined total of the three vehicles represents a reduction of 820 kg of CO\u2082 per day, equivalent to an annual saving of 205,700 kg of CO\u2082 in the atmosphere. This figure aligns with our decarbonization goals, as well as those of our partners, and responds to the demand for a reduced carbon footprint in the industry. The electric-powered tractors are ideal for domestic and medium-distance routes. In the case of Frit Ravich, the distribution will take place across Catalonia, particularly in the province of Barcelona, while for Saint-Gobain, the operation will connect its production centers, and deliveries will primarily take place in the province of Zaragoza.<\/span><\/p>\n<p><span style=\"font-weight: 400;\">In this context, Renault Trucks has been our partner for the electric project, with the Sustainable Last Mile initiative, using the RENAULT TRUCKS RT E-TECH T Electric model. This vehicle, with 490 kWh of power, operates 100% with green energy, with no NOX or particle emissions. Furthermore, it offers a smooth and silent driving experience, with optimized range and recyclable batteries.<\/span><\/p>\n<p><span style=\"font-weight: 400;\">Beyond the investment in three electric units, we also highlight the significant focus to maximize energy efficiency in our facilities : we have our own electric chargers and are self-sufficient thanks to the renewable energy generated entirely by our photovoltaic panels. This eliminates our reliance on external energy and facilitates operational optimization.<\/span><\/p>\n<p><span style=\"font-weight: 400;\">The incorporation of 100% electric vehicles adds to the set of sustainable solutions we offer as a transporter: rail transport with adapted vehicles, the use of renewable fuels such as HVO, and efficient double vehicles like the duotrainer. These solutions enable us to make significant progress in our transition towards more sustainable transport. With these initiatives, we continue to move forward in our goal to achieve NET ZERO by 2050.<\/span><\/p>","protected":false},"excerpt":{"rendered":"<p>Hemos incorporado tres unidades del 100% el\u00e9ctrico Renault Trucks E-TECH T y hemos cerrado acuerdos para impulsarlas con el l\u00edder en producci\u00f3n y distribuci\u00f3n de productos de Snacking, Frit Ravich, y el fabricante l\u00edder en soluciones constructivas ligeras y sostenibles, Saint-Gobain. La consolidaci\u00f3n de este proyecto est\u00e1 alineada con nuestra fuerte visi\u00f3n sostenible, que sigue [&hellip;]<\/p>\n","protected":false},"author":1,"featured_media":17859,"comment_status":"closed","ping_status":"open","sticky":false,"template":"","format":"standard","meta":{"site-sidebar-layout":"default","site-content-layout":"","ast-site-content-layout":"default","site-content-style":"default","site-sidebar-style":"default","ast-global-header-display":"","ast-banner-title-visibility":"","ast-main-header-display":"","ast-hfb-above-header-display":"","ast-hfb-below-header-display":"","ast-hfb-mobile-header-display":"","site-post-title":"","ast-breadcrumbs-content":"","ast-featured-img":"","footer-sml-layout":"","ast-disable-related-posts":"","theme-transparent-header-meta":"default","adv-header-id-meta":"","stick-header-meta":"","header-above-stick-meta":"","header-main-stick-meta":"","header-below-stick-meta":"","astra-migrate-meta-layouts":"set","ast-page-background-enabled":"default","ast-page-background-meta":{"desktop":{"background-color":"","background-image":"","background-repeat":"repeat","background-position":"center center","background-size":"auto","background-attachment":"scroll","background-type":"","background-media":"","overlay-type":"","overlay-color":"","overlay-opacity":"","overlay-gradient":""},"tablet":{"background-color":"","background-image":"","background-repeat":"repeat","background-position":"center center","background-size":"auto","background-attachment":"scroll","background-type":"","background-media":"","overlay-type":"","overlay-color":"","overlay-opacity":"","overlay-gradient":""},"mobile":{"background-color":"","background-image":"","background-repeat":"repeat","background-position":"center center","background-size":"auto","background-attachment":"scroll","background-type":"","background-media":"","overlay-type":"","overlay-color":"","overlay-opacity":"","overlay-gradient":""}},"ast-content-background-meta":{"desktop":{"background-color":"var(--ast-global-color-5)","background-image":"","background-repeat":"repeat","background-position":"center center","background-size":"auto","background-attachment":"scroll","background-type":"","background-media":"","overlay-type":"","overlay-color":"","overlay-opacity":"","overlay-gradient":""},"tablet":{"background-color":"var(--ast-global-color-5)","background-image":"","background-repeat":"repeat","background-position":"center center","background-size":"auto","background-attachment":"scroll","background-type":"","background-media":"","overlay-type":"","overlay-color":"","overlay-opacity":"","overlay-gradient":""},"mobile":{"background-color":"var(--ast-global-color-5)","background-image":"","background-repeat":"repeat","background-position":"center center","background-size":"auto","background-attachment":"scroll","background-type":"","background-media":"","overlay-type":"","overlay-color":"","overlay-opacity":"","overlay-gradient":""}},"footnotes":""},"categories":[1],"tags":[],"class_list":["post-17856","post","type-post","status-publish","format-standard","has-post-thumbnail","hentry","category-uncategorized"],"yoast_head":"<!-- This site is optimized with the Yoast SEO plugin v27.3 - https:\/\/yoast.com\/product\/yoast-seo-wordpress\/ -->\n<title>Incorporamos tres veh\u00edculos el\u00e9ctricos - Calsina Carr\u00e9 Transports &amp; Logistics<\/title>\n<meta name=\"robots\" content=\"index, follow, max-snippet:-1, max-image-preview:large, max-video-preview:-1\" \/>\n<link rel=\"canonical\" href=\"https:\/\/www.calsina-carre.com\/en\/incorporamos-tres-vehiculos-electricos\/\" \/>\n<meta property=\"og:locale\" content=\"en_US\" \/>\n<meta property=\"og:type\" content=\"article\" \/>\n<meta property=\"og:title\" content=\"Incorporamos tres veh\u00edculos el\u00e9ctricos - Calsina Carr\u00e9 Transports &amp; Logistics\" \/>\n<meta property=\"og:description\" content=\"Hemos incorporado tres unidades del 100% el\u00e9ctrico Renault Trucks E-TECH T y hemos cerrado acuerdos para impulsarlas con el l\u00edder en producci\u00f3n y distribuci\u00f3n de productos de Snacking, Frit Ravich, y el fabricante l\u00edder en soluciones constructivas ligeras y sostenibles, Saint-Gobain. La consolidaci\u00f3n de este proyecto est\u00e1 alineada con nuestra fuerte visi\u00f3n sostenible, que sigue [&hellip;]\" \/>\n<meta property=\"og:url\" content=\"https:\/\/www.calsina-carre.com\/en\/incorporamos-tres-vehiculos-electricos\/\" \/>\n<meta property=\"og:site_name\" content=\"Calsina Carr\u00e9 Transports &amp; Logistics\" \/>\n<meta property=\"article:published_time\" content=\"2024-12-12T11:28:49+00:00\" \/>\n<meta property=\"article:modified_time\" content=\"2025-01-12T11:37:31+00:00\" \/>\n<meta property=\"og:image\" content=\"https:\/\/www.calsina-carre.com\/wp-content\/uploads\/2024\/12\/Calsina-x-Frit-Ravich-WEB-1.jpg\" \/>\n\t<meta property=\"og:image:width\" content=\"2000\" \/>\n\t<meta property=\"og:image:height\" content=\"1333\" \/>\n\t<meta property=\"og:image:type\" content=\"image\/jpeg\" \/>\n<meta name=\"author\" content=\"Calsina Carr\u00e9\" \/>\n<meta name=\"twitter:card\" content=\"summary_large_image\" \/>\n<meta name=\"twitter:label1\" content=\"Written by\" \/>\n\t<meta name=\"twitter:data1\" content=\"Calsina Carr\u00e9\" \/>\n\t<meta name=\"twitter:label2\" content=\"Est. reading time\" \/>\n\t<meta name=\"twitter:data2\" content=\"3 minutes\" \/>\n<script type=\"application\/ld+json\" class=\"yoast-schema-graph\">{\"@context\":\"https:\\\/\\\/schema.org\",\"@graph\":[{\"@type\":\"Article\",\"@id\":\"https:\\\/\\\/www.calsina-carre.com\\\/incorporamos-tres-vehiculos-electricos\\\/#article\",\"isPartOf\":{\"@id\":\"https:\\\/\\\/www.calsina-carre.com\\\/incorporamos-tres-vehiculos-electricos\\\/\"},\"author\":{\"name\":\"Calsina Carr\u00e9\",\"@id\":\"https:\\\/\\\/www.calsina-carre.com\\\/ca\\\/#\\\/schema\\\/person\\\/3cbd8ef4b950cf6ef4ee81537a02486e\"},\"headline\":\"Incorporamos tres veh\u00edculos el\u00e9ctricos\",\"datePublished\":\"2024-12-12T11:28:49+00:00\",\"dateModified\":\"2025-01-12T11:37:31+00:00\",\"mainEntityOfPage\":{\"@id\":\"https:\\\/\\\/www.calsina-carre.com\\\/incorporamos-tres-vehiculos-electricos\\\/\"},\"wordCount\":448,\"publisher\":{\"@id\":\"https:\\\/\\\/www.calsina-carre.com\\\/ca\\\/#organization\"},\"image\":{\"@id\":\"https:\\\/\\\/www.calsina-carre.com\\\/incorporamos-tres-vehiculos-electricos\\\/#primaryimage\"},\"thumbnailUrl\":\"https:\\\/\\\/www.calsina-carre.com\\\/wp-content\\\/uploads\\\/2024\\\/12\\\/Calsina-x-Frit-Ravich-WEB-1.jpg\",\"inLanguage\":\"en-US\"},{\"@type\":\"WebPage\",\"@id\":\"https:\\\/\\\/www.calsina-carre.com\\\/incorporamos-tres-vehiculos-electricos\\\/\",\"url\":\"https:\\\/\\\/www.calsina-carre.com\\\/incorporamos-tres-vehiculos-electricos\\\/\",\"name\":\"Incorporamos tres veh\u00edculos el\u00e9ctricos - Calsina Carr\u00e9 Transports &amp; Logistics\",\"isPartOf\":{\"@id\":\"https:\\\/\\\/www.calsina-carre.com\\\/ca\\\/#website\"},\"primaryImageOfPage\":{\"@id\":\"https:\\\/\\\/www.calsina-carre.com\\\/incorporamos-tres-vehiculos-electricos\\\/#primaryimage\"},\"image\":{\"@id\":\"https:\\\/\\\/www.calsina-carre.com\\\/incorporamos-tres-vehiculos-electricos\\\/#primaryimage\"},\"thumbnailUrl\":\"https:\\\/\\\/www.calsina-carre.com\\\/wp-content\\\/uploads\\\/2024\\\/12\\\/Calsina-x-Frit-Ravich-WEB-1.jpg\",\"datePublished\":\"2024-12-12T11:28:49+00:00\",\"dateModified\":\"2025-01-12T11:37:31+00:00\",\"breadcrumb\":{\"@id\":\"https:\\\/\\\/www.calsina-carre.com\\\/incorporamos-tres-vehiculos-electricos\\\/#breadcrumb\"},\"inLanguage\":\"en-US\",\"potentialAction\":[{\"@type\":\"ReadAction\",\"target\":[\"https:\\\/\\\/www.calsina-carre.com\\\/incorporamos-tres-vehiculos-electricos\\\/\"]}]},{\"@type\":\"ImageObject\",\"inLanguage\":\"en-US\",\"@id\":\"https:\\\/\\\/www.calsina-carre.com\\\/incorporamos-tres-vehiculos-electricos\\\/#primaryimage\",\"url\":\"https:\\\/\\\/www.calsina-carre.com\\\/wp-content\\\/uploads\\\/2024\\\/12\\\/Calsina-x-Frit-Ravich-WEB-1.jpg\",\"contentUrl\":\"https:\\\/\\\/www.calsina-carre.com\\\/wp-content\\\/uploads\\\/2024\\\/12\\\/Calsina-x-Frit-Ravich-WEB-1.jpg\",\"width\":2000,\"height\":1333,\"caption\":\"Calsina Carr\u00e9 Frit Ravich tractora el\u00e9ctrica\"},{\"@type\":\"BreadcrumbList\",\"@id\":\"https:\\\/\\\/www.calsina-carre.com\\\/incorporamos-tres-vehiculos-electricos\\\/#breadcrumb\",\"itemListElement\":[{\"@type\":\"ListItem\",\"position\":1,\"name\":\"Portada\",\"item\":\"https:\\\/\\\/www.calsina-carre.com\\\/\"},{\"@type\":\"ListItem\",\"position\":2,\"name\":\"Incorporamos tres veh\u00edculos el\u00e9ctricos\"}]},{\"@type\":\"WebSite\",\"@id\":\"https:\\\/\\\/www.calsina-carre.com\\\/ca\\\/#website\",\"url\":\"https:\\\/\\\/www.calsina-carre.com\\\/ca\\\/\",\"name\":\"Calsina Carr\u00e9 Transports &amp; Logistics\",\"description\":\"Transports &amp; Logistics\",\"publisher\":{\"@id\":\"https:\\\/\\\/www.calsina-carre.com\\\/ca\\\/#organization\"},\"potentialAction\":[{\"@type\":\"SearchAction\",\"target\":{\"@type\":\"EntryPoint\",\"urlTemplate\":\"https:\\\/\\\/www.calsina-carre.com\\\/ca\\\/?s={search_term_string}\"},\"query-input\":{\"@type\":\"PropertyValueSpecification\",\"valueRequired\":true,\"valueName\":\"search_term_string\"}}],\"inLanguage\":\"en-US\"},{\"@type\":\"Organization\",\"@id\":\"https:\\\/\\\/www.calsina-carre.com\\\/ca\\\/#organization\",\"name\":\"Calsina Carr\u00e9 Transports &amp; Logistics\",\"url\":\"https:\\\/\\\/www.calsina-carre.com\\\/ca\\\/\",\"logo\":{\"@type\":\"ImageObject\",\"inLanguage\":\"en-US\",\"@id\":\"https:\\\/\\\/www.calsina-carre.com\\\/ca\\\/#\\\/schema\\\/logo\\\/image\\\/\",\"url\":\"https:\\\/\\\/www.calsina-carre.com\\\/wp-content\\\/uploads\\\/2021\\\/01\\\/LOGO-CALSINA-CARRE.png\",\"contentUrl\":\"https:\\\/\\\/www.calsina-carre.com\\\/wp-content\\\/uploads\\\/2021\\\/01\\\/LOGO-CALSINA-CARRE.png\",\"width\":1682,\"height\":1029,\"caption\":\"Calsina Carr\u00e9 Transports &amp; Logistics\"},\"image\":{\"@id\":\"https:\\\/\\\/www.calsina-carre.com\\\/ca\\\/#\\\/schema\\\/logo\\\/image\\\/\"}},{\"@type\":\"Person\",\"@id\":\"https:\\\/\\\/www.calsina-carre.com\\\/ca\\\/#\\\/schema\\\/person\\\/3cbd8ef4b950cf6ef4ee81537a02486e\",\"name\":\"Calsina Carr\u00e9\",\"image\":{\"@type\":\"ImageObject\",\"inLanguage\":\"en-US\",\"@id\":\"https:\\\/\\\/secure.gravatar.com\\\/avatar\\\/8ff90da1f4fcc79de20b1639b0a626f31a648f299683e36c012327690f0202f6?s=96&d=mm&r=g\",\"url\":\"https:\\\/\\\/secure.gravatar.com\\\/avatar\\\/8ff90da1f4fcc79de20b1639b0a626f31a648f299683e36c012327690f0202f6?s=96&d=mm&r=g\",\"contentUrl\":\"https:\\\/\\\/secure.gravatar.com\\\/avatar\\\/8ff90da1f4fcc79de20b1639b0a626f31a648f299683e36c012327690f0202f6?s=96&d=mm&r=g\",\"caption\":\"Calsina Carr\u00e9\"},\"url\":\"https:\\\/\\\/www.calsina-carre.com\\\/en\\\/author\\\/ffapt\\\/\"}]}<\/script>\n<!-- \/ Yoast SEO plugin. -->","yoast_head_json":{"title":"Incorporamos tres veh\u00edculos el\u00e9ctricos - Calsina Carr\u00e9 Transports &amp; Logistics","robots":{"index":"index","follow":"follow","max-snippet":"max-snippet:-1","max-image-preview":"max-image-preview:large","max-video-preview":"max-video-preview:-1"},"canonical":"https:\/\/www.calsina-carre.com\/en\/incorporamos-tres-vehiculos-electricos\/","og_locale":"en_US","og_type":"article","og_title":"Incorporamos tres veh\u00edculos el\u00e9ctricos - Calsina Carr\u00e9 Transports &amp; Logistics","og_description":"Hemos incorporado tres unidades del 100% el\u00e9ctrico Renault Trucks E-TECH T y hemos cerrado acuerdos para impulsarlas con el l\u00edder en producci\u00f3n y distribuci\u00f3n de productos de Snacking, Frit Ravich, y el fabricante l\u00edder en soluciones constructivas ligeras y sostenibles, Saint-Gobain. La consolidaci\u00f3n de este proyecto est\u00e1 alineada con nuestra fuerte visi\u00f3n sostenible, que sigue [&hellip;]","og_url":"https:\/\/www.calsina-carre.com\/en\/incorporamos-tres-vehiculos-electricos\/","og_site_name":"Calsina Carr\u00e9 Transports &amp; Logistics","article_published_time":"2024-12-12T11:28:49+00:00","article_modified_time":"2025-01-12T11:37:31+00:00","og_image":[{"width":2000,"height":1333,"url":"https:\/\/www.calsina-carre.com\/wp-content\/uploads\/2024\/12\/Calsina-x-Frit-Ravich-WEB-1.jpg","type":"image\/jpeg"}],"author":"Calsina Carr\u00e9","twitter_card":"summary_large_image","twitter_misc":{"Written by":"Calsina Carr\u00e9","Est. reading time":"3 minutes"},"schema":{"@context":"https:\/\/schema.org","@graph":[{"@type":"Article","@id":"https:\/\/www.calsina-carre.com\/incorporamos-tres-vehiculos-electricos\/#article","isPartOf":{"@id":"https:\/\/www.calsina-carre.com\/incorporamos-tres-vehiculos-electricos\/"},"author":{"name":"Calsina Carr\u00e9","@id":"https:\/\/www.calsina-carre.com\/ca\/#\/schema\/person\/3cbd8ef4b950cf6ef4ee81537a02486e"},"headline":"Incorporamos tres veh\u00edculos el\u00e9ctricos","datePublished":"2024-12-12T11:28:49+00:00","dateModified":"2025-01-12T11:37:31+00:00","mainEntityOfPage":{"@id":"https:\/\/www.calsina-carre.com\/incorporamos-tres-vehiculos-electricos\/"},"wordCount":448,"publisher":{"@id":"https:\/\/www.calsina-carre.com\/ca\/#organization"},"image":{"@id":"https:\/\/www.calsina-carre.com\/incorporamos-tres-vehiculos-electricos\/#primaryimage"},"thumbnailUrl":"https:\/\/www.calsina-carre.com\/wp-content\/uploads\/2024\/12\/Calsina-x-Frit-Ravich-WEB-1.jpg","inLanguage":"en-US"},{"@type":"WebPage","@id":"https:\/\/www.calsina-carre.com\/incorporamos-tres-vehiculos-electricos\/","url":"https:\/\/www.calsina-carre.com\/incorporamos-tres-vehiculos-electricos\/","name":"Incorporamos tres veh\u00edculos el\u00e9ctricos - Calsina Carr\u00e9 Transports &amp; Logistics","isPartOf":{"@id":"https:\/\/www.calsina-carre.com\/ca\/#website"},"primaryImageOfPage":{"@id":"https:\/\/www.calsina-carre.com\/incorporamos-tres-vehiculos-electricos\/#primaryimage"},"image":{"@id":"https:\/\/www.calsina-carre.com\/incorporamos-tres-vehiculos-electricos\/#primaryimage"},"thumbnailUrl":"https:\/\/www.calsina-carre.com\/wp-content\/uploads\/2024\/12\/Calsina-x-Frit-Ravich-WEB-1.jpg","datePublished":"2024-12-12T11:28:49+00:00","dateModified":"2025-01-12T11:37:31+00:00","breadcrumb":{"@id":"https:\/\/www.calsina-carre.com\/incorporamos-tres-vehiculos-electricos\/#breadcrumb"},"inLanguage":"en-US","potentialAction":[{"@type":"ReadAction","target":["https:\/\/www.calsina-carre.com\/incorporamos-tres-vehiculos-electricos\/"]}]},{"@type":"ImageObject","inLanguage":"en-US","@id":"https:\/\/www.calsina-carre.com\/incorporamos-tres-vehiculos-electricos\/#primaryimage","url":"https:\/\/www.calsina-carre.com\/wp-content\/uploads\/2024\/12\/Calsina-x-Frit-Ravich-WEB-1.jpg","contentUrl":"https:\/\/www.calsina-carre.com\/wp-content\/uploads\/2024\/12\/Calsina-x-Frit-Ravich-WEB-1.jpg","width":2000,"height":1333,"caption":"Calsina Carr\u00e9 Frit Ravich tractora el\u00e9ctrica"},{"@type":"BreadcrumbList","@id":"https:\/\/www.calsina-carre.com\/incorporamos-tres-vehiculos-electricos\/#breadcrumb","itemListElement":[{"@type":"ListItem","position":1,"name":"Portada","item":"https:\/\/www.calsina-carre.com\/"},{"@type":"ListItem","position":2,"name":"Incorporamos tres veh\u00edculos el\u00e9ctricos"}]},{"@type":"WebSite","@id":"https:\/\/www.calsina-carre.com\/ca\/#website","url":"https:\/\/www.calsina-carre.com\/ca\/","name":"Calsina Carr\u00e9 Transports &amp; Logistics","description":"Transports &amp; Logistics","publisher":{"@id":"https:\/\/www.calsina-carre.com\/ca\/#organization"},"potentialAction":[{"@type":"SearchAction","target":{"@type":"EntryPoint","urlTemplate":"https:\/\/www.calsina-carre.com\/ca\/?s={search_term_string}"},"query-input":{"@type":"PropertyValueSpecification","valueRequired":true,"valueName":"search_term_string"}}],"inLanguage":"en-US"},{"@type":"Organization","@id":"https:\/\/www.calsina-carre.com\/ca\/#organization","name":"Calsina Carr\u00e9 Transports &amp; Logistics","url":"https:\/\/www.calsina-carre.com\/ca\/","logo":{"@type":"ImageObject","inLanguage":"en-US","@id":"https:\/\/www.calsina-carre.com\/ca\/#\/schema\/logo\/image\/","url":"https:\/\/www.calsina-carre.com\/wp-content\/uploads\/2021\/01\/LOGO-CALSINA-CARRE.png","contentUrl":"https:\/\/www.calsina-carre.com\/wp-content\/uploads\/2021\/01\/LOGO-CALSINA-CARRE.png","width":1682,"height":1029,"caption":"Calsina Carr\u00e9 Transports &amp; Logistics"},"image":{"@id":"https:\/\/www.calsina-carre.com\/ca\/#\/schema\/logo\/image\/"}},{"@type":"Person","@id":"https:\/\/www.calsina-carre.com\/ca\/#\/schema\/person\/3cbd8ef4b950cf6ef4ee81537a02486e","name":"Calsina Carr\u00e9","image":{"@type":"ImageObject","inLanguage":"en-US","@id":"https:\/\/secure.gravatar.com\/avatar\/8ff90da1f4fcc79de20b1639b0a626f31a648f299683e36c012327690f0202f6?s=96&d=mm&r=g","url":"https:\/\/secure.gravatar.com\/avatar\/8ff90da1f4fcc79de20b1639b0a626f31a648f299683e36c012327690f0202f6?s=96&d=mm&r=g","contentUrl":"https:\/\/secure.gravatar.com\/avatar\/8ff90da1f4fcc79de20b1639b0a626f31a648f299683e36c012327690f0202f6?s=96&d=mm&r=g","caption":"Calsina Carr\u00e9"},"url":"https:\/\/www.calsina-carre.com\/en\/author\/ffapt\/"}]}},"_links":{"self":[{"href":"https:\/\/www.calsina-carre.com\/en\/wp-json\/wp\/v2\/posts\/17856","targetHints":{"allow":["GET"]}}],"collection":[{"href":"https:\/\/www.calsina-carre.com\/en\/wp-json\/wp\/v2\/posts"}],"about":[{"href":"https:\/\/www.calsina-carre.com\/en\/wp-json\/wp\/v2\/types\/post"}],"author":[{"embeddable":true,"href":"https:\/\/www.calsina-carre.com\/en\/wp-json\/wp\/v2\/users\/1"}],"replies":[{"embeddable":true,"href":"https:\/\/www.calsina-carre.com\/en\/wp-json\/wp\/v2\/comments?post=17856"}],"version-history":[{"count":1,"href":"https:\/\/www.calsina-carre.com\/en\/wp-json\/wp\/v2\/posts\/17856\/revisions"}],"predecessor-version":[{"id":17857,"href":"https:\/\/www.calsina-carre.com\/en\/wp-json\/wp\/v2\/posts\/17856\/revisions\/17857"}],"wp:featuredmedia":[{"embeddable":true,"href":"https:\/\/www.calsina-carre.com\/en\/wp-json\/wp\/v2\/media\/17859"}],"wp:attachment":[{"href":"https:\/\/www.calsina-carre.com\/en\/wp-json\/wp\/v2\/media?parent=17856"}],"wp:term":[{"taxonomy":"category","embeddable":true,"href":"https:\/\/www.calsina-carre.com\/en\/wp-json\/wp\/v2\/categories?post=17856"},{"taxonomy":"post_tag","embeddable":true,"href":"https:\/\/www.calsina-carre.com\/en\/wp-json\/wp\/v2\/tags?post=17856"}],"curies":[{"name":"wp","href":"https:\/\/api.w.org\/{rel}","templated":true}]}}