{"id":18079,"date":"2025-06-02T14:12:21","date_gmt":"2025-06-02T12:12:21","guid":{"rendered":"https:\/\/www.calsina-carre.com\/?p=18079"},"modified":"2025-06-02T14:15:10","modified_gmt":"2025-06-02T12:15:10","slug":"nuevo-almacen-logistico-en-tanger-ya-operativo","status":"publish","type":"post","link":"https:\/\/www.calsina-carre.com\/en\/nuevo-almacen-logistico-en-tanger-ya-operativo\/","title":{"rendered":"New logistics warehouse in Tangier, now operational!"},"content":{"rendered":"<p class=\"translation-block\">We have been operating in Morocco for over 20 years, developing our logistics activity with a firm commitment to sustainable growth, investment in proprietary infrastructure, and the creation of local employment. Today, this trajectory places us among the top three logistics operators in the country, with a consolidated and expanding position.<\/p>\n<p class=\"translation-block\">Over these two decades, we have built a solid network including our own fleet and warehouses, a local team of over 80 professionals, 150 in-house drivers, and specialized staff at the Port of Tangier. In addition, we have a support office in Algeciras and our own team at its port, allowing us to streamline customs processes and create operational synergies with our European fleet, thus reinforcing the connection between both shores of the Strait. This foundation has enabled us to achieve an average annual growth rate of 30%, a direct reflection of our customers' trust and the strength of our operational model.<\/p>\n<p class=\"translation-block\">In line with this evolution, we are pleased to announce the opening of our new logistics center in Tangier Automotive City (TAC2) \u2014 facilities specifically designed for advanced logistics operations. With 18,000\u202fm\u00b2 of space and capacity for up to 30,000 Euro pallets, this cutting-edge platform strengthens our presence in the region and enhances our responsiveness in key sectors such as automotive and textiles, among others.<\/p>\n<p><span style=\"font-weight: 400;\">The new warehouse features advanced, highly functional infrastructure:<\/span><\/p>\n<ul>\n<li style=\"font-weight: 400;\" aria-level=\"1\" class=\"translation-block\">22 loading docks for high-volume simultaneous operations<\/li>\n<li style=\"font-weight: 400;\" aria-level=\"1\" class=\"translation-block\">Storage height up to 11 meters, optimizing vertical capacity<\/li>\n<li style=\"font-weight: 400;\" aria-level=\"1\" class=\"translation-block\">Specialized warehouse management system (WMS). Operations and software tailored to each client's needs for precise, efficient control<\/li>\n<li style=\"font-weight: 400;\" aria-level=\"1\" class=\"translation-block\">Temperature-controlled zones available upon request<\/li>\n<li style=\"font-weight: 400;\" aria-level=\"1\" class=\"translation-block\">24\/7 access control and surveillance, reinforced with 360\u00b0 perimeter and internal video monitoring<\/li>\n<\/ul>\n<p class=\"translation-block\">In addition to its infrastructure, the center is supported by a qualified, flexible local team with extensive logistics experience, ready to provide solutions tailored to every need. This combination of technology, operational capacity, and human talent allows for efficient, personalized responses in an increasingly demanding environment.<\/p>\n<p class=\"translation-block\">The opening of this new logistics platform is a firm step in our international strategy. It not only boosts our operational capacity in Calsina Carr\u00e9 Maghreb, but also reflects our commitment to delivering close, adaptable, and high-value-added service. Morocco remains a key hub for our operations, and we will continue to invest in its potential as a logistics bridge between Europe and Africa.<\/p>\n<p><b>We keep moving forward, we keep growing. Always close to our clients.<\/b><\/p>","protected":false},"excerpt":{"rendered":"<p>En Calsina Carr\u00e9, llevamos m\u00e1s de 20 a\u00f1os operando en Marruecos, desarrollando nuestra actividad log\u00edstica con una apuesta firme por el crecimiento sostenido, la inversi\u00f3n en infraestructuras propias y la creaci\u00f3n de empleo local. Hoy, esa trayectoria nos sit\u00faa entre los tres principales operadores log\u00edsticos del pa\u00eds, con una posici\u00f3n consolidada y en plena expansi\u00f3n. [&hellip;]<\/p>\n","protected":false},"author":1,"featured_media":18082,"comment_status":"closed","ping_status":"open","sticky":false,"template":"","format":"standard","meta":{"site-sidebar-layout":"default","site-content-layout":"","ast-site-content-layout":"default","site-content-style":"default","site-sidebar-style":"default","ast-global-header-display":"","ast-banner-title-visibility":"","ast-main-header-display":"","ast-hfb-above-header-display":"","ast-hfb-below-header-display":"","ast-hfb-mobile-header-display":"","site-post-title":"","ast-breadcrumbs-content":"","ast-featured-img":"","footer-sml-layout":"","ast-disable-related-posts":"","theme-transparent-header-meta":"default","adv-header-id-meta":"","stick-header-meta":"","header-above-stick-meta":"","header-main-stick-meta":"","header-below-stick-meta":"","astra-migrate-meta-layouts":"set","ast-page-background-enabled":"default","ast-page-background-meta":{"desktop":{"background-color":"","background-image":"","background-repeat":"repeat","background-position":"center center","background-size":"auto","background-attachment":"scroll","background-type":"","background-media":"","overlay-type":"","overlay-color":"","overlay-opacity":"","overlay-gradient":""},"tablet":{"background-color":"","background-image":"","background-repeat":"repeat","background-position":"center center","background-size":"auto","background-attachment":"scroll","background-type":"","background-media":"","overlay-type":"","overlay-color":"","overlay-opacity":"","overlay-gradient":""},"mobile":{"background-color":"","background-image":"","background-repeat":"repeat","background-position":"center center","background-size":"auto","background-attachment":"scroll","background-type":"","background-media":"","overlay-type":"","overlay-color":"","overlay-opacity":"","overlay-gradient":""}},"ast-content-background-meta":{"desktop":{"background-color":"var(--ast-global-color-5)","background-image":"","background-repeat":"repeat","background-position":"center center","background-size":"auto","background-attachment":"scroll","background-type":"","background-media":"","overlay-type":"","overlay-color":"","overlay-opacity":"","overlay-gradient":""},"tablet":{"background-color":"var(--ast-global-color-5)","background-image":"","background-repeat":"repeat","background-position":"center center","background-size":"auto","background-attachment":"scroll","background-type":"","background-media":"","overlay-type":"","overlay-color":"","overlay-opacity":"","overlay-gradient":""},"mobile":{"background-color":"var(--ast-global-color-5)","background-image":"","background-repeat":"repeat","background-position":"center center","background-size":"auto","background-attachment":"scroll","background-type":"","background-media":"","overlay-type":"","overlay-color":"","overlay-opacity":"","overlay-gradient":""}},"footnotes":""},"categories":[44],"tags":[],"class_list":["post-18079","post","type-post","status-publish","format-standard","has-post-thumbnail","hentry","category-nuevos-proyectos"],"yoast_head":"<!-- This site is optimized with the Yoast SEO plugin v27.3 - https:\/\/yoast.com\/product\/yoast-seo-wordpress\/ -->\n<title>Nuevo almac\u00e9n log\u00edstico en T\u00e1nger, \u00a1ya operativo! - Calsina Carr\u00e9 Transports &amp; Logistics<\/title>\n<meta name=\"robots\" content=\"index, follow, max-snippet:-1, max-image-preview:large, max-video-preview:-1\" \/>\n<link rel=\"canonical\" href=\"https:\/\/www.calsina-carre.com\/en\/nuevo-almacen-logistico-en-tanger-ya-operativo\/\" \/>\n<meta property=\"og:locale\" content=\"en_US\" \/>\n<meta property=\"og:type\" content=\"article\" \/>\n<meta property=\"og:title\" content=\"Nuevo almac\u00e9n log\u00edstico en T\u00e1nger, \u00a1ya operativo! - Calsina Carr\u00e9 Transports &amp; Logistics\" \/>\n<meta property=\"og:description\" content=\"En Calsina Carr\u00e9, llevamos m\u00e1s de 20 a\u00f1os operando en Marruecos, desarrollando nuestra actividad log\u00edstica con una apuesta firme por el crecimiento sostenido, la inversi\u00f3n en infraestructuras propias y la creaci\u00f3n de empleo local. Hoy, esa trayectoria nos sit\u00faa entre los tres principales operadores log\u00edsticos del pa\u00eds, con una posici\u00f3n consolidada y en plena expansi\u00f3n. [&hellip;]\" \/>\n<meta property=\"og:url\" content=\"https:\/\/www.calsina-carre.com\/en\/nuevo-almacen-logistico-en-tanger-ya-operativo\/\" \/>\n<meta property=\"og:site_name\" content=\"Calsina Carr\u00e9 Transports &amp; Logistics\" \/>\n<meta property=\"article:published_time\" content=\"2025-06-02T12:12:21+00:00\" \/>\n<meta property=\"article:modified_time\" content=\"2025-06-02T12:15:10+00:00\" \/>\n<meta property=\"og:image\" content=\"https:\/\/www.calsina-carre.com\/wp-content\/uploads\/2025\/06\/Calsina-Carre-Tanger-Vistes-V03j-F2-_-DEF_page-0001-scaled.jpg\" \/>\n\t<meta property=\"og:image:width\" content=\"2560\" \/>\n\t<meta property=\"og:image:height\" content=\"1440\" \/>\n\t<meta property=\"og:image:type\" content=\"image\/jpeg\" \/>\n<meta name=\"author\" content=\"Calsina Carr\u00e9\" \/>\n<meta name=\"twitter:card\" content=\"summary_large_image\" \/>\n<meta name=\"twitter:label1\" content=\"Written by\" \/>\n\t<meta name=\"twitter:data1\" content=\"Calsina Carr\u00e9\" \/>\n\t<meta name=\"twitter:label2\" content=\"Est. reading time\" \/>\n\t<meta name=\"twitter:data2\" content=\"3 minutes\" \/>\n<script type=\"application\/ld+json\" class=\"yoast-schema-graph\">{\"@context\":\"https:\\\/\\\/schema.org\",\"@graph\":[{\"@type\":\"Article\",\"@id\":\"https:\\\/\\\/www.calsina-carre.com\\\/nuevo-almacen-logistico-en-tanger-ya-operativo\\\/#article\",\"isPartOf\":{\"@id\":\"https:\\\/\\\/www.calsina-carre.com\\\/nuevo-almacen-logistico-en-tanger-ya-operativo\\\/\"},\"author\":{\"name\":\"Calsina Carr\u00e9\",\"@id\":\"https:\\\/\\\/www.calsina-carre.com\\\/ca\\\/#\\\/schema\\\/person\\\/3cbd8ef4b950cf6ef4ee81537a02486e\"},\"headline\":\"Nuevo almac\u00e9n log\u00edstico en T\u00e1nger, \u00a1ya operativo!\",\"datePublished\":\"2025-06-02T12:12:21+00:00\",\"dateModified\":\"2025-06-02T12:15:10+00:00\",\"mainEntityOfPage\":{\"@id\":\"https:\\\/\\\/www.calsina-carre.com\\\/nuevo-almacen-logistico-en-tanger-ya-operativo\\\/\"},\"wordCount\":472,\"publisher\":{\"@id\":\"https:\\\/\\\/www.calsina-carre.com\\\/ca\\\/#organization\"},\"image\":{\"@id\":\"https:\\\/\\\/www.calsina-carre.com\\\/nuevo-almacen-logistico-en-tanger-ya-operativo\\\/#primaryimage\"},\"thumbnailUrl\":\"https:\\\/\\\/www.calsina-carre.com\\\/wp-content\\\/uploads\\\/2025\\\/06\\\/Calsina-Carre-Tanger-Vistes-V03j-F2-_-DEF_page-0001-scaled.jpg\",\"articleSection\":[\"Nuevos proyectos\"],\"inLanguage\":\"en-US\"},{\"@type\":\"WebPage\",\"@id\":\"https:\\\/\\\/www.calsina-carre.com\\\/nuevo-almacen-logistico-en-tanger-ya-operativo\\\/\",\"url\":\"https:\\\/\\\/www.calsina-carre.com\\\/nuevo-almacen-logistico-en-tanger-ya-operativo\\\/\",\"name\":\"Nuevo almac\u00e9n log\u00edstico en T\u00e1nger, \u00a1ya operativo! - Calsina Carr\u00e9 Transports &amp; Logistics\",\"isPartOf\":{\"@id\":\"https:\\\/\\\/www.calsina-carre.com\\\/ca\\\/#website\"},\"primaryImageOfPage\":{\"@id\":\"https:\\\/\\\/www.calsina-carre.com\\\/nuevo-almacen-logistico-en-tanger-ya-operativo\\\/#primaryimage\"},\"image\":{\"@id\":\"https:\\\/\\\/www.calsina-carre.com\\\/nuevo-almacen-logistico-en-tanger-ya-operativo\\\/#primaryimage\"},\"thumbnailUrl\":\"https:\\\/\\\/www.calsina-carre.com\\\/wp-content\\\/uploads\\\/2025\\\/06\\\/Calsina-Carre-Tanger-Vistes-V03j-F2-_-DEF_page-0001-scaled.jpg\",\"datePublished\":\"2025-06-02T12:12:21+00:00\",\"dateModified\":\"2025-06-02T12:15:10+00:00\",\"breadcrumb\":{\"@id\":\"https:\\\/\\\/www.calsina-carre.com\\\/nuevo-almacen-logistico-en-tanger-ya-operativo\\\/#breadcrumb\"},\"inLanguage\":\"en-US\",\"potentialAction\":[{\"@type\":\"ReadAction\",\"target\":[\"https:\\\/\\\/www.calsina-carre.com\\\/nuevo-almacen-logistico-en-tanger-ya-operativo\\\/\"]}]},{\"@type\":\"ImageObject\",\"inLanguage\":\"en-US\",\"@id\":\"https:\\\/\\\/www.calsina-carre.com\\\/nuevo-almacen-logistico-en-tanger-ya-operativo\\\/#primaryimage\",\"url\":\"https:\\\/\\\/www.calsina-carre.com\\\/wp-content\\\/uploads\\\/2025\\\/06\\\/Calsina-Carre-Tanger-Vistes-V03j-F2-_-DEF_page-0001-scaled.jpg\",\"contentUrl\":\"https:\\\/\\\/www.calsina-carre.com\\\/wp-content\\\/uploads\\\/2025\\\/06\\\/Calsina-Carre-Tanger-Vistes-V03j-F2-_-DEF_page-0001-scaled.jpg\",\"width\":2560,\"height\":1440,\"caption\":\"nuevo almac\u00e9n Tanger Automotive City Calsina Carr\u00e9\"},{\"@type\":\"BreadcrumbList\",\"@id\":\"https:\\\/\\\/www.calsina-carre.com\\\/nuevo-almacen-logistico-en-tanger-ya-operativo\\\/#breadcrumb\",\"itemListElement\":[{\"@type\":\"ListItem\",\"position\":1,\"name\":\"Portada\",\"item\":\"https:\\\/\\\/www.calsina-carre.com\\\/\"},{\"@type\":\"ListItem\",\"position\":2,\"name\":\"Nuevo almac\u00e9n log\u00edstico en T\u00e1nger, \u00a1ya operativo!\"}]},{\"@type\":\"WebSite\",\"@id\":\"https:\\\/\\\/www.calsina-carre.com\\\/ca\\\/#website\",\"url\":\"https:\\\/\\\/www.calsina-carre.com\\\/ca\\\/\",\"name\":\"Calsina Carr\u00e9 Transports &amp; Logistics\",\"description\":\"Transports &amp; Logistics\",\"publisher\":{\"@id\":\"https:\\\/\\\/www.calsina-carre.com\\\/ca\\\/#organization\"},\"potentialAction\":[{\"@type\":\"SearchAction\",\"target\":{\"@type\":\"EntryPoint\",\"urlTemplate\":\"https:\\\/\\\/www.calsina-carre.com\\\/ca\\\/?s={search_term_string}\"},\"query-input\":{\"@type\":\"PropertyValueSpecification\",\"valueRequired\":true,\"valueName\":\"search_term_string\"}}],\"inLanguage\":\"en-US\"},{\"@type\":\"Organization\",\"@id\":\"https:\\\/\\\/www.calsina-carre.com\\\/ca\\\/#organization\",\"name\":\"Calsina Carr\u00e9 Transports &amp; Logistics\",\"url\":\"https:\\\/\\\/www.calsina-carre.com\\\/ca\\\/\",\"logo\":{\"@type\":\"ImageObject\",\"inLanguage\":\"en-US\",\"@id\":\"https:\\\/\\\/www.calsina-carre.com\\\/ca\\\/#\\\/schema\\\/logo\\\/image\\\/\",\"url\":\"https:\\\/\\\/www.calsina-carre.com\\\/wp-content\\\/uploads\\\/2021\\\/01\\\/LOGO-CALSINA-CARRE.png\",\"contentUrl\":\"https:\\\/\\\/www.calsina-carre.com\\\/wp-content\\\/uploads\\\/2021\\\/01\\\/LOGO-CALSINA-CARRE.png\",\"width\":1682,\"height\":1029,\"caption\":\"Calsina Carr\u00e9 Transports &amp; Logistics\"},\"image\":{\"@id\":\"https:\\\/\\\/www.calsina-carre.com\\\/ca\\\/#\\\/schema\\\/logo\\\/image\\\/\"}},{\"@type\":\"Person\",\"@id\":\"https:\\\/\\\/www.calsina-carre.com\\\/ca\\\/#\\\/schema\\\/person\\\/3cbd8ef4b950cf6ef4ee81537a02486e\",\"name\":\"Calsina Carr\u00e9\",\"image\":{\"@type\":\"ImageObject\",\"inLanguage\":\"en-US\",\"@id\":\"https:\\\/\\\/secure.gravatar.com\\\/avatar\\\/8ff90da1f4fcc79de20b1639b0a626f31a648f299683e36c012327690f0202f6?s=96&d=mm&r=g\",\"url\":\"https:\\\/\\\/secure.gravatar.com\\\/avatar\\\/8ff90da1f4fcc79de20b1639b0a626f31a648f299683e36c012327690f0202f6?s=96&d=mm&r=g\",\"contentUrl\":\"https:\\\/\\\/secure.gravatar.com\\\/avatar\\\/8ff90da1f4fcc79de20b1639b0a626f31a648f299683e36c012327690f0202f6?s=96&d=mm&r=g\",\"caption\":\"Calsina Carr\u00e9\"},\"url\":\"https:\\\/\\\/www.calsina-carre.com\\\/en\\\/author\\\/ffapt\\\/\"}]}<\/script>\n<!-- \/ Yoast SEO plugin. -->","yoast_head_json":{"title":"Nuevo almac\u00e9n log\u00edstico en T\u00e1nger, \u00a1ya operativo! - Calsina Carr\u00e9 Transports &amp; Logistics","robots":{"index":"index","follow":"follow","max-snippet":"max-snippet:-1","max-image-preview":"max-image-preview:large","max-video-preview":"max-video-preview:-1"},"canonical":"https:\/\/www.calsina-carre.com\/en\/nuevo-almacen-logistico-en-tanger-ya-operativo\/","og_locale":"en_US","og_type":"article","og_title":"Nuevo almac\u00e9n log\u00edstico en T\u00e1nger, \u00a1ya operativo! - Calsina Carr\u00e9 Transports &amp; Logistics","og_description":"En Calsina Carr\u00e9, llevamos m\u00e1s de 20 a\u00f1os operando en Marruecos, desarrollando nuestra actividad log\u00edstica con una apuesta firme por el crecimiento sostenido, la inversi\u00f3n en infraestructuras propias y la creaci\u00f3n de empleo local. Hoy, esa trayectoria nos sit\u00faa entre los tres principales operadores log\u00edsticos del pa\u00eds, con una posici\u00f3n consolidada y en plena expansi\u00f3n. [&hellip;]","og_url":"https:\/\/www.calsina-carre.com\/en\/nuevo-almacen-logistico-en-tanger-ya-operativo\/","og_site_name":"Calsina Carr\u00e9 Transports &amp; Logistics","article_published_time":"2025-06-02T12:12:21+00:00","article_modified_time":"2025-06-02T12:15:10+00:00","og_image":[{"width":2560,"height":1440,"url":"https:\/\/www.calsina-carre.com\/wp-content\/uploads\/2025\/06\/Calsina-Carre-Tanger-Vistes-V03j-F2-_-DEF_page-0001-scaled.jpg","type":"image\/jpeg"}],"author":"Calsina Carr\u00e9","twitter_card":"summary_large_image","twitter_misc":{"Written by":"Calsina Carr\u00e9","Est. reading time":"3 minutes"},"schema":{"@context":"https:\/\/schema.org","@graph":[{"@type":"Article","@id":"https:\/\/www.calsina-carre.com\/nuevo-almacen-logistico-en-tanger-ya-operativo\/#article","isPartOf":{"@id":"https:\/\/www.calsina-carre.com\/nuevo-almacen-logistico-en-tanger-ya-operativo\/"},"author":{"name":"Calsina Carr\u00e9","@id":"https:\/\/www.calsina-carre.com\/ca\/#\/schema\/person\/3cbd8ef4b950cf6ef4ee81537a02486e"},"headline":"Nuevo almac\u00e9n log\u00edstico en T\u00e1nger, \u00a1ya operativo!","datePublished":"2025-06-02T12:12:21+00:00","dateModified":"2025-06-02T12:15:10+00:00","mainEntityOfPage":{"@id":"https:\/\/www.calsina-carre.com\/nuevo-almacen-logistico-en-tanger-ya-operativo\/"},"wordCount":472,"publisher":{"@id":"https:\/\/www.calsina-carre.com\/ca\/#organization"},"image":{"@id":"https:\/\/www.calsina-carre.com\/nuevo-almacen-logistico-en-tanger-ya-operativo\/#primaryimage"},"thumbnailUrl":"https:\/\/www.calsina-carre.com\/wp-content\/uploads\/2025\/06\/Calsina-Carre-Tanger-Vistes-V03j-F2-_-DEF_page-0001-scaled.jpg","articleSection":["Nuevos proyectos"],"inLanguage":"en-US"},{"@type":"WebPage","@id":"https:\/\/www.calsina-carre.com\/nuevo-almacen-logistico-en-tanger-ya-operativo\/","url":"https:\/\/www.calsina-carre.com\/nuevo-almacen-logistico-en-tanger-ya-operativo\/","name":"Nuevo almac\u00e9n log\u00edstico en T\u00e1nger, \u00a1ya operativo! - Calsina Carr\u00e9 Transports &amp; Logistics","isPartOf":{"@id":"https:\/\/www.calsina-carre.com\/ca\/#website"},"primaryImageOfPage":{"@id":"https:\/\/www.calsina-carre.com\/nuevo-almacen-logistico-en-tanger-ya-operativo\/#primaryimage"},"image":{"@id":"https:\/\/www.calsina-carre.com\/nuevo-almacen-logistico-en-tanger-ya-operativo\/#primaryimage"},"thumbnailUrl":"https:\/\/www.calsina-carre.com\/wp-content\/uploads\/2025\/06\/Calsina-Carre-Tanger-Vistes-V03j-F2-_-DEF_page-0001-scaled.jpg","datePublished":"2025-06-02T12:12:21+00:00","dateModified":"2025-06-02T12:15:10+00:00","breadcrumb":{"@id":"https:\/\/www.calsina-carre.com\/nuevo-almacen-logistico-en-tanger-ya-operativo\/#breadcrumb"},"inLanguage":"en-US","potentialAction":[{"@type":"ReadAction","target":["https:\/\/www.calsina-carre.com\/nuevo-almacen-logistico-en-tanger-ya-operativo\/"]}]},{"@type":"ImageObject","inLanguage":"en-US","@id":"https:\/\/www.calsina-carre.com\/nuevo-almacen-logistico-en-tanger-ya-operativo\/#primaryimage","url":"https:\/\/www.calsina-carre.com\/wp-content\/uploads\/2025\/06\/Calsina-Carre-Tanger-Vistes-V03j-F2-_-DEF_page-0001-scaled.jpg","contentUrl":"https:\/\/www.calsina-carre.com\/wp-content\/uploads\/2025\/06\/Calsina-Carre-Tanger-Vistes-V03j-F2-_-DEF_page-0001-scaled.jpg","width":2560,"height":1440,"caption":"nuevo almac\u00e9n Tanger Automotive City Calsina Carr\u00e9"},{"@type":"BreadcrumbList","@id":"https:\/\/www.calsina-carre.com\/nuevo-almacen-logistico-en-tanger-ya-operativo\/#breadcrumb","itemListElement":[{"@type":"ListItem","position":1,"name":"Portada","item":"https:\/\/www.calsina-carre.com\/"},{"@type":"ListItem","position":2,"name":"Nuevo almac\u00e9n log\u00edstico en T\u00e1nger, \u00a1ya operativo!"}]},{"@type":"WebSite","@id":"https:\/\/www.calsina-carre.com\/ca\/#website","url":"https:\/\/www.calsina-carre.com\/ca\/","name":"Calsina Carr\u00e9 Transports &amp; Logistics","description":"Transports &amp; Logistics","publisher":{"@id":"https:\/\/www.calsina-carre.com\/ca\/#organization"},"potentialAction":[{"@type":"SearchAction","target":{"@type":"EntryPoint","urlTemplate":"https:\/\/www.calsina-carre.com\/ca\/?s={search_term_string}"},"query-input":{"@type":"PropertyValueSpecification","valueRequired":true,"valueName":"search_term_string"}}],"inLanguage":"en-US"},{"@type":"Organization","@id":"https:\/\/www.calsina-carre.com\/ca\/#organization","name":"Calsina Carr\u00e9 Transports &amp; Logistics","url":"https:\/\/www.calsina-carre.com\/ca\/","logo":{"@type":"ImageObject","inLanguage":"en-US","@id":"https:\/\/www.calsina-carre.com\/ca\/#\/schema\/logo\/image\/","url":"https:\/\/www.calsina-carre.com\/wp-content\/uploads\/2021\/01\/LOGO-CALSINA-CARRE.png","contentUrl":"https:\/\/www.calsina-carre.com\/wp-content\/uploads\/2021\/01\/LOGO-CALSINA-CARRE.png","width":1682,"height":1029,"caption":"Calsina Carr\u00e9 Transports &amp; Logistics"},"image":{"@id":"https:\/\/www.calsina-carre.com\/ca\/#\/schema\/logo\/image\/"}},{"@type":"Person","@id":"https:\/\/www.calsina-carre.com\/ca\/#\/schema\/person\/3cbd8ef4b950cf6ef4ee81537a02486e","name":"Calsina Carr\u00e9","image":{"@type":"ImageObject","inLanguage":"en-US","@id":"https:\/\/secure.gravatar.com\/avatar\/8ff90da1f4fcc79de20b1639b0a626f31a648f299683e36c012327690f0202f6?s=96&d=mm&r=g","url":"https:\/\/secure.gravatar.com\/avatar\/8ff90da1f4fcc79de20b1639b0a626f31a648f299683e36c012327690f0202f6?s=96&d=mm&r=g","contentUrl":"https:\/\/secure.gravatar.com\/avatar\/8ff90da1f4fcc79de20b1639b0a626f31a648f299683e36c012327690f0202f6?s=96&d=mm&r=g","caption":"Calsina Carr\u00e9"},"url":"https:\/\/www.calsina-carre.com\/en\/author\/ffapt\/"}]}},"_links":{"self":[{"href":"https:\/\/www.calsina-carre.com\/en\/wp-json\/wp\/v2\/posts\/18079","targetHints":{"allow":["GET"]}}],"collection":[{"href":"https:\/\/www.calsina-carre.com\/en\/wp-json\/wp\/v2\/posts"}],"about":[{"href":"https:\/\/www.calsina-carre.com\/en\/wp-json\/wp\/v2\/types\/post"}],"author":[{"embeddable":true,"href":"https:\/\/www.calsina-carre.com\/en\/wp-json\/wp\/v2\/users\/1"}],"replies":[{"embeddable":true,"href":"https:\/\/www.calsina-carre.com\/en\/wp-json\/wp\/v2\/comments?post=18079"}],"version-history":[{"count":3,"href":"https:\/\/www.calsina-carre.com\/en\/wp-json\/wp\/v2\/posts\/18079\/revisions"}],"predecessor-version":[{"id":18083,"href":"https:\/\/www.calsina-carre.com\/en\/wp-json\/wp\/v2\/posts\/18079\/revisions\/18083"}],"wp:featuredmedia":[{"embeddable":true,"href":"https:\/\/www.calsina-carre.com\/en\/wp-json\/wp\/v2\/media\/18082"}],"wp:attachment":[{"href":"https:\/\/www.calsina-carre.com\/en\/wp-json\/wp\/v2\/media?parent=18079"}],"wp:term":[{"taxonomy":"category","embeddable":true,"href":"https:\/\/www.calsina-carre.com\/en\/wp-json\/wp\/v2\/categories?post=18079"},{"taxonomy":"post_tag","embeddable":true,"href":"https:\/\/www.calsina-carre.com\/en\/wp-json\/wp\/v2\/tags?post=18079"}],"curies":[{"name":"wp","href":"https:\/\/api.w.org\/{rel}","templated":true}]}}