{"id":15546,"date":"2023-04-18T15:19:14","date_gmt":"2023-04-18T13:19:14","guid":{"rendered":"https:\/\/www.calsina-carre.com\/?p=15546"},"modified":"2023-04-27T17:17:57","modified_gmt":"2023-04-27T15:17:57","slug":"nueva-apertura-calsina-carre-portugal","status":"publish","type":"post","link":"https:\/\/www.calsina-carre.com\/fr\/nueva-apertura-calsina-carre-portugal\/","title":{"rendered":"Nouvelle ouverture : Calsina Carr\u00e9 Portugal"},"content":{"rendered":"<p class=\"translation-block\">Nous commen\u00e7ons une nouvelle aventure avec beaucoup d'enthousiasme et d'espoir pour l'avenir. Nous avons inaugur\u00e9 un nouveau si\u00e8ge Calsina Carr\u00e9 au Portugal, plus pr\u00e9cis\u00e9ment dans la r\u00e9gion de Porto: <strong>Calsina Carr\u00e9 Portugal. <\/strong><\/p>\n<h4><span style=\"color: #9fcae8;\"><strong>Pourquoi nous nous d\u00e9veloppons au Portugal ?<\/strong><\/span><\/h4>\n<p>&nbsp;<\/p>\n<p class=\"translation-block\">Le march\u00e9 portugais joue un r\u00f4le important dans les industries textile et automobile, deux secteurs dans lesquels nous sommes tr\u00e8s pr\u00e9sents et dans lesquels nous voulons continuer \u00e0 d\u00e9velopper et consacrer des ressources pour optimiser nos op\u00e9rations. Il faut tenir compte du fait que le Portugal est le troisi\u00e8me pays d'Europe qui effectue le plus de transport routier dans l'industrie automobile, c'est donc une ville o\u00f9 nous voulons \u00eatre pr\u00e9sents avec notre propre flotte et nos propres installations. D'autre part, historiquement, le Portugal a \u00e9t\u00e9 une r\u00e9f\u00e9rence dans le secteur textile et actuellement celui-ci continue a \u00eatre l'un des principaux. Le pays concentre une grande partie de la production destin\u00e9e \u00e0 des entreprises de r\u00e9f\u00e9rence comme Inditex. Chez Calsina Carr\u00e9, nous continuons \u00e0 miser fortement sur la diversification et nous investissons dans toutes les ressources n\u00e9cessaires pour am\u00e9liorer notre pr\u00e9sence dans ce secteur.<\/p>\n<p class=\"translation-block\">Nous implanter au Portugal nous apportera une meilleure connaissance du march\u00e9 et nous permettra d'offrir plus de capacit\u00e9 ainsi que plus de flexibilit\u00e9 dans notre service \u00e0 nos clients. Cela nous aidera \u00e9galement \u00e0 explorer les flux et les opportunit\u00e9s que le pays peut nous offrir \u00e0 l'international vers l'Europe.<\/p>\n<p class=\"translation-block\">Il est important de souligner que le Portugal apportera un volume de flux suppl\u00e9mentaires pour Calsina Carr\u00e9 Maghreb, un march\u00e9 sur lequel nous sommes en pleine expansion. De plus, cela nous permettra une plus grande flexibilit\u00e9 dans les op\u00e9rations existantes qui ont des temps de transit tr\u00e8s serr\u00e9s. Pour le moment, notre liaison principale avec le Maroc restera Tanger-Alg\u00e9siras et pour les liaisons du Portugal vers l'Europe, nous favoriserons au maximum l'intermodalit\u00e9.<\/p>","protected":false},"excerpt":{"rendered":"<p>Empezamos una nueva aventura con mucha ilusi\u00f3n y expectativas de futuro. Inauguramos una nueva sede de Calsina Carr\u00e9 en Portugal, concretamente en la regi\u00f3n de Oporto: Calsina Carr\u00e9 Portugal. \u00bfPorqu\u00e9 nos expandimos en Portugal? &nbsp; El mercado portugu\u00e9s juega un papel importante en la industria textil y de la automoci\u00f3n, dos sectores en los que [&hellip;]<\/p>\n","protected":false},"author":1,"featured_media":15553,"comment_status":"open","ping_status":"open","sticky":false,"template":"","format":"standard","meta":{"site-sidebar-layout":"default","site-content-layout":"default","ast-site-content-layout":"default","site-content-style":"default","site-sidebar-style":"default","ast-global-header-display":"","ast-banner-title-visibility":"","ast-main-header-display":"","ast-hfb-above-header-display":"","ast-hfb-below-header-display":"","ast-hfb-mobile-header-display":"","site-post-title":"","ast-breadcrumbs-content":"","ast-featured-img":"","footer-sml-layout":"","ast-disable-related-posts":"","theme-transparent-header-meta":"default","adv-header-id-meta":"","stick-header-meta":"","header-above-stick-meta":"","header-main-stick-meta":"","header-below-stick-meta":"","astra-migrate-meta-layouts":"default","ast-page-background-enabled":"default","ast-page-background-meta":{"desktop":{"background-color":"","background-image":"","background-repeat":"repeat","background-position":"center center","background-size":"auto","background-attachment":"scroll","background-type":"","background-media":"","overlay-type":"","overlay-color":"","overlay-opacity":"","overlay-gradient":""},"tablet":{"background-color":"","background-image":"","background-repeat":"repeat","background-position":"center center","background-size":"auto","background-attachment":"scroll","background-type":"","background-media":"","overlay-type":"","overlay-color":"","overlay-opacity":"","overlay-gradient":""},"mobile":{"background-color":"","background-image":"","background-repeat":"repeat","background-position":"center center","background-size":"auto","background-attachment":"scroll","background-type":"","background-media":"","overlay-type":"","overlay-color":"","overlay-opacity":"","overlay-gradient":""}},"ast-content-background-meta":{"desktop":{"background-color":"var(--ast-global-color-5)","background-image":"","background-repeat":"repeat","background-position":"center center","background-size":"auto","background-attachment":"scroll","background-type":"","background-media":"","overlay-type":"","overlay-color":"","overlay-opacity":"","overlay-gradient":""},"tablet":{"background-color":"var(--ast-global-color-5)","background-image":"","background-repeat":"repeat","background-position":"center center","background-size":"auto","background-attachment":"scroll","background-type":"","background-media":"","overlay-type":"","overlay-color":"","overlay-opacity":"","overlay-gradient":""},"mobile":{"background-color":"var(--ast-global-color-5)","background-image":"","background-repeat":"repeat","background-position":"center center","background-size":"auto","background-attachment":"scroll","background-type":"","background-media":"","overlay-type":"","overlay-color":"","overlay-opacity":"","overlay-gradient":""}},"footnotes":""},"categories":[1],"tags":[],"class_list":["post-15546","post","type-post","status-publish","format-standard","has-post-thumbnail","hentry","category-uncategorized"],"yoast_head":"<!-- This site is optimized with the Yoast SEO plugin v27.3 - https:\/\/yoast.com\/product\/yoast-seo-wordpress\/ -->\n<title>Nueva apertura: Calsina Carr\u00e9 Portugal - Calsina Carr\u00e9 Transports &amp; Logistics<\/title>\n<meta name=\"robots\" content=\"index, follow, max-snippet:-1, max-image-preview:large, max-video-preview:-1\" \/>\n<link rel=\"canonical\" href=\"https:\/\/www.calsina-carre.com\/fr\/nueva-apertura-calsina-carre-portugal\/\" \/>\n<meta property=\"og:locale\" content=\"fr_FR\" \/>\n<meta property=\"og:type\" content=\"article\" \/>\n<meta property=\"og:title\" content=\"Nueva apertura: Calsina Carr\u00e9 Portugal - Calsina Carr\u00e9 Transports &amp; Logistics\" \/>\n<meta property=\"og:description\" content=\"Empezamos una nueva aventura con mucha ilusi\u00f3n y expectativas de futuro. Inauguramos una nueva sede de Calsina Carr\u00e9 en Portugal, concretamente en la regi\u00f3n de Oporto: Calsina Carr\u00e9 Portugal. \u00bfPorqu\u00e9 nos expandimos en Portugal? &nbsp; El mercado portugu\u00e9s juega un papel importante en la industria textil y de la automoci\u00f3n, dos sectores en los que [&hellip;]\" \/>\n<meta property=\"og:url\" content=\"https:\/\/www.calsina-carre.com\/fr\/nueva-apertura-calsina-carre-portugal\/\" \/>\n<meta property=\"og:site_name\" content=\"Calsina Carr\u00e9 Transports &amp; Logistics\" \/>\n<meta property=\"article:published_time\" content=\"2023-04-18T13:19:14+00:00\" \/>\n<meta property=\"article:modified_time\" content=\"2023-04-27T15:17:57+00:00\" \/>\n<meta property=\"og:image\" content=\"https:\/\/www.calsina-carre.com\/wp-content\/uploads\/2023\/04\/webbbb.png\" \/>\n\t<meta property=\"og:image:width\" content=\"945\" \/>\n\t<meta property=\"og:image:height\" content=\"840\" \/>\n\t<meta property=\"og:image:type\" content=\"image\/png\" \/>\n<meta name=\"author\" content=\"Calsina Carr\u00e9\" \/>\n<meta name=\"twitter:card\" content=\"summary_large_image\" \/>\n<meta name=\"twitter:label1\" content=\"\u00c9crit par\" \/>\n\t<meta name=\"twitter:data1\" content=\"Calsina Carr\u00e9\" \/>\n\t<meta name=\"twitter:label2\" content=\"Dur\u00e9e de lecture estim\u00e9e\" \/>\n\t<meta name=\"twitter:data2\" content=\"2 minutes\" \/>\n<script type=\"application\/ld+json\" class=\"yoast-schema-graph\">{\"@context\":\"https:\\\/\\\/schema.org\",\"@graph\":[{\"@type\":\"Article\",\"@id\":\"https:\\\/\\\/www.calsina-carre.com\\\/nueva-apertura-calsina-carre-portugal\\\/#article\",\"isPartOf\":{\"@id\":\"https:\\\/\\\/www.calsina-carre.com\\\/nueva-apertura-calsina-carre-portugal\\\/\"},\"author\":{\"name\":\"Calsina Carr\u00e9\",\"@id\":\"https:\\\/\\\/www.calsina-carre.com\\\/ca\\\/#\\\/schema\\\/person\\\/3cbd8ef4b950cf6ef4ee81537a02486e\"},\"headline\":\"Nueva apertura: Calsina Carr\u00e9 Portugal\",\"datePublished\":\"2023-04-18T13:19:14+00:00\",\"dateModified\":\"2023-04-27T15:17:57+00:00\",\"mainEntityOfPage\":{\"@id\":\"https:\\\/\\\/www.calsina-carre.com\\\/nueva-apertura-calsina-carre-portugal\\\/\"},\"wordCount\":315,\"commentCount\":0,\"publisher\":{\"@id\":\"https:\\\/\\\/www.calsina-carre.com\\\/ca\\\/#organization\"},\"image\":{\"@id\":\"https:\\\/\\\/www.calsina-carre.com\\\/nueva-apertura-calsina-carre-portugal\\\/#primaryimage\"},\"thumbnailUrl\":\"https:\\\/\\\/www.calsina-carre.com\\\/wp-content\\\/uploads\\\/2023\\\/04\\\/webbbb.png\",\"articleSection\":[\"Uncategorized\"],\"inLanguage\":\"fr-FR\",\"potentialAction\":[{\"@type\":\"CommentAction\",\"name\":\"Comment\",\"target\":[\"https:\\\/\\\/www.calsina-carre.com\\\/nueva-apertura-calsina-carre-portugal\\\/#respond\"]}]},{\"@type\":\"WebPage\",\"@id\":\"https:\\\/\\\/www.calsina-carre.com\\\/nueva-apertura-calsina-carre-portugal\\\/\",\"url\":\"https:\\\/\\\/www.calsina-carre.com\\\/nueva-apertura-calsina-carre-portugal\\\/\",\"name\":\"Nueva apertura: Calsina Carr\u00e9 Portugal - Calsina Carr\u00e9 Transports &amp; Logistics\",\"isPartOf\":{\"@id\":\"https:\\\/\\\/www.calsina-carre.com\\\/ca\\\/#website\"},\"primaryImageOfPage\":{\"@id\":\"https:\\\/\\\/www.calsina-carre.com\\\/nueva-apertura-calsina-carre-portugal\\\/#primaryimage\"},\"image\":{\"@id\":\"https:\\\/\\\/www.calsina-carre.com\\\/nueva-apertura-calsina-carre-portugal\\\/#primaryimage\"},\"thumbnailUrl\":\"https:\\\/\\\/www.calsina-carre.com\\\/wp-content\\\/uploads\\\/2023\\\/04\\\/webbbb.png\",\"datePublished\":\"2023-04-18T13:19:14+00:00\",\"dateModified\":\"2023-04-27T15:17:57+00:00\",\"breadcrumb\":{\"@id\":\"https:\\\/\\\/www.calsina-carre.com\\\/nueva-apertura-calsina-carre-portugal\\\/#breadcrumb\"},\"inLanguage\":\"fr-FR\",\"potentialAction\":[{\"@type\":\"ReadAction\",\"target\":[\"https:\\\/\\\/www.calsina-carre.com\\\/nueva-apertura-calsina-carre-portugal\\\/\"]}]},{\"@type\":\"ImageObject\",\"inLanguage\":\"fr-FR\",\"@id\":\"https:\\\/\\\/www.calsina-carre.com\\\/nueva-apertura-calsina-carre-portugal\\\/#primaryimage\",\"url\":\"https:\\\/\\\/www.calsina-carre.com\\\/wp-content\\\/uploads\\\/2023\\\/04\\\/webbbb.png\",\"contentUrl\":\"https:\\\/\\\/www.calsina-carre.com\\\/wp-content\\\/uploads\\\/2023\\\/04\\\/webbbb.png\",\"width\":945,\"height\":840,\"caption\":\"calsina carr\u00e9 portugal\"},{\"@type\":\"BreadcrumbList\",\"@id\":\"https:\\\/\\\/www.calsina-carre.com\\\/nueva-apertura-calsina-carre-portugal\\\/#breadcrumb\",\"itemListElement\":[{\"@type\":\"ListItem\",\"position\":1,\"name\":\"Portada\",\"item\":\"https:\\\/\\\/www.calsina-carre.com\\\/\"},{\"@type\":\"ListItem\",\"position\":2,\"name\":\"Nueva apertura: Calsina Carr\u00e9 Portugal\"}]},{\"@type\":\"WebSite\",\"@id\":\"https:\\\/\\\/www.calsina-carre.com\\\/ca\\\/#website\",\"url\":\"https:\\\/\\\/www.calsina-carre.com\\\/ca\\\/\",\"name\":\"Calsina Carr\u00e9 Transports &amp; Logistics\",\"description\":\"Transports &amp; Logistics\",\"publisher\":{\"@id\":\"https:\\\/\\\/www.calsina-carre.com\\\/ca\\\/#organization\"},\"potentialAction\":[{\"@type\":\"SearchAction\",\"target\":{\"@type\":\"EntryPoint\",\"urlTemplate\":\"https:\\\/\\\/www.calsina-carre.com\\\/ca\\\/?s={search_term_string}\"},\"query-input\":{\"@type\":\"PropertyValueSpecification\",\"valueRequired\":true,\"valueName\":\"search_term_string\"}}],\"inLanguage\":\"fr-FR\"},{\"@type\":\"Organization\",\"@id\":\"https:\\\/\\\/www.calsina-carre.com\\\/ca\\\/#organization\",\"name\":\"Calsina Carr\u00e9 Transports &amp; Logistics\",\"url\":\"https:\\\/\\\/www.calsina-carre.com\\\/ca\\\/\",\"logo\":{\"@type\":\"ImageObject\",\"inLanguage\":\"fr-FR\",\"@id\":\"https:\\\/\\\/www.calsina-carre.com\\\/ca\\\/#\\\/schema\\\/logo\\\/image\\\/\",\"url\":\"https:\\\/\\\/www.calsina-carre.com\\\/wp-content\\\/uploads\\\/2021\\\/01\\\/LOGO-CALSINA-CARRE.png\",\"contentUrl\":\"https:\\\/\\\/www.calsina-carre.com\\\/wp-content\\\/uploads\\\/2021\\\/01\\\/LOGO-CALSINA-CARRE.png\",\"width\":1682,\"height\":1029,\"caption\":\"Calsina Carr\u00e9 Transports &amp; Logistics\"},\"image\":{\"@id\":\"https:\\\/\\\/www.calsina-carre.com\\\/ca\\\/#\\\/schema\\\/logo\\\/image\\\/\"}},{\"@type\":\"Person\",\"@id\":\"https:\\\/\\\/www.calsina-carre.com\\\/ca\\\/#\\\/schema\\\/person\\\/3cbd8ef4b950cf6ef4ee81537a02486e\",\"name\":\"Calsina Carr\u00e9\",\"image\":{\"@type\":\"ImageObject\",\"inLanguage\":\"fr-FR\",\"@id\":\"https:\\\/\\\/secure.gravatar.com\\\/avatar\\\/8ff90da1f4fcc79de20b1639b0a626f31a648f299683e36c012327690f0202f6?s=96&d=mm&r=g\",\"url\":\"https:\\\/\\\/secure.gravatar.com\\\/avatar\\\/8ff90da1f4fcc79de20b1639b0a626f31a648f299683e36c012327690f0202f6?s=96&d=mm&r=g\",\"contentUrl\":\"https:\\\/\\\/secure.gravatar.com\\\/avatar\\\/8ff90da1f4fcc79de20b1639b0a626f31a648f299683e36c012327690f0202f6?s=96&d=mm&r=g\",\"caption\":\"Calsina Carr\u00e9\"},\"url\":\"https:\\\/\\\/www.calsina-carre.com\\\/fr\\\/author\\\/ffapt\\\/\"}]}<\/script>\n<!-- \/ Yoast SEO plugin. -->","yoast_head_json":{"title":"Nueva apertura: Calsina Carr\u00e9 Portugal - Calsina Carr\u00e9 Transports &amp; Logistics","robots":{"index":"index","follow":"follow","max-snippet":"max-snippet:-1","max-image-preview":"max-image-preview:large","max-video-preview":"max-video-preview:-1"},"canonical":"https:\/\/www.calsina-carre.com\/fr\/nueva-apertura-calsina-carre-portugal\/","og_locale":"fr_FR","og_type":"article","og_title":"Nueva apertura: Calsina Carr\u00e9 Portugal - Calsina Carr\u00e9 Transports &amp; Logistics","og_description":"Empezamos una nueva aventura con mucha ilusi\u00f3n y expectativas de futuro. Inauguramos una nueva sede de Calsina Carr\u00e9 en Portugal, concretamente en la regi\u00f3n de Oporto: Calsina Carr\u00e9 Portugal. \u00bfPorqu\u00e9 nos expandimos en Portugal? &nbsp; El mercado portugu\u00e9s juega un papel importante en la industria textil y de la automoci\u00f3n, dos sectores en los que [&hellip;]","og_url":"https:\/\/www.calsina-carre.com\/fr\/nueva-apertura-calsina-carre-portugal\/","og_site_name":"Calsina Carr\u00e9 Transports &amp; Logistics","article_published_time":"2023-04-18T13:19:14+00:00","article_modified_time":"2023-04-27T15:17:57+00:00","og_image":[{"width":945,"height":840,"url":"https:\/\/www.calsina-carre.com\/wp-content\/uploads\/2023\/04\/webbbb.png","type":"image\/png"}],"author":"Calsina Carr\u00e9","twitter_card":"summary_large_image","twitter_misc":{"\u00c9crit par":"Calsina Carr\u00e9","Dur\u00e9e de lecture estim\u00e9e":"2 minutes"},"schema":{"@context":"https:\/\/schema.org","@graph":[{"@type":"Article","@id":"https:\/\/www.calsina-carre.com\/nueva-apertura-calsina-carre-portugal\/#article","isPartOf":{"@id":"https:\/\/www.calsina-carre.com\/nueva-apertura-calsina-carre-portugal\/"},"author":{"name":"Calsina Carr\u00e9","@id":"https:\/\/www.calsina-carre.com\/ca\/#\/schema\/person\/3cbd8ef4b950cf6ef4ee81537a02486e"},"headline":"Nueva apertura: Calsina Carr\u00e9 Portugal","datePublished":"2023-04-18T13:19:14+00:00","dateModified":"2023-04-27T15:17:57+00:00","mainEntityOfPage":{"@id":"https:\/\/www.calsina-carre.com\/nueva-apertura-calsina-carre-portugal\/"},"wordCount":315,"commentCount":0,"publisher":{"@id":"https:\/\/www.calsina-carre.com\/ca\/#organization"},"image":{"@id":"https:\/\/www.calsina-carre.com\/nueva-apertura-calsina-carre-portugal\/#primaryimage"},"thumbnailUrl":"https:\/\/www.calsina-carre.com\/wp-content\/uploads\/2023\/04\/webbbb.png","articleSection":["Uncategorized"],"inLanguage":"fr-FR","potentialAction":[{"@type":"CommentAction","name":"Comment","target":["https:\/\/www.calsina-carre.com\/nueva-apertura-calsina-carre-portugal\/#respond"]}]},{"@type":"WebPage","@id":"https:\/\/www.calsina-carre.com\/nueva-apertura-calsina-carre-portugal\/","url":"https:\/\/www.calsina-carre.com\/nueva-apertura-calsina-carre-portugal\/","name":"Nueva apertura: Calsina Carr\u00e9 Portugal - Calsina Carr\u00e9 Transports &amp; Logistics","isPartOf":{"@id":"https:\/\/www.calsina-carre.com\/ca\/#website"},"primaryImageOfPage":{"@id":"https:\/\/www.calsina-carre.com\/nueva-apertura-calsina-carre-portugal\/#primaryimage"},"image":{"@id":"https:\/\/www.calsina-carre.com\/nueva-apertura-calsina-carre-portugal\/#primaryimage"},"thumbnailUrl":"https:\/\/www.calsina-carre.com\/wp-content\/uploads\/2023\/04\/webbbb.png","datePublished":"2023-04-18T13:19:14+00:00","dateModified":"2023-04-27T15:17:57+00:00","breadcrumb":{"@id":"https:\/\/www.calsina-carre.com\/nueva-apertura-calsina-carre-portugal\/#breadcrumb"},"inLanguage":"fr-FR","potentialAction":[{"@type":"ReadAction","target":["https:\/\/www.calsina-carre.com\/nueva-apertura-calsina-carre-portugal\/"]}]},{"@type":"ImageObject","inLanguage":"fr-FR","@id":"https:\/\/www.calsina-carre.com\/nueva-apertura-calsina-carre-portugal\/#primaryimage","url":"https:\/\/www.calsina-carre.com\/wp-content\/uploads\/2023\/04\/webbbb.png","contentUrl":"https:\/\/www.calsina-carre.com\/wp-content\/uploads\/2023\/04\/webbbb.png","width":945,"height":840,"caption":"calsina carr\u00e9 portugal"},{"@type":"BreadcrumbList","@id":"https:\/\/www.calsina-carre.com\/nueva-apertura-calsina-carre-portugal\/#breadcrumb","itemListElement":[{"@type":"ListItem","position":1,"name":"Portada","item":"https:\/\/www.calsina-carre.com\/"},{"@type":"ListItem","position":2,"name":"Nueva apertura: Calsina Carr\u00e9 Portugal"}]},{"@type":"WebSite","@id":"https:\/\/www.calsina-carre.com\/ca\/#website","url":"https:\/\/www.calsina-carre.com\/ca\/","name":"Calsina Carr\u00e9 Transports &amp; Logistics","description":"Transports &amp; Logistics","publisher":{"@id":"https:\/\/www.calsina-carre.com\/ca\/#organization"},"potentialAction":[{"@type":"SearchAction","target":{"@type":"EntryPoint","urlTemplate":"https:\/\/www.calsina-carre.com\/ca\/?s={search_term_string}"},"query-input":{"@type":"PropertyValueSpecification","valueRequired":true,"valueName":"search_term_string"}}],"inLanguage":"fr-FR"},{"@type":"Organization","@id":"https:\/\/www.calsina-carre.com\/ca\/#organization","name":"Calsina Carr\u00e9 Transports &amp; Logistics","url":"https:\/\/www.calsina-carre.com\/ca\/","logo":{"@type":"ImageObject","inLanguage":"fr-FR","@id":"https:\/\/www.calsina-carre.com\/ca\/#\/schema\/logo\/image\/","url":"https:\/\/www.calsina-carre.com\/wp-content\/uploads\/2021\/01\/LOGO-CALSINA-CARRE.png","contentUrl":"https:\/\/www.calsina-carre.com\/wp-content\/uploads\/2021\/01\/LOGO-CALSINA-CARRE.png","width":1682,"height":1029,"caption":"Calsina Carr\u00e9 Transports &amp; Logistics"},"image":{"@id":"https:\/\/www.calsina-carre.com\/ca\/#\/schema\/logo\/image\/"}},{"@type":"Person","@id":"https:\/\/www.calsina-carre.com\/ca\/#\/schema\/person\/3cbd8ef4b950cf6ef4ee81537a02486e","name":"Calsina Carr\u00e9","image":{"@type":"ImageObject","inLanguage":"fr-FR","@id":"https:\/\/secure.gravatar.com\/avatar\/8ff90da1f4fcc79de20b1639b0a626f31a648f299683e36c012327690f0202f6?s=96&d=mm&r=g","url":"https:\/\/secure.gravatar.com\/avatar\/8ff90da1f4fcc79de20b1639b0a626f31a648f299683e36c012327690f0202f6?s=96&d=mm&r=g","contentUrl":"https:\/\/secure.gravatar.com\/avatar\/8ff90da1f4fcc79de20b1639b0a626f31a648f299683e36c012327690f0202f6?s=96&d=mm&r=g","caption":"Calsina Carr\u00e9"},"url":"https:\/\/www.calsina-carre.com\/fr\/author\/ffapt\/"}]}},"_links":{"self":[{"href":"https:\/\/www.calsina-carre.com\/fr\/wp-json\/wp\/v2\/posts\/15546","targetHints":{"allow":["GET"]}}],"collection":[{"href":"https:\/\/www.calsina-carre.com\/fr\/wp-json\/wp\/v2\/posts"}],"about":[{"href":"https:\/\/www.calsina-carre.com\/fr\/wp-json\/wp\/v2\/types\/post"}],"author":[{"embeddable":true,"href":"https:\/\/www.calsina-carre.com\/fr\/wp-json\/wp\/v2\/users\/1"}],"replies":[{"embeddable":true,"href":"https:\/\/www.calsina-carre.com\/fr\/wp-json\/wp\/v2\/comments?post=15546"}],"version-history":[{"count":0,"href":"https:\/\/www.calsina-carre.com\/fr\/wp-json\/wp\/v2\/posts\/15546\/revisions"}],"wp:featuredmedia":[{"embeddable":true,"href":"https:\/\/www.calsina-carre.com\/fr\/wp-json\/wp\/v2\/media\/15553"}],"wp:attachment":[{"href":"https:\/\/www.calsina-carre.com\/fr\/wp-json\/wp\/v2\/media?parent=15546"}],"wp:term":[{"taxonomy":"category","embeddable":true,"href":"https:\/\/www.calsina-carre.com\/fr\/wp-json\/wp\/v2\/categories?post=15546"},{"taxonomy":"post_tag","embeddable":true,"href":"https:\/\/www.calsina-carre.com\/fr\/wp-json\/wp\/v2\/tags?post=15546"}],"curies":[{"name":"wp","href":"https:\/\/api.w.org\/{rel}","templated":true}]}}