{"id":15888,"date":"2023-05-15T10:34:04","date_gmt":"2023-05-15T08:34:04","guid":{"rendered":"https:\/\/www.calsina-carre.com\/?p=15888"},"modified":"2023-06-14T08:34:13","modified_gmt":"2023-06-14T06:34:13","slug":"la-feria-transport-logistics-de-munich-2023-ha-sido-un-exito","status":"publish","type":"post","link":"https:\/\/www.calsina-carre.com\/fr\/la-feria-transport-logistics-de-munich-2023-ha-sido-un-exito\/","title":{"rendered":"La Transport Logistics de Munich a \u00e9t\u00e9 un succ\u00e8s"},"content":{"rendered":"<p><span style=\"font-weight: 400;\">Le salon Transport Logistics de Munich, qui se tient tous les deux ans, est reconnu comme l'\u00e9v\u00e9nement <\/span><b>le plus important dans le domaine du transport et de la logistique en Europe.<\/b><span style=\"font-weight: 400;\"> En tant qu'entreprise internationale du secteur, nous consid\u00e9rons cet \u00e9v\u00e9nement comme une occasion inestimable de pr\u00e9senter nos solutions innovantes et de renforcer nos relations avec des clients existants et potentiels du monde entier.<\/span><\/p>\n<p><span style=\"font-weight: 400;\">Cette \u00e9dition 2023 a attir\u00e9 un large \u00e9ventail de professionnels, d'experts et d'entreprises leaders du secteur, cr\u00e9ant <\/span><b>un environnement dynamique propice \u00e0 l'\u00e9change d'id\u00e9es et \u00e0 l'exploration de nouvelles opportunit\u00e9s.\u00a0<\/b><\/p>\n<p><span style=\"font-weight: 400;\">Calsina Carr\u00e9 a souhait\u00e9 \u00eatre pr\u00e9sent \u00e0 deux endroits : en partageant un stand avec le Port de Barcelone, pour pr\u00e9senter nos solutions de transport et de logistique, et \u00e0 c\u00f4t\u00e9 du stand ESPORG, pour pr\u00e9senter <\/span><b>notre nouveau p\u00f4le intralogistique de services aux chauffeurs et aux transporteurs externes : Calsina Carr\u00e9 Services.<\/b><\/p>\n<p><span style=\"font-weight: 400;\">Sur notre stand Calsina Carr\u00e9 Transport &amp; Logistics, nous avons eu l'honneur d'accueillir des clients existants ainsi que de nouveaux contacts int\u00e9ress\u00e9s par nos services. Nous avons pu interagir \u00e9troitement avec des visiteurs du monde entier, partager notre exp\u00e9rience et nos connaissances, et \u00e9tablir de solides relations d'affaires. Au cours de notre participation, notre principal objectif a \u00e9t\u00e9 de pr\u00e9senter des solutions efficaces, durables et technologiquement avanc\u00e9es. En ce sens, nous avons mis en avant notre engagement \u00e9cologique pour l'avenir, le transport ferroviaire, ainsi que la tra\u00e7abilit\u00e9 des marchandises et la personnalisation des services que notre logiciel propri\u00e9taire nous permet d'offrir.<\/span><\/p>\n<p><span style=\"font-weight: 400;\">Le salon nous a \u00e9galement donn\u00e9 l'occasion de pr\u00e9senter nos nouvelles ouvertures : <\/span><b>Calsina Carr\u00e9 Portugal, ainsi que notre nouvel entrep\u00f4t logistique au Maroc.\u00a0<\/b><\/p>\n<p><span style=\"font-weight: 400;\">Sur le stand de Calsina Carr\u00e9 Services, nous avons pu entrer en contact avec des transporteurs et des clients potentiels de notre plate-forme logistique de Pont de Molins, une plate-forme puissante en raison de son emplacement strat\u00e9gique \u00e0 proximit\u00e9 de la fronti\u00e8re fran\u00e7aise et au sein du corridor m\u00e9diterran\u00e9en. Gr\u00e2ce \u00e0 l'ombrelle offerte par ESPORG, <\/span><b>nous avons \u00e9t\u00e9 plus visibles aupr\u00e8s des r\u00e9seaux de parkings s\u00e9curis\u00e9s en Europe<\/b><span style=\"font-weight: 400;\"> et nous avons pu nous rapprocher des professionnels du secteur des services de qualit\u00e9 et des aires de repos s\u00e9curis\u00e9es pour les conducteurs de marchandises.<\/span><\/p>\n<p><span style=\"font-weight: 400;\">La participation de Calsina Carr\u00e9 au salon Transport Logistics \u00e0 Munich 2023 a \u00e9t\u00e9 un succ\u00e8s. Nous sommes ravis d'avoir renforc\u00e9 notre position en Europe et d'avoir \u00e9tabli des relations d'affaires prometteuses avec des clients internationaux. En outre, l'\u00e9change d'id\u00e9es et d'exp\u00e9riences avec d'autres professionnels nous a donn\u00e9 un aper\u00e7u pr\u00e9cieux des tendances \u00e9mergentes et des meilleures pratiques dans notre secteur.<\/span><\/p>","protected":false},"excerpt":{"rendered":"<p>La feria Transport Logistics de Munich, celebrada cada dos a\u00f1os, es reconocida como el evento m\u00e1s importante en el \u00e1mbito del transporte y la log\u00edstica a nivel europeo. Como empresa internacional del sector, consideramos este encuentro una oportunidad invaluable para mostrar nuestras soluciones innovadoras y fortalecer nuestras relaciones con clientes actuales y potenciales de todo [&hellip;]<\/p>\n","protected":false},"author":1,"featured_media":15890,"comment_status":"open","ping_status":"open","sticky":false,"template":"","format":"standard","meta":{"site-sidebar-layout":"default","site-content-layout":"default","ast-site-content-layout":"default","site-content-style":"default","site-sidebar-style":"default","ast-global-header-display":"","ast-banner-title-visibility":"","ast-main-header-display":"","ast-hfb-above-header-display":"","ast-hfb-below-header-display":"","ast-hfb-mobile-header-display":"","site-post-title":"","ast-breadcrumbs-content":"","ast-featured-img":"","footer-sml-layout":"","ast-disable-related-posts":"","theme-transparent-header-meta":"default","adv-header-id-meta":"","stick-header-meta":"","header-above-stick-meta":"","header-main-stick-meta":"","header-below-stick-meta":"","astra-migrate-meta-layouts":"default","ast-page-background-enabled":"default","ast-page-background-meta":{"desktop":{"background-color":"","background-image":"","background-repeat":"repeat","background-position":"center center","background-size":"auto","background-attachment":"scroll","background-type":"","background-media":"","overlay-type":"","overlay-color":"","overlay-opacity":"","overlay-gradient":""},"tablet":{"background-color":"","background-image":"","background-repeat":"repeat","background-position":"center center","background-size":"auto","background-attachment":"scroll","background-type":"","background-media":"","overlay-type":"","overlay-color":"","overlay-opacity":"","overlay-gradient":""},"mobile":{"background-color":"","background-image":"","background-repeat":"repeat","background-position":"center center","background-size":"auto","background-attachment":"scroll","background-type":"","background-media":"","overlay-type":"","overlay-color":"","overlay-opacity":"","overlay-gradient":""}},"ast-content-background-meta":{"desktop":{"background-color":"var(--ast-global-color-5)","background-image":"","background-repeat":"repeat","background-position":"center center","background-size":"auto","background-attachment":"scroll","background-type":"","background-media":"","overlay-type":"","overlay-color":"","overlay-opacity":"","overlay-gradient":""},"tablet":{"background-color":"var(--ast-global-color-5)","background-image":"","background-repeat":"repeat","background-position":"center center","background-size":"auto","background-attachment":"scroll","background-type":"","background-media":"","overlay-type":"","overlay-color":"","overlay-opacity":"","overlay-gradient":""},"mobile":{"background-color":"var(--ast-global-color-5)","background-image":"","background-repeat":"repeat","background-position":"center center","background-size":"auto","background-attachment":"scroll","background-type":"","background-media":"","overlay-type":"","overlay-color":"","overlay-opacity":"","overlay-gradient":""}},"footnotes":""},"categories":[1],"tags":[],"class_list":["post-15888","post","type-post","status-publish","format-standard","has-post-thumbnail","hentry","category-uncategorized"],"yoast_head":"<!-- This site is optimized with the Yoast SEO plugin v27.3 - https:\/\/yoast.com\/product\/yoast-seo-wordpress\/ -->\n<title>La Transport Logistics de Munich ha sido un \u00e9xito - Calsina Carr\u00e9 Transports &amp; Logistics<\/title>\n<meta name=\"robots\" content=\"index, follow, max-snippet:-1, max-image-preview:large, max-video-preview:-1\" \/>\n<link rel=\"canonical\" href=\"https:\/\/www.calsina-carre.com\/fr\/la-feria-transport-logistics-de-munich-2023-ha-sido-un-exito\/\" \/>\n<meta property=\"og:locale\" content=\"fr_FR\" \/>\n<meta property=\"og:type\" content=\"article\" \/>\n<meta property=\"og:title\" content=\"La Transport Logistics de Munich ha sido un \u00e9xito - Calsina Carr\u00e9 Transports &amp; Logistics\" \/>\n<meta property=\"og:description\" content=\"La feria Transport Logistics de Munich, celebrada cada dos a\u00f1os, es reconocida como el evento m\u00e1s importante en el \u00e1mbito del transporte y la log\u00edstica a nivel europeo. Como empresa internacional del sector, consideramos este encuentro una oportunidad invaluable para mostrar nuestras soluciones innovadoras y fortalecer nuestras relaciones con clientes actuales y potenciales de todo [&hellip;]\" \/>\n<meta property=\"og:url\" content=\"https:\/\/www.calsina-carre.com\/fr\/la-feria-transport-logistics-de-munich-2023-ha-sido-un-exito\/\" \/>\n<meta property=\"og:site_name\" content=\"Calsina Carr\u00e9 Transports &amp; Logistics\" \/>\n<meta property=\"article:published_time\" content=\"2023-05-15T08:34:04+00:00\" \/>\n<meta property=\"article:modified_time\" content=\"2023-06-14T06:34:13+00:00\" \/>\n<meta property=\"og:image\" content=\"https:\/\/www.calsina-carre.com\/wp-content\/uploads\/2023\/06\/Calsina-Carre-Fira-Munich-2023_5.jpg\" \/>\n\t<meta property=\"og:image:width\" content=\"1200\" \/>\n\t<meta property=\"og:image:height\" content=\"956\" \/>\n\t<meta property=\"og:image:type\" content=\"image\/jpeg\" \/>\n<meta name=\"author\" content=\"Calsina Carr\u00e9\" \/>\n<meta name=\"twitter:card\" content=\"summary_large_image\" \/>\n<meta name=\"twitter:label1\" content=\"\u00c9crit par\" \/>\n\t<meta name=\"twitter:data1\" content=\"Calsina Carr\u00e9\" \/>\n\t<meta name=\"twitter:label2\" content=\"Dur\u00e9e de lecture estim\u00e9e\" \/>\n\t<meta name=\"twitter:data2\" content=\"2 minutes\" \/>\n<script type=\"application\/ld+json\" class=\"yoast-schema-graph\">{\"@context\":\"https:\\\/\\\/schema.org\",\"@graph\":[{\"@type\":\"Article\",\"@id\":\"https:\\\/\\\/www.calsina-carre.com\\\/la-feria-transport-logistics-de-munich-2023-ha-sido-un-exito\\\/#article\",\"isPartOf\":{\"@id\":\"https:\\\/\\\/www.calsina-carre.com\\\/la-feria-transport-logistics-de-munich-2023-ha-sido-un-exito\\\/\"},\"author\":{\"name\":\"Calsina Carr\u00e9\",\"@id\":\"https:\\\/\\\/www.calsina-carre.com\\\/ca\\\/#\\\/schema\\\/person\\\/3cbd8ef4b950cf6ef4ee81537a02486e\"},\"headline\":\"La Transport Logistics de Munich ha sido un \u00e9xito\",\"datePublished\":\"2023-05-15T08:34:04+00:00\",\"dateModified\":\"2023-06-14T06:34:13+00:00\",\"mainEntityOfPage\":{\"@id\":\"https:\\\/\\\/www.calsina-carre.com\\\/la-feria-transport-logistics-de-munich-2023-ha-sido-un-exito\\\/\"},\"wordCount\":434,\"commentCount\":0,\"publisher\":{\"@id\":\"https:\\\/\\\/www.calsina-carre.com\\\/ca\\\/#organization\"},\"image\":{\"@id\":\"https:\\\/\\\/www.calsina-carre.com\\\/la-feria-transport-logistics-de-munich-2023-ha-sido-un-exito\\\/#primaryimage\"},\"thumbnailUrl\":\"https:\\\/\\\/www.calsina-carre.com\\\/wp-content\\\/uploads\\\/2023\\\/06\\\/Calsina-Carre-Fira-Munich-2023_5.jpg\",\"articleSection\":[\"Uncategorized\"],\"inLanguage\":\"fr-FR\",\"potentialAction\":[{\"@type\":\"CommentAction\",\"name\":\"Comment\",\"target\":[\"https:\\\/\\\/www.calsina-carre.com\\\/la-feria-transport-logistics-de-munich-2023-ha-sido-un-exito\\\/#respond\"]}]},{\"@type\":\"WebPage\",\"@id\":\"https:\\\/\\\/www.calsina-carre.com\\\/la-feria-transport-logistics-de-munich-2023-ha-sido-un-exito\\\/\",\"url\":\"https:\\\/\\\/www.calsina-carre.com\\\/la-feria-transport-logistics-de-munich-2023-ha-sido-un-exito\\\/\",\"name\":\"La Transport Logistics de Munich ha sido un \u00e9xito - Calsina Carr\u00e9 Transports &amp; Logistics\",\"isPartOf\":{\"@id\":\"https:\\\/\\\/www.calsina-carre.com\\\/ca\\\/#website\"},\"primaryImageOfPage\":{\"@id\":\"https:\\\/\\\/www.calsina-carre.com\\\/la-feria-transport-logistics-de-munich-2023-ha-sido-un-exito\\\/#primaryimage\"},\"image\":{\"@id\":\"https:\\\/\\\/www.calsina-carre.com\\\/la-feria-transport-logistics-de-munich-2023-ha-sido-un-exito\\\/#primaryimage\"},\"thumbnailUrl\":\"https:\\\/\\\/www.calsina-carre.com\\\/wp-content\\\/uploads\\\/2023\\\/06\\\/Calsina-Carre-Fira-Munich-2023_5.jpg\",\"datePublished\":\"2023-05-15T08:34:04+00:00\",\"dateModified\":\"2023-06-14T06:34:13+00:00\",\"breadcrumb\":{\"@id\":\"https:\\\/\\\/www.calsina-carre.com\\\/la-feria-transport-logistics-de-munich-2023-ha-sido-un-exito\\\/#breadcrumb\"},\"inLanguage\":\"fr-FR\",\"potentialAction\":[{\"@type\":\"ReadAction\",\"target\":[\"https:\\\/\\\/www.calsina-carre.com\\\/la-feria-transport-logistics-de-munich-2023-ha-sido-un-exito\\\/\"]}]},{\"@type\":\"ImageObject\",\"inLanguage\":\"fr-FR\",\"@id\":\"https:\\\/\\\/www.calsina-carre.com\\\/la-feria-transport-logistics-de-munich-2023-ha-sido-un-exito\\\/#primaryimage\",\"url\":\"https:\\\/\\\/www.calsina-carre.com\\\/wp-content\\\/uploads\\\/2023\\\/06\\\/Calsina-Carre-Fira-Munich-2023_5.jpg\",\"contentUrl\":\"https:\\\/\\\/www.calsina-carre.com\\\/wp-content\\\/uploads\\\/2023\\\/06\\\/Calsina-Carre-Fira-Munich-2023_5.jpg\",\"width\":1200,\"height\":956},{\"@type\":\"BreadcrumbList\",\"@id\":\"https:\\\/\\\/www.calsina-carre.com\\\/la-feria-transport-logistics-de-munich-2023-ha-sido-un-exito\\\/#breadcrumb\",\"itemListElement\":[{\"@type\":\"ListItem\",\"position\":1,\"name\":\"Portada\",\"item\":\"https:\\\/\\\/www.calsina-carre.com\\\/\"},{\"@type\":\"ListItem\",\"position\":2,\"name\":\"La Transport Logistics de Munich ha sido un \u00e9xito\"}]},{\"@type\":\"WebSite\",\"@id\":\"https:\\\/\\\/www.calsina-carre.com\\\/ca\\\/#website\",\"url\":\"https:\\\/\\\/www.calsina-carre.com\\\/ca\\\/\",\"name\":\"Calsina Carr\u00e9 Transports &amp; Logistics\",\"description\":\"Transports &amp; Logistics\",\"publisher\":{\"@id\":\"https:\\\/\\\/www.calsina-carre.com\\\/ca\\\/#organization\"},\"potentialAction\":[{\"@type\":\"SearchAction\",\"target\":{\"@type\":\"EntryPoint\",\"urlTemplate\":\"https:\\\/\\\/www.calsina-carre.com\\\/ca\\\/?s={search_term_string}\"},\"query-input\":{\"@type\":\"PropertyValueSpecification\",\"valueRequired\":true,\"valueName\":\"search_term_string\"}}],\"inLanguage\":\"fr-FR\"},{\"@type\":\"Organization\",\"@id\":\"https:\\\/\\\/www.calsina-carre.com\\\/ca\\\/#organization\",\"name\":\"Calsina Carr\u00e9 Transports &amp; Logistics\",\"url\":\"https:\\\/\\\/www.calsina-carre.com\\\/ca\\\/\",\"logo\":{\"@type\":\"ImageObject\",\"inLanguage\":\"fr-FR\",\"@id\":\"https:\\\/\\\/www.calsina-carre.com\\\/ca\\\/#\\\/schema\\\/logo\\\/image\\\/\",\"url\":\"https:\\\/\\\/www.calsina-carre.com\\\/wp-content\\\/uploads\\\/2021\\\/01\\\/LOGO-CALSINA-CARRE.png\",\"contentUrl\":\"https:\\\/\\\/www.calsina-carre.com\\\/wp-content\\\/uploads\\\/2021\\\/01\\\/LOGO-CALSINA-CARRE.png\",\"width\":1682,\"height\":1029,\"caption\":\"Calsina Carr\u00e9 Transports &amp; Logistics\"},\"image\":{\"@id\":\"https:\\\/\\\/www.calsina-carre.com\\\/ca\\\/#\\\/schema\\\/logo\\\/image\\\/\"}},{\"@type\":\"Person\",\"@id\":\"https:\\\/\\\/www.calsina-carre.com\\\/ca\\\/#\\\/schema\\\/person\\\/3cbd8ef4b950cf6ef4ee81537a02486e\",\"name\":\"Calsina Carr\u00e9\",\"image\":{\"@type\":\"ImageObject\",\"inLanguage\":\"fr-FR\",\"@id\":\"https:\\\/\\\/secure.gravatar.com\\\/avatar\\\/8ff90da1f4fcc79de20b1639b0a626f31a648f299683e36c012327690f0202f6?s=96&d=mm&r=g\",\"url\":\"https:\\\/\\\/secure.gravatar.com\\\/avatar\\\/8ff90da1f4fcc79de20b1639b0a626f31a648f299683e36c012327690f0202f6?s=96&d=mm&r=g\",\"contentUrl\":\"https:\\\/\\\/secure.gravatar.com\\\/avatar\\\/8ff90da1f4fcc79de20b1639b0a626f31a648f299683e36c012327690f0202f6?s=96&d=mm&r=g\",\"caption\":\"Calsina Carr\u00e9\"},\"url\":\"https:\\\/\\\/www.calsina-carre.com\\\/fr\\\/author\\\/ffapt\\\/\"}]}<\/script>\n<!-- \/ Yoast SEO plugin. -->","yoast_head_json":{"title":"La Transport Logistics de Munich ha sido un \u00e9xito - Calsina Carr\u00e9 Transports &amp; Logistics","robots":{"index":"index","follow":"follow","max-snippet":"max-snippet:-1","max-image-preview":"max-image-preview:large","max-video-preview":"max-video-preview:-1"},"canonical":"https:\/\/www.calsina-carre.com\/fr\/la-feria-transport-logistics-de-munich-2023-ha-sido-un-exito\/","og_locale":"fr_FR","og_type":"article","og_title":"La Transport Logistics de Munich ha sido un \u00e9xito - Calsina Carr\u00e9 Transports &amp; Logistics","og_description":"La feria Transport Logistics de Munich, celebrada cada dos a\u00f1os, es reconocida como el evento m\u00e1s importante en el \u00e1mbito del transporte y la log\u00edstica a nivel europeo. Como empresa internacional del sector, consideramos este encuentro una oportunidad invaluable para mostrar nuestras soluciones innovadoras y fortalecer nuestras relaciones con clientes actuales y potenciales de todo [&hellip;]","og_url":"https:\/\/www.calsina-carre.com\/fr\/la-feria-transport-logistics-de-munich-2023-ha-sido-un-exito\/","og_site_name":"Calsina Carr\u00e9 Transports &amp; Logistics","article_published_time":"2023-05-15T08:34:04+00:00","article_modified_time":"2023-06-14T06:34:13+00:00","og_image":[{"width":1200,"height":956,"url":"https:\/\/www.calsina-carre.com\/wp-content\/uploads\/2023\/06\/Calsina-Carre-Fira-Munich-2023_5.jpg","type":"image\/jpeg"}],"author":"Calsina Carr\u00e9","twitter_card":"summary_large_image","twitter_misc":{"\u00c9crit par":"Calsina Carr\u00e9","Dur\u00e9e de lecture estim\u00e9e":"2 minutes"},"schema":{"@context":"https:\/\/schema.org","@graph":[{"@type":"Article","@id":"https:\/\/www.calsina-carre.com\/la-feria-transport-logistics-de-munich-2023-ha-sido-un-exito\/#article","isPartOf":{"@id":"https:\/\/www.calsina-carre.com\/la-feria-transport-logistics-de-munich-2023-ha-sido-un-exito\/"},"author":{"name":"Calsina Carr\u00e9","@id":"https:\/\/www.calsina-carre.com\/ca\/#\/schema\/person\/3cbd8ef4b950cf6ef4ee81537a02486e"},"headline":"La Transport Logistics de Munich ha sido un \u00e9xito","datePublished":"2023-05-15T08:34:04+00:00","dateModified":"2023-06-14T06:34:13+00:00","mainEntityOfPage":{"@id":"https:\/\/www.calsina-carre.com\/la-feria-transport-logistics-de-munich-2023-ha-sido-un-exito\/"},"wordCount":434,"commentCount":0,"publisher":{"@id":"https:\/\/www.calsina-carre.com\/ca\/#organization"},"image":{"@id":"https:\/\/www.calsina-carre.com\/la-feria-transport-logistics-de-munich-2023-ha-sido-un-exito\/#primaryimage"},"thumbnailUrl":"https:\/\/www.calsina-carre.com\/wp-content\/uploads\/2023\/06\/Calsina-Carre-Fira-Munich-2023_5.jpg","articleSection":["Uncategorized"],"inLanguage":"fr-FR","potentialAction":[{"@type":"CommentAction","name":"Comment","target":["https:\/\/www.calsina-carre.com\/la-feria-transport-logistics-de-munich-2023-ha-sido-un-exito\/#respond"]}]},{"@type":"WebPage","@id":"https:\/\/www.calsina-carre.com\/la-feria-transport-logistics-de-munich-2023-ha-sido-un-exito\/","url":"https:\/\/www.calsina-carre.com\/la-feria-transport-logistics-de-munich-2023-ha-sido-un-exito\/","name":"La Transport Logistics de Munich ha sido un \u00e9xito - Calsina Carr\u00e9 Transports &amp; Logistics","isPartOf":{"@id":"https:\/\/www.calsina-carre.com\/ca\/#website"},"primaryImageOfPage":{"@id":"https:\/\/www.calsina-carre.com\/la-feria-transport-logistics-de-munich-2023-ha-sido-un-exito\/#primaryimage"},"image":{"@id":"https:\/\/www.calsina-carre.com\/la-feria-transport-logistics-de-munich-2023-ha-sido-un-exito\/#primaryimage"},"thumbnailUrl":"https:\/\/www.calsina-carre.com\/wp-content\/uploads\/2023\/06\/Calsina-Carre-Fira-Munich-2023_5.jpg","datePublished":"2023-05-15T08:34:04+00:00","dateModified":"2023-06-14T06:34:13+00:00","breadcrumb":{"@id":"https:\/\/www.calsina-carre.com\/la-feria-transport-logistics-de-munich-2023-ha-sido-un-exito\/#breadcrumb"},"inLanguage":"fr-FR","potentialAction":[{"@type":"ReadAction","target":["https:\/\/www.calsina-carre.com\/la-feria-transport-logistics-de-munich-2023-ha-sido-un-exito\/"]}]},{"@type":"ImageObject","inLanguage":"fr-FR","@id":"https:\/\/www.calsina-carre.com\/la-feria-transport-logistics-de-munich-2023-ha-sido-un-exito\/#primaryimage","url":"https:\/\/www.calsina-carre.com\/wp-content\/uploads\/2023\/06\/Calsina-Carre-Fira-Munich-2023_5.jpg","contentUrl":"https:\/\/www.calsina-carre.com\/wp-content\/uploads\/2023\/06\/Calsina-Carre-Fira-Munich-2023_5.jpg","width":1200,"height":956},{"@type":"BreadcrumbList","@id":"https:\/\/www.calsina-carre.com\/la-feria-transport-logistics-de-munich-2023-ha-sido-un-exito\/#breadcrumb","itemListElement":[{"@type":"ListItem","position":1,"name":"Portada","item":"https:\/\/www.calsina-carre.com\/"},{"@type":"ListItem","position":2,"name":"La Transport Logistics de Munich ha sido un \u00e9xito"}]},{"@type":"WebSite","@id":"https:\/\/www.calsina-carre.com\/ca\/#website","url":"https:\/\/www.calsina-carre.com\/ca\/","name":"Calsina Carr\u00e9 Transports &amp; Logistics","description":"Transports &amp; Logistics","publisher":{"@id":"https:\/\/www.calsina-carre.com\/ca\/#organization"},"potentialAction":[{"@type":"SearchAction","target":{"@type":"EntryPoint","urlTemplate":"https:\/\/www.calsina-carre.com\/ca\/?s={search_term_string}"},"query-input":{"@type":"PropertyValueSpecification","valueRequired":true,"valueName":"search_term_string"}}],"inLanguage":"fr-FR"},{"@type":"Organization","@id":"https:\/\/www.calsina-carre.com\/ca\/#organization","name":"Calsina Carr\u00e9 Transports &amp; Logistics","url":"https:\/\/www.calsina-carre.com\/ca\/","logo":{"@type":"ImageObject","inLanguage":"fr-FR","@id":"https:\/\/www.calsina-carre.com\/ca\/#\/schema\/logo\/image\/","url":"https:\/\/www.calsina-carre.com\/wp-content\/uploads\/2021\/01\/LOGO-CALSINA-CARRE.png","contentUrl":"https:\/\/www.calsina-carre.com\/wp-content\/uploads\/2021\/01\/LOGO-CALSINA-CARRE.png","width":1682,"height":1029,"caption":"Calsina Carr\u00e9 Transports &amp; Logistics"},"image":{"@id":"https:\/\/www.calsina-carre.com\/ca\/#\/schema\/logo\/image\/"}},{"@type":"Person","@id":"https:\/\/www.calsina-carre.com\/ca\/#\/schema\/person\/3cbd8ef4b950cf6ef4ee81537a02486e","name":"Calsina Carr\u00e9","image":{"@type":"ImageObject","inLanguage":"fr-FR","@id":"https:\/\/secure.gravatar.com\/avatar\/8ff90da1f4fcc79de20b1639b0a626f31a648f299683e36c012327690f0202f6?s=96&d=mm&r=g","url":"https:\/\/secure.gravatar.com\/avatar\/8ff90da1f4fcc79de20b1639b0a626f31a648f299683e36c012327690f0202f6?s=96&d=mm&r=g","contentUrl":"https:\/\/secure.gravatar.com\/avatar\/8ff90da1f4fcc79de20b1639b0a626f31a648f299683e36c012327690f0202f6?s=96&d=mm&r=g","caption":"Calsina Carr\u00e9"},"url":"https:\/\/www.calsina-carre.com\/fr\/author\/ffapt\/"}]}},"_links":{"self":[{"href":"https:\/\/www.calsina-carre.com\/fr\/wp-json\/wp\/v2\/posts\/15888","targetHints":{"allow":["GET"]}}],"collection":[{"href":"https:\/\/www.calsina-carre.com\/fr\/wp-json\/wp\/v2\/posts"}],"about":[{"href":"https:\/\/www.calsina-carre.com\/fr\/wp-json\/wp\/v2\/types\/post"}],"author":[{"embeddable":true,"href":"https:\/\/www.calsina-carre.com\/fr\/wp-json\/wp\/v2\/users\/1"}],"replies":[{"embeddable":true,"href":"https:\/\/www.calsina-carre.com\/fr\/wp-json\/wp\/v2\/comments?post=15888"}],"version-history":[{"count":0,"href":"https:\/\/www.calsina-carre.com\/fr\/wp-json\/wp\/v2\/posts\/15888\/revisions"}],"wp:featuredmedia":[{"embeddable":true,"href":"https:\/\/www.calsina-carre.com\/fr\/wp-json\/wp\/v2\/media\/15890"}],"wp:attachment":[{"href":"https:\/\/www.calsina-carre.com\/fr\/wp-json\/wp\/v2\/media?parent=15888"}],"wp:term":[{"taxonomy":"category","embeddable":true,"href":"https:\/\/www.calsina-carre.com\/fr\/wp-json\/wp\/v2\/categories?post=15888"},{"taxonomy":"post_tag","embeddable":true,"href":"https:\/\/www.calsina-carre.com\/fr\/wp-json\/wp\/v2\/tags?post=15888"}],"curies":[{"name":"wp","href":"https:\/\/api.w.org\/{rel}","templated":true}]}}