{"id":16030,"date":"2023-07-28T13:34:54","date_gmt":"2023-07-28T11:34:54","guid":{"rendered":"https:\/\/www.calsina-carre.com\/?p=16030"},"modified":"2023-08-08T13:41:03","modified_gmt":"2023-08-08T11:41:03","slug":"furgones-textil","status":"publish","type":"post","link":"https:\/\/www.calsina-carre.com\/fr\/furgones-textil\/","title":{"rendered":"Furgones adaptados para el transporte textil"},"content":{"rendered":"<p><span style=\"font-size: 18pt; color: #a2c7e3;\"><strong>Furgones adaptados para el transporte textil: Un pilar para la industria de la moda<\/strong><\/span><\/p>\n<p class=\"translation-block\"><span style=\"font-weight: 400;\"><strong>El transporte de grandes vol\u00famenes de prendas<\/strong> es esencial para la distribuci\u00f3n de los grandes fabricantes textiles. Este tipo de transporte debe ser <strong>flexible, adaptado y tener la capacidad de adecuarse a diferentes vol\u00famenes de carga.<\/strong> Las prendas de vestir son un tipo de mercanc\u00eda que requiere un transporte muy cuidadoso y eficiente para mantener la calidad del producto y satisfacer las demandas de un sector en constante cambio.<\/span><\/p>\n<p class=\"translation-block\"><span style=\"font-weight: 400;\">Calsina Carr\u00e9 ha divisado esta necesidad en el mercado y ha decidido invertir en el sector textil <strong>ampliando su flota con furgones adaptados para este tipo de transporte.<\/strong> Estos furgones son una de las soluciones m\u00e1s eficientes y pr\u00e1cticas para transportar prendas de ropa por carretera, ya que est\u00e1n <strong>dise\u00f1ados espec\u00edficamente para colgar las prendas en su interior.<\/strong> Adem\u00e1s ofrecen numerosos beneficios para la cadena de suministro, mejorando la protecci\u00f3n de los productos y aumentando la eficiencia operativa.<\/span><\/p>\n<p><span style=\"font-size: 18pt; color: #a2c7e3;\"><b>\u00bfCu\u00e1les son las ventajas de los furgones adaptados para colgar prendas?<\/b><\/span><\/p>\n<ol>\n<li style=\"font-weight: 400;\" aria-level=\"1\"><strong><span style=\"text-decoration: underline;\">M\u00e1xima protecci\u00f3n de las prendas:<\/span><\/strong><span style=\"font-weight: 400;\"> Al utilizar furgones adaptados para colgar las prendas, estas viajan suspendidas en perchas, lo que minimiza el riesgo de arrugas, rasgu\u00f1os o da\u00f1os durante el transporte.<\/span><\/li>\n<li style=\"font-weight: 400;\" aria-level=\"1\"><strong><span style=\"text-decoration: underline;\">Mayor capacidad de carga:<\/span><\/strong><span style=\"font-weight: 400;\"> Nos permiten utilizar de manera \u00f3ptima el espacio interior, lo que aumenta la capacidad de carga en comparaci\u00f3n con otros m\u00e9todos de transporte que implican plegar las prendas en cajas. Con ello conseguimos transportar m\u00e1s prendas en un solo viaje, reduciendo los costes y la huella de carbono.<\/span><\/li>\n<li style=\"font-weight: 400;\" aria-level=\"1\"><strong><span style=\"text-decoration: underline;\">Facilita la clasificaci\u00f3n y distribuci\u00f3n:<\/span><\/strong><span style=\"font-weight: 400;\"> Los furgones adaptados est\u00e1n dise\u00f1ados con barras de colgar y sistemas que permiten una organizaci\u00f3n y clasificaci\u00f3n eficiente de las prendas. Esto agiliza su distribuci\u00f3n en diferentes destinos.<\/span><\/li>\n<li style=\"font-weight: 400;\" aria-level=\"1\"><strong><span style=\"text-decoration: underline;\">Optimizaci\u00f3n del tiempo de entrega:<\/span><\/strong><span style=\"font-weight: 400;\"> se reduce el tiempo que se necesita para preparar las prendas antes del env\u00edo, ya que no es necesario doblar individualmente cada art\u00edculo. Adem\u00e1s, la facilidad de carga y descarga acelera los procesos log\u00edsticos en general, lo que se traduce en entregas m\u00e1s r\u00e1pidas y cumplimiento de plazos.<\/span><\/li>\n<\/ol>\n<p class=\"translation-block\"><span style=\"font-weight: 400;\">Para consolidar esta apuesta, Calsina Carr\u00e9 cuenta con un soporte operativo importante en Oporto: <strong>Calsina Carr\u00e9 Portugal.<\/strong> Portugal tiene una larga tradici\u00f3n en la industria textil y de confecci\u00f3n. Esta experiencia acumulada ha situado este pa\u00eds como un referente europeo de la manufactura textil y muchos de los fabricantes textiles europeos se sit\u00faan en esta zona.<strong> Esta ubicaci\u00f3n estrat\u00e9gica nos facilita el transporte y la distribuci\u00f3n de productos textiles a pa\u00edses europeos<\/strong>, lo que resulta en tiempos de entrega m\u00e1s cortos, sin intermediarios y con una mayor capacidad de respuesta a las demandas del mercado.&nbsp;<\/span><\/p>\n<p><img fetchpriority=\"high\" decoding=\"async\" class=\"alignnone size-medium wp-image-16031\" src=\"https:\/\/www.calsina-carre.com\/wp-content\/uploads\/2023\/08\/Captura-de-pantalla-2023-08-08-a-les-13.33.11-300x169.png\" alt=\"\" width=\"300\" height=\"169\" srcset=\"https:\/\/www.calsina-carre.com\/wp-content\/uploads\/2023\/08\/Captura-de-pantalla-2023-08-08-a-les-13.33.11-300x169.png 300w, https:\/\/www.calsina-carre.com\/wp-content\/uploads\/2023\/08\/Captura-de-pantalla-2023-08-08-a-les-13.33.11-1024x578.png 1024w, https:\/\/www.calsina-carre.com\/wp-content\/uploads\/2023\/08\/Captura-de-pantalla-2023-08-08-a-les-13.33.11-768x433.png 768w, https:\/\/www.calsina-carre.com\/wp-content\/uploads\/2023\/08\/Captura-de-pantalla-2023-08-08-a-les-13.33.11-1536x867.png 1536w, https:\/\/www.calsina-carre.com\/wp-content\/uploads\/2023\/08\/Captura-de-pantalla-2023-08-08-a-les-13.33.11-2048x1156.png 2048w, https:\/\/www.calsina-carre.com\/wp-content\/uploads\/2023\/08\/Captura-de-pantalla-2023-08-08-a-les-13.33.11-18x10.png 18w\" sizes=\"(max-width: 300px) 100vw, 300px\" \/>\u00a0<img decoding=\"async\" class=\"alignnone size-medium wp-image-16032\" src=\"https:\/\/www.calsina-carre.com\/wp-content\/uploads\/2023\/08\/Captura-de-pantalla-2023-08-08-a-les-13.33.31-300x169.png\" alt=\"\" width=\"300\" height=\"169\" srcset=\"https:\/\/www.calsina-carre.com\/wp-content\/uploads\/2023\/08\/Captura-de-pantalla-2023-08-08-a-les-13.33.31-300x169.png 300w, https:\/\/www.calsina-carre.com\/wp-content\/uploads\/2023\/08\/Captura-de-pantalla-2023-08-08-a-les-13.33.31-1024x575.png 1024w, https:\/\/www.calsina-carre.com\/wp-content\/uploads\/2023\/08\/Captura-de-pantalla-2023-08-08-a-les-13.33.31-768x432.png 768w, https:\/\/www.calsina-carre.com\/wp-content\/uploads\/2023\/08\/Captura-de-pantalla-2023-08-08-a-les-13.33.31-1536x863.png 1536w, https:\/\/www.calsina-carre.com\/wp-content\/uploads\/2023\/08\/Captura-de-pantalla-2023-08-08-a-les-13.33.31-2048x1151.png 2048w, https:\/\/www.calsina-carre.com\/wp-content\/uploads\/2023\/08\/Captura-de-pantalla-2023-08-08-a-les-13.33.31-18x10.png 18w\" sizes=\"(max-width: 300px) 100vw, 300px\" \/><\/p>","protected":false},"excerpt":{"rendered":"<p>Furgones adaptados para el transporte textil: Un pilar para la industria de la moda El transporte de grandes vol\u00famenes de prendas es esencial para la distribuci\u00f3n de los grandes fabricantes textiles. Este tipo de transporte debe ser flexible, adaptado y tener la capacidad de adecuarse a diferentes vol\u00famenes de carga. Las prendas de vestir son [&hellip;]<\/p>\n","protected":false},"author":1,"featured_media":16033,"comment_status":"open","ping_status":"open","sticky":false,"template":"","format":"standard","meta":{"site-sidebar-layout":"default","site-content-layout":"default","ast-site-content-layout":"default","site-content-style":"default","site-sidebar-style":"default","ast-global-header-display":"","ast-banner-title-visibility":"","ast-main-header-display":"","ast-hfb-above-header-display":"","ast-hfb-below-header-display":"","ast-hfb-mobile-header-display":"","site-post-title":"","ast-breadcrumbs-content":"","ast-featured-img":"","footer-sml-layout":"","ast-disable-related-posts":"","theme-transparent-header-meta":"default","adv-header-id-meta":"","stick-header-meta":"","header-above-stick-meta":"","header-main-stick-meta":"","header-below-stick-meta":"","astra-migrate-meta-layouts":"default","ast-page-background-enabled":"default","ast-page-background-meta":{"desktop":{"background-color":"","background-image":"","background-repeat":"repeat","background-position":"center center","background-size":"auto","background-attachment":"scroll","background-type":"","background-media":"","overlay-type":"","overlay-color":"","overlay-opacity":"","overlay-gradient":""},"tablet":{"background-color":"","background-image":"","background-repeat":"repeat","background-position":"center center","background-size":"auto","background-attachment":"scroll","background-type":"","background-media":"","overlay-type":"","overlay-color":"","overlay-opacity":"","overlay-gradient":""},"mobile":{"background-color":"","background-image":"","background-repeat":"repeat","background-position":"center center","background-size":"auto","background-attachment":"scroll","background-type":"","background-media":"","overlay-type":"","overlay-color":"","overlay-opacity":"","overlay-gradient":""}},"ast-content-background-meta":{"desktop":{"background-color":"var(--ast-global-color-5)","background-image":"","background-repeat":"repeat","background-position":"center center","background-size":"auto","background-attachment":"scroll","background-type":"","background-media":"","overlay-type":"","overlay-color":"","overlay-opacity":"","overlay-gradient":""},"tablet":{"background-color":"var(--ast-global-color-5)","background-image":"","background-repeat":"repeat","background-position":"center center","background-size":"auto","background-attachment":"scroll","background-type":"","background-media":"","overlay-type":"","overlay-color":"","overlay-opacity":"","overlay-gradient":""},"mobile":{"background-color":"var(--ast-global-color-5)","background-image":"","background-repeat":"repeat","background-position":"center center","background-size":"auto","background-attachment":"scroll","background-type":"","background-media":"","overlay-type":"","overlay-color":"","overlay-opacity":"","overlay-gradient":""}},"footnotes":""},"categories":[1],"tags":[],"class_list":["post-16030","post","type-post","status-publish","format-standard","has-post-thumbnail","hentry","category-uncategorized"],"yoast_head":"<!-- This site is optimized with the Yoast SEO plugin v27.3 - https:\/\/yoast.com\/product\/yoast-seo-wordpress\/ -->\n<title>Furgones adaptados para el transporte textil - Calsina Carr\u00e9 Transports &amp; Logistics<\/title>\n<meta name=\"robots\" content=\"index, follow, max-snippet:-1, max-image-preview:large, max-video-preview:-1\" \/>\n<link rel=\"canonical\" href=\"https:\/\/www.calsina-carre.com\/fr\/furgones-textil\/\" \/>\n<meta property=\"og:locale\" content=\"fr_FR\" \/>\n<meta property=\"og:type\" content=\"article\" \/>\n<meta property=\"og:title\" content=\"Furgones adaptados para el transporte textil - Calsina Carr\u00e9 Transports &amp; Logistics\" \/>\n<meta property=\"og:description\" content=\"Furgones adaptados para el transporte textil: Un pilar para la industria de la moda El transporte de grandes vol\u00famenes de prendas es esencial para la distribuci\u00f3n de los grandes fabricantes textiles. Este tipo de transporte debe ser flexible, adaptado y tener la capacidad de adecuarse a diferentes vol\u00famenes de carga. Las prendas de vestir son [&hellip;]\" \/>\n<meta property=\"og:url\" content=\"https:\/\/www.calsina-carre.com\/fr\/furgones-textil\/\" \/>\n<meta property=\"og:site_name\" content=\"Calsina Carr\u00e9 Transports &amp; Logistics\" \/>\n<meta property=\"article:published_time\" content=\"2023-07-28T11:34:54+00:00\" \/>\n<meta property=\"article:modified_time\" content=\"2023-08-08T11:41:03+00:00\" \/>\n<meta property=\"og:image\" content=\"https:\/\/www.calsina-carre.com\/wp-content\/uploads\/2023\/08\/Captura-de-pantalla-2023-08-08-a-les-13.33.51-1024x572.png\" \/>\n\t<meta property=\"og:image:width\" content=\"1024\" \/>\n\t<meta property=\"og:image:height\" content=\"572\" \/>\n\t<meta property=\"og:image:type\" content=\"image\/png\" \/>\n<meta name=\"author\" content=\"Calsina Carr\u00e9\" \/>\n<meta name=\"twitter:card\" content=\"summary_large_image\" \/>\n<meta name=\"twitter:label1\" content=\"\u00c9crit par\" \/>\n\t<meta name=\"twitter:data1\" content=\"Calsina Carr\u00e9\" \/>\n\t<meta name=\"twitter:label2\" content=\"Dur\u00e9e de lecture estim\u00e9e\" \/>\n\t<meta name=\"twitter:data2\" content=\"3 minutes\" \/>\n<script type=\"application\/ld+json\" class=\"yoast-schema-graph\">{\"@context\":\"https:\\\/\\\/schema.org\",\"@graph\":[{\"@type\":\"Article\",\"@id\":\"https:\\\/\\\/www.calsina-carre.com\\\/furgones-textil\\\/#article\",\"isPartOf\":{\"@id\":\"https:\\\/\\\/www.calsina-carre.com\\\/furgones-textil\\\/\"},\"author\":{\"name\":\"Calsina Carr\u00e9\",\"@id\":\"https:\\\/\\\/www.calsina-carre.com\\\/ca\\\/#\\\/schema\\\/person\\\/3cbd8ef4b950cf6ef4ee81537a02486e\"},\"headline\":\"Furgones adaptados para el transporte textil\",\"datePublished\":\"2023-07-28T11:34:54+00:00\",\"dateModified\":\"2023-08-08T11:41:03+00:00\",\"mainEntityOfPage\":{\"@id\":\"https:\\\/\\\/www.calsina-carre.com\\\/furgones-textil\\\/\"},\"wordCount\":484,\"commentCount\":0,\"publisher\":{\"@id\":\"https:\\\/\\\/www.calsina-carre.com\\\/ca\\\/#organization\"},\"image\":{\"@id\":\"https:\\\/\\\/www.calsina-carre.com\\\/furgones-textil\\\/#primaryimage\"},\"thumbnailUrl\":\"https:\\\/\\\/www.calsina-carre.com\\\/wp-content\\\/uploads\\\/2023\\\/08\\\/Captura-de-pantalla-2023-08-08-a-les-13.33.51.png\",\"articleSection\":[\"Uncategorized\"],\"inLanguage\":\"fr-FR\",\"potentialAction\":[{\"@type\":\"CommentAction\",\"name\":\"Comment\",\"target\":[\"https:\\\/\\\/www.calsina-carre.com\\\/furgones-textil\\\/#respond\"]}]},{\"@type\":\"WebPage\",\"@id\":\"https:\\\/\\\/www.calsina-carre.com\\\/furgones-textil\\\/\",\"url\":\"https:\\\/\\\/www.calsina-carre.com\\\/furgones-textil\\\/\",\"name\":\"Furgones adaptados para el transporte textil - Calsina Carr\u00e9 Transports &amp; Logistics\",\"isPartOf\":{\"@id\":\"https:\\\/\\\/www.calsina-carre.com\\\/ca\\\/#website\"},\"primaryImageOfPage\":{\"@id\":\"https:\\\/\\\/www.calsina-carre.com\\\/furgones-textil\\\/#primaryimage\"},\"image\":{\"@id\":\"https:\\\/\\\/www.calsina-carre.com\\\/furgones-textil\\\/#primaryimage\"},\"thumbnailUrl\":\"https:\\\/\\\/www.calsina-carre.com\\\/wp-content\\\/uploads\\\/2023\\\/08\\\/Captura-de-pantalla-2023-08-08-a-les-13.33.51.png\",\"datePublished\":\"2023-07-28T11:34:54+00:00\",\"dateModified\":\"2023-08-08T11:41:03+00:00\",\"breadcrumb\":{\"@id\":\"https:\\\/\\\/www.calsina-carre.com\\\/furgones-textil\\\/#breadcrumb\"},\"inLanguage\":\"fr-FR\",\"potentialAction\":[{\"@type\":\"ReadAction\",\"target\":[\"https:\\\/\\\/www.calsina-carre.com\\\/furgones-textil\\\/\"]}]},{\"@type\":\"ImageObject\",\"inLanguage\":\"fr-FR\",\"@id\":\"https:\\\/\\\/www.calsina-carre.com\\\/furgones-textil\\\/#primaryimage\",\"url\":\"https:\\\/\\\/www.calsina-carre.com\\\/wp-content\\\/uploads\\\/2023\\\/08\\\/Captura-de-pantalla-2023-08-08-a-les-13.33.51.png\",\"contentUrl\":\"https:\\\/\\\/www.calsina-carre.com\\\/wp-content\\\/uploads\\\/2023\\\/08\\\/Captura-de-pantalla-2023-08-08-a-les-13.33.51.png\",\"width\":3414,\"height\":1908},{\"@type\":\"BreadcrumbList\",\"@id\":\"https:\\\/\\\/www.calsina-carre.com\\\/furgones-textil\\\/#breadcrumb\",\"itemListElement\":[{\"@type\":\"ListItem\",\"position\":1,\"name\":\"Portada\",\"item\":\"https:\\\/\\\/www.calsina-carre.com\\\/\"},{\"@type\":\"ListItem\",\"position\":2,\"name\":\"Furgones adaptados para el transporte textil\"}]},{\"@type\":\"WebSite\",\"@id\":\"https:\\\/\\\/www.calsina-carre.com\\\/ca\\\/#website\",\"url\":\"https:\\\/\\\/www.calsina-carre.com\\\/ca\\\/\",\"name\":\"Calsina Carr\u00e9 Transports &amp; Logistics\",\"description\":\"Transports &amp; Logistics\",\"publisher\":{\"@id\":\"https:\\\/\\\/www.calsina-carre.com\\\/ca\\\/#organization\"},\"potentialAction\":[{\"@type\":\"SearchAction\",\"target\":{\"@type\":\"EntryPoint\",\"urlTemplate\":\"https:\\\/\\\/www.calsina-carre.com\\\/ca\\\/?s={search_term_string}\"},\"query-input\":{\"@type\":\"PropertyValueSpecification\",\"valueRequired\":true,\"valueName\":\"search_term_string\"}}],\"inLanguage\":\"fr-FR\"},{\"@type\":\"Organization\",\"@id\":\"https:\\\/\\\/www.calsina-carre.com\\\/ca\\\/#organization\",\"name\":\"Calsina Carr\u00e9 Transports &amp; Logistics\",\"url\":\"https:\\\/\\\/www.calsina-carre.com\\\/ca\\\/\",\"logo\":{\"@type\":\"ImageObject\",\"inLanguage\":\"fr-FR\",\"@id\":\"https:\\\/\\\/www.calsina-carre.com\\\/ca\\\/#\\\/schema\\\/logo\\\/image\\\/\",\"url\":\"https:\\\/\\\/www.calsina-carre.com\\\/wp-content\\\/uploads\\\/2021\\\/01\\\/LOGO-CALSINA-CARRE.png\",\"contentUrl\":\"https:\\\/\\\/www.calsina-carre.com\\\/wp-content\\\/uploads\\\/2021\\\/01\\\/LOGO-CALSINA-CARRE.png\",\"width\":1682,\"height\":1029,\"caption\":\"Calsina Carr\u00e9 Transports &amp; Logistics\"},\"image\":{\"@id\":\"https:\\\/\\\/www.calsina-carre.com\\\/ca\\\/#\\\/schema\\\/logo\\\/image\\\/\"}},{\"@type\":\"Person\",\"@id\":\"https:\\\/\\\/www.calsina-carre.com\\\/ca\\\/#\\\/schema\\\/person\\\/3cbd8ef4b950cf6ef4ee81537a02486e\",\"name\":\"Calsina Carr\u00e9\",\"image\":{\"@type\":\"ImageObject\",\"inLanguage\":\"fr-FR\",\"@id\":\"https:\\\/\\\/secure.gravatar.com\\\/avatar\\\/8ff90da1f4fcc79de20b1639b0a626f31a648f299683e36c012327690f0202f6?s=96&d=mm&r=g\",\"url\":\"https:\\\/\\\/secure.gravatar.com\\\/avatar\\\/8ff90da1f4fcc79de20b1639b0a626f31a648f299683e36c012327690f0202f6?s=96&d=mm&r=g\",\"contentUrl\":\"https:\\\/\\\/secure.gravatar.com\\\/avatar\\\/8ff90da1f4fcc79de20b1639b0a626f31a648f299683e36c012327690f0202f6?s=96&d=mm&r=g\",\"caption\":\"Calsina Carr\u00e9\"},\"url\":\"https:\\\/\\\/www.calsina-carre.com\\\/fr\\\/author\\\/ffapt\\\/\"}]}<\/script>\n<!-- \/ Yoast SEO plugin. -->","yoast_head_json":{"title":"Furgones adaptados para el transporte textil - Calsina Carr\u00e9 Transports &amp; Logistics","robots":{"index":"index","follow":"follow","max-snippet":"max-snippet:-1","max-image-preview":"max-image-preview:large","max-video-preview":"max-video-preview:-1"},"canonical":"https:\/\/www.calsina-carre.com\/fr\/furgones-textil\/","og_locale":"fr_FR","og_type":"article","og_title":"Furgones adaptados para el transporte textil - Calsina Carr\u00e9 Transports &amp; Logistics","og_description":"Furgones adaptados para el transporte textil: Un pilar para la industria de la moda El transporte de grandes vol\u00famenes de prendas es esencial para la distribuci\u00f3n de los grandes fabricantes textiles. Este tipo de transporte debe ser flexible, adaptado y tener la capacidad de adecuarse a diferentes vol\u00famenes de carga. Las prendas de vestir son [&hellip;]","og_url":"https:\/\/www.calsina-carre.com\/fr\/furgones-textil\/","og_site_name":"Calsina Carr\u00e9 Transports &amp; Logistics","article_published_time":"2023-07-28T11:34:54+00:00","article_modified_time":"2023-08-08T11:41:03+00:00","og_image":[{"width":1024,"height":572,"url":"https:\/\/www.calsina-carre.com\/wp-content\/uploads\/2023\/08\/Captura-de-pantalla-2023-08-08-a-les-13.33.51-1024x572.png","type":"image\/png"}],"author":"Calsina Carr\u00e9","twitter_card":"summary_large_image","twitter_misc":{"\u00c9crit par":"Calsina Carr\u00e9","Dur\u00e9e de lecture estim\u00e9e":"3 minutes"},"schema":{"@context":"https:\/\/schema.org","@graph":[{"@type":"Article","@id":"https:\/\/www.calsina-carre.com\/furgones-textil\/#article","isPartOf":{"@id":"https:\/\/www.calsina-carre.com\/furgones-textil\/"},"author":{"name":"Calsina Carr\u00e9","@id":"https:\/\/www.calsina-carre.com\/ca\/#\/schema\/person\/3cbd8ef4b950cf6ef4ee81537a02486e"},"headline":"Furgones adaptados para el transporte textil","datePublished":"2023-07-28T11:34:54+00:00","dateModified":"2023-08-08T11:41:03+00:00","mainEntityOfPage":{"@id":"https:\/\/www.calsina-carre.com\/furgones-textil\/"},"wordCount":484,"commentCount":0,"publisher":{"@id":"https:\/\/www.calsina-carre.com\/ca\/#organization"},"image":{"@id":"https:\/\/www.calsina-carre.com\/furgones-textil\/#primaryimage"},"thumbnailUrl":"https:\/\/www.calsina-carre.com\/wp-content\/uploads\/2023\/08\/Captura-de-pantalla-2023-08-08-a-les-13.33.51.png","articleSection":["Uncategorized"],"inLanguage":"fr-FR","potentialAction":[{"@type":"CommentAction","name":"Comment","target":["https:\/\/www.calsina-carre.com\/furgones-textil\/#respond"]}]},{"@type":"WebPage","@id":"https:\/\/www.calsina-carre.com\/furgones-textil\/","url":"https:\/\/www.calsina-carre.com\/furgones-textil\/","name":"Furgones adaptados para el transporte textil - Calsina Carr\u00e9 Transports &amp; Logistics","isPartOf":{"@id":"https:\/\/www.calsina-carre.com\/ca\/#website"},"primaryImageOfPage":{"@id":"https:\/\/www.calsina-carre.com\/furgones-textil\/#primaryimage"},"image":{"@id":"https:\/\/www.calsina-carre.com\/furgones-textil\/#primaryimage"},"thumbnailUrl":"https:\/\/www.calsina-carre.com\/wp-content\/uploads\/2023\/08\/Captura-de-pantalla-2023-08-08-a-les-13.33.51.png","datePublished":"2023-07-28T11:34:54+00:00","dateModified":"2023-08-08T11:41:03+00:00","breadcrumb":{"@id":"https:\/\/www.calsina-carre.com\/furgones-textil\/#breadcrumb"},"inLanguage":"fr-FR","potentialAction":[{"@type":"ReadAction","target":["https:\/\/www.calsina-carre.com\/furgones-textil\/"]}]},{"@type":"ImageObject","inLanguage":"fr-FR","@id":"https:\/\/www.calsina-carre.com\/furgones-textil\/#primaryimage","url":"https:\/\/www.calsina-carre.com\/wp-content\/uploads\/2023\/08\/Captura-de-pantalla-2023-08-08-a-les-13.33.51.png","contentUrl":"https:\/\/www.calsina-carre.com\/wp-content\/uploads\/2023\/08\/Captura-de-pantalla-2023-08-08-a-les-13.33.51.png","width":3414,"height":1908},{"@type":"BreadcrumbList","@id":"https:\/\/www.calsina-carre.com\/furgones-textil\/#breadcrumb","itemListElement":[{"@type":"ListItem","position":1,"name":"Portada","item":"https:\/\/www.calsina-carre.com\/"},{"@type":"ListItem","position":2,"name":"Furgones adaptados para el transporte textil"}]},{"@type":"WebSite","@id":"https:\/\/www.calsina-carre.com\/ca\/#website","url":"https:\/\/www.calsina-carre.com\/ca\/","name":"Calsina Carr\u00e9 Transports &amp; Logistics","description":"Transports &amp; Logistics","publisher":{"@id":"https:\/\/www.calsina-carre.com\/ca\/#organization"},"potentialAction":[{"@type":"SearchAction","target":{"@type":"EntryPoint","urlTemplate":"https:\/\/www.calsina-carre.com\/ca\/?s={search_term_string}"},"query-input":{"@type":"PropertyValueSpecification","valueRequired":true,"valueName":"search_term_string"}}],"inLanguage":"fr-FR"},{"@type":"Organization","@id":"https:\/\/www.calsina-carre.com\/ca\/#organization","name":"Calsina Carr\u00e9 Transports &amp; Logistics","url":"https:\/\/www.calsina-carre.com\/ca\/","logo":{"@type":"ImageObject","inLanguage":"fr-FR","@id":"https:\/\/www.calsina-carre.com\/ca\/#\/schema\/logo\/image\/","url":"https:\/\/www.calsina-carre.com\/wp-content\/uploads\/2021\/01\/LOGO-CALSINA-CARRE.png","contentUrl":"https:\/\/www.calsina-carre.com\/wp-content\/uploads\/2021\/01\/LOGO-CALSINA-CARRE.png","width":1682,"height":1029,"caption":"Calsina Carr\u00e9 Transports &amp; Logistics"},"image":{"@id":"https:\/\/www.calsina-carre.com\/ca\/#\/schema\/logo\/image\/"}},{"@type":"Person","@id":"https:\/\/www.calsina-carre.com\/ca\/#\/schema\/person\/3cbd8ef4b950cf6ef4ee81537a02486e","name":"Calsina Carr\u00e9","image":{"@type":"ImageObject","inLanguage":"fr-FR","@id":"https:\/\/secure.gravatar.com\/avatar\/8ff90da1f4fcc79de20b1639b0a626f31a648f299683e36c012327690f0202f6?s=96&d=mm&r=g","url":"https:\/\/secure.gravatar.com\/avatar\/8ff90da1f4fcc79de20b1639b0a626f31a648f299683e36c012327690f0202f6?s=96&d=mm&r=g","contentUrl":"https:\/\/secure.gravatar.com\/avatar\/8ff90da1f4fcc79de20b1639b0a626f31a648f299683e36c012327690f0202f6?s=96&d=mm&r=g","caption":"Calsina Carr\u00e9"},"url":"https:\/\/www.calsina-carre.com\/fr\/author\/ffapt\/"}]}},"_links":{"self":[{"href":"https:\/\/www.calsina-carre.com\/fr\/wp-json\/wp\/v2\/posts\/16030","targetHints":{"allow":["GET"]}}],"collection":[{"href":"https:\/\/www.calsina-carre.com\/fr\/wp-json\/wp\/v2\/posts"}],"about":[{"href":"https:\/\/www.calsina-carre.com\/fr\/wp-json\/wp\/v2\/types\/post"}],"author":[{"embeddable":true,"href":"https:\/\/www.calsina-carre.com\/fr\/wp-json\/wp\/v2\/users\/1"}],"replies":[{"embeddable":true,"href":"https:\/\/www.calsina-carre.com\/fr\/wp-json\/wp\/v2\/comments?post=16030"}],"version-history":[{"count":0,"href":"https:\/\/www.calsina-carre.com\/fr\/wp-json\/wp\/v2\/posts\/16030\/revisions"}],"wp:featuredmedia":[{"embeddable":true,"href":"https:\/\/www.calsina-carre.com\/fr\/wp-json\/wp\/v2\/media\/16033"}],"wp:attachment":[{"href":"https:\/\/www.calsina-carre.com\/fr\/wp-json\/wp\/v2\/media?parent=16030"}],"wp:term":[{"taxonomy":"category","embeddable":true,"href":"https:\/\/www.calsina-carre.com\/fr\/wp-json\/wp\/v2\/categories?post=16030"},{"taxonomy":"post_tag","embeddable":true,"href":"https:\/\/www.calsina-carre.com\/fr\/wp-json\/wp\/v2\/tags?post=16030"}],"curies":[{"name":"wp","href":"https:\/\/api.w.org\/{rel}","templated":true}]}}