{"id":16052,"date":"2023-09-20T10:58:04","date_gmt":"2023-09-20T08:58:04","guid":{"rendered":"https:\/\/www.calsina-carre.com\/?p=16052"},"modified":"2023-10-06T10:50:56","modified_gmt":"2023-10-06T08:50:56","slug":"uniendo-fuerzas-para-marruecos","status":"publish","type":"post","link":"https:\/\/www.calsina-carre.com\/fr\/uniendo-fuerzas-para-marruecos\/","title":{"rendered":"Unir nos forces pour le Maroc"},"content":{"rendered":"<p class=\"translation-block\">Le vendredi 8 septembre, <strong>un tremblement de terre d\u00e9vastateur<\/strong> a gravement endommag\u00e9 les villes et villages marocains de l'Atlas, et a eu des r\u00e9percutions jusqu\u2019\u00e0 la ville de <strong>Marrakech,<\/strong> une trag\u00e9die qui a fait plus de 2 500 morts. <strong>Nos pens\u00e9es et notre soutien vont \u00e0 toutes les personnes touch\u00e9es <\/strong>par cette catastrophe naturelle.<\/p>\n<p class=\"translation-block\">Apr\u00e8s avoir re\u00e7u cette terrible nouvelle, Calsina Carre a r\u00e9agi rapidement en mettant \u00e0 disposition des ressources, pour <strong> envoyer des produits de premi\u00e8re n\u00e9cessit\u00e9, des aliments emball\u00e9s et des v\u00eatements chauds, depuis l\u2019Espagne et le Maroc<\/strong> vers les zones sinistr\u00e9es.\n\nEn ce moment de crise, <strong>la collaboration et la solidarit\u00e9 sont cruciales.<\/strong> Nous souhaitons exprimer notre sinc\u00e8res gratitude \u00e0 toutes les <strong>personnes, associations et institutions qui ont fait confiance \u00e0 Calsina Carre. <\/strong>Nous avons <strong>travaill\u00e9 conjointement avec les autorit\u00e9s et organisations locales <\/strong>et Nous avons apport\u00e9 notre savoir-faire pour coordonner les exp\u00e9ditions de la mani\u00e8re <strong>la plus efficiente possible.<\/strong><\/p>\n<p class=\"translation-block\">Nous tenons tout particuli\u00e8rement \u00e0 souligner <strong>l\u2019implication et les efforts du personnel de Calsina Carre,<\/strong> qui a travaill\u00e9 sans rel\u00e2che pour coordonner la logistique. De m\u00eame que nous remercions l\u2019effort de <strong>nos partenaires et b\u00e9n\u00e9voles,<\/strong> leur implication et leur solidarit\u00e9 ont \u00e9t\u00e9 inspirant.<\/p>\n<p class=\"translation-block\"><strong>Calsina Carr\u00e9 est pr\u00e9sente au Maroc <\/strong>depuis plus de deux d\u00e9cennies et nous avons eu le privil\u00e8ge de faire partie de cette belle nation et de travailler en \u00e9troite collaboration avec son peuple. Nous sommes profond\u00e9ment affect\u00e9s par cette trag\u00e9die et nous nous engageons activement \u00e0 faire tout ce qui est en notre pouvoir pour <strong>apporter notre contribution et notre soutien \u00e0 la communaut\u00e9 marocaine.<\/strong><\/p>\n<p class=\"translation-block\">En ces temps difficiles, nous rappelons que la <strong>solidarit\u00e9 et le soutien mutuel sont les valeurs qui nous unissent <\/strong> en tant que soci\u00e9t\u00e9, <strong>Force Au Royaume du Maroc.<\/strong><\/p>\n<p><img fetchpriority=\"high\" decoding=\"async\" class=\"wp-image-16067\" src=\"https:\/\/www.calsina-carre.com\/wp-content\/uploads\/2023\/09\/ayuda-humanitaria-marruecos-web-300x229.jpg\" alt=\"Ayuda humanitaria marruecos calsina Carre\u0301\" width=\"635\" height=\"485\" srcset=\"https:\/\/www.calsina-carre.com\/wp-content\/uploads\/2023\/09\/ayuda-humanitaria-marruecos-web-300x229.jpg 300w, https:\/\/www.calsina-carre.com\/wp-content\/uploads\/2023\/09\/ayuda-humanitaria-marruecos-web-1024x780.jpg 1024w, https:\/\/www.calsina-carre.com\/wp-content\/uploads\/2023\/09\/ayuda-humanitaria-marruecos-web-768x585.jpg 768w, https:\/\/www.calsina-carre.com\/wp-content\/uploads\/2023\/09\/ayuda-humanitaria-marruecos-web-1536x1170.jpg 1536w, https:\/\/www.calsina-carre.com\/wp-content\/uploads\/2023\/09\/ayuda-humanitaria-marruecos-web-16x12.jpg 16w, https:\/\/www.calsina-carre.com\/wp-content\/uploads\/2023\/09\/ayuda-humanitaria-marruecos-web.jpg 2000w\" sizes=\"(max-width: 635px) 100vw, 635px\" \/><\/p>","protected":false},"excerpt":{"rendered":"<p>El viernes 8 de septiembre un devastador terremoto de magnitud 6,8 golpe\u00f3 Marruecos da\u00f1ando gravemente ciudades y pueblos cerca de las monta\u00f1as del Atlas y arrasando el centro y los suburbios de Marrakech. Una tragedia que ha dejado m\u00e1s 2.500 muertos. Nuestros corazones est\u00e1n con todas las personas afectadas por este desastre natural que ha [&hellip;]<\/p>\n","protected":false},"author":1,"featured_media":16053,"comment_status":"open","ping_status":"open","sticky":false,"template":"","format":"standard","meta":{"site-sidebar-layout":"default","site-content-layout":"default","ast-site-content-layout":"default","site-content-style":"default","site-sidebar-style":"default","ast-global-header-display":"","ast-banner-title-visibility":"","ast-main-header-display":"","ast-hfb-above-header-display":"","ast-hfb-below-header-display":"","ast-hfb-mobile-header-display":"","site-post-title":"","ast-breadcrumbs-content":"","ast-featured-img":"","footer-sml-layout":"","ast-disable-related-posts":"","theme-transparent-header-meta":"default","adv-header-id-meta":"","stick-header-meta":"","header-above-stick-meta":"","header-main-stick-meta":"","header-below-stick-meta":"","astra-migrate-meta-layouts":"default","ast-page-background-enabled":"default","ast-page-background-meta":{"desktop":{"background-color":"","background-image":"","background-repeat":"repeat","background-position":"center center","background-size":"auto","background-attachment":"scroll","background-type":"","background-media":"","overlay-type":"","overlay-color":"","overlay-opacity":"","overlay-gradient":""},"tablet":{"background-color":"","background-image":"","background-repeat":"repeat","background-position":"center center","background-size":"auto","background-attachment":"scroll","background-type":"","background-media":"","overlay-type":"","overlay-color":"","overlay-opacity":"","overlay-gradient":""},"mobile":{"background-color":"","background-image":"","background-repeat":"repeat","background-position":"center center","background-size":"auto","background-attachment":"scroll","background-type":"","background-media":"","overlay-type":"","overlay-color":"","overlay-opacity":"","overlay-gradient":""}},"ast-content-background-meta":{"desktop":{"background-color":"var(--ast-global-color-5)","background-image":"","background-repeat":"repeat","background-position":"center center","background-size":"auto","background-attachment":"scroll","background-type":"","background-media":"","overlay-type":"","overlay-color":"","overlay-opacity":"","overlay-gradient":""},"tablet":{"background-color":"var(--ast-global-color-5)","background-image":"","background-repeat":"repeat","background-position":"center center","background-size":"auto","background-attachment":"scroll","background-type":"","background-media":"","overlay-type":"","overlay-color":"","overlay-opacity":"","overlay-gradient":""},"mobile":{"background-color":"var(--ast-global-color-5)","background-image":"","background-repeat":"repeat","background-position":"center center","background-size":"auto","background-attachment":"scroll","background-type":"","background-media":"","overlay-type":"","overlay-color":"","overlay-opacity":"","overlay-gradient":""}},"footnotes":""},"categories":[1],"tags":[],"class_list":["post-16052","post","type-post","status-publish","format-standard","has-post-thumbnail","hentry","category-uncategorized"],"yoast_head":"<!-- This site is optimized with the Yoast SEO plugin v27.3 - https:\/\/yoast.com\/product\/yoast-seo-wordpress\/ -->\n<title>Uniendo fuerzas para Marruecos - Calsina Carr\u00e9 Transports &amp; Logistics<\/title>\n<meta name=\"robots\" content=\"index, follow, max-snippet:-1, max-image-preview:large, max-video-preview:-1\" \/>\n<link rel=\"canonical\" href=\"https:\/\/www.calsina-carre.com\/fr\/uniendo-fuerzas-para-marruecos\/\" \/>\n<meta property=\"og:locale\" content=\"fr_FR\" \/>\n<meta property=\"og:type\" content=\"article\" \/>\n<meta property=\"og:title\" content=\"Uniendo fuerzas para Marruecos - Calsina Carr\u00e9 Transports &amp; Logistics\" \/>\n<meta property=\"og:description\" content=\"El viernes 8 de septiembre un devastador terremoto de magnitud 6,8 golpe\u00f3 Marruecos da\u00f1ando gravemente ciudades y pueblos cerca de las monta\u00f1as del Atlas y arrasando el centro y los suburbios de Marrakech. Una tragedia que ha dejado m\u00e1s 2.500 muertos. Nuestros corazones est\u00e1n con todas las personas afectadas por este desastre natural que ha [&hellip;]\" \/>\n<meta property=\"og:url\" content=\"https:\/\/www.calsina-carre.com\/fr\/uniendo-fuerzas-para-marruecos\/\" \/>\n<meta property=\"og:site_name\" content=\"Calsina Carr\u00e9 Transports &amp; Logistics\" \/>\n<meta property=\"article:published_time\" content=\"2023-09-20T08:58:04+00:00\" \/>\n<meta property=\"article:modified_time\" content=\"2023-10-06T08:50:56+00:00\" \/>\n<meta property=\"og:image\" content=\"https:\/\/www.calsina-carre.com\/wp-content\/uploads\/2023\/10\/Camio-humanitari-calsina-Carre_-Figueres-marroc.jpg\" \/>\n\t<meta property=\"og:image:width\" content=\"1016\" \/>\n\t<meta property=\"og:image:height\" content=\"698\" \/>\n\t<meta property=\"og:image:type\" content=\"image\/jpeg\" \/>\n<meta name=\"author\" content=\"Calsina Carr\u00e9\" \/>\n<meta name=\"twitter:card\" content=\"summary_large_image\" \/>\n<meta name=\"twitter:label1\" content=\"\u00c9crit par\" \/>\n\t<meta name=\"twitter:data1\" content=\"Calsina Carr\u00e9\" \/>\n\t<meta name=\"twitter:label2\" content=\"Dur\u00e9e de lecture estim\u00e9e\" \/>\n\t<meta name=\"twitter:data2\" content=\"2 minutes\" \/>\n<script type=\"application\/ld+json\" class=\"yoast-schema-graph\">{\"@context\":\"https:\\\/\\\/schema.org\",\"@graph\":[{\"@type\":\"Article\",\"@id\":\"https:\\\/\\\/www.calsina-carre.com\\\/uniendo-fuerzas-para-marruecos\\\/#article\",\"isPartOf\":{\"@id\":\"https:\\\/\\\/www.calsina-carre.com\\\/uniendo-fuerzas-para-marruecos\\\/\"},\"author\":{\"name\":\"Calsina Carr\u00e9\",\"@id\":\"https:\\\/\\\/www.calsina-carre.com\\\/ca\\\/#\\\/schema\\\/person\\\/3cbd8ef4b950cf6ef4ee81537a02486e\"},\"headline\":\"Uniendo fuerzas para Marruecos\",\"datePublished\":\"2023-09-20T08:58:04+00:00\",\"dateModified\":\"2023-10-06T08:50:56+00:00\",\"mainEntityOfPage\":{\"@id\":\"https:\\\/\\\/www.calsina-carre.com\\\/uniendo-fuerzas-para-marruecos\\\/\"},\"wordCount\":325,\"commentCount\":0,\"publisher\":{\"@id\":\"https:\\\/\\\/www.calsina-carre.com\\\/ca\\\/#organization\"},\"image\":{\"@id\":\"https:\\\/\\\/www.calsina-carre.com\\\/uniendo-fuerzas-para-marruecos\\\/#primaryimage\"},\"thumbnailUrl\":\"https:\\\/\\\/www.calsina-carre.com\\\/wp-content\\\/uploads\\\/2023\\\/10\\\/Camio-humanitari-calsina-Carre_-Figueres-marroc.jpg\",\"articleSection\":[\"Uncategorized\"],\"inLanguage\":\"fr-FR\",\"potentialAction\":[{\"@type\":\"CommentAction\",\"name\":\"Comment\",\"target\":[\"https:\\\/\\\/www.calsina-carre.com\\\/uniendo-fuerzas-para-marruecos\\\/#respond\"]}]},{\"@type\":\"WebPage\",\"@id\":\"https:\\\/\\\/www.calsina-carre.com\\\/uniendo-fuerzas-para-marruecos\\\/\",\"url\":\"https:\\\/\\\/www.calsina-carre.com\\\/uniendo-fuerzas-para-marruecos\\\/\",\"name\":\"Uniendo fuerzas para Marruecos - Calsina Carr\u00e9 Transports &amp; Logistics\",\"isPartOf\":{\"@id\":\"https:\\\/\\\/www.calsina-carre.com\\\/ca\\\/#website\"},\"primaryImageOfPage\":{\"@id\":\"https:\\\/\\\/www.calsina-carre.com\\\/uniendo-fuerzas-para-marruecos\\\/#primaryimage\"},\"image\":{\"@id\":\"https:\\\/\\\/www.calsina-carre.com\\\/uniendo-fuerzas-para-marruecos\\\/#primaryimage\"},\"thumbnailUrl\":\"https:\\\/\\\/www.calsina-carre.com\\\/wp-content\\\/uploads\\\/2023\\\/10\\\/Camio-humanitari-calsina-Carre_-Figueres-marroc.jpg\",\"datePublished\":\"2023-09-20T08:58:04+00:00\",\"dateModified\":\"2023-10-06T08:50:56+00:00\",\"breadcrumb\":{\"@id\":\"https:\\\/\\\/www.calsina-carre.com\\\/uniendo-fuerzas-para-marruecos\\\/#breadcrumb\"},\"inLanguage\":\"fr-FR\",\"potentialAction\":[{\"@type\":\"ReadAction\",\"target\":[\"https:\\\/\\\/www.calsina-carre.com\\\/uniendo-fuerzas-para-marruecos\\\/\"]}]},{\"@type\":\"ImageObject\",\"inLanguage\":\"fr-FR\",\"@id\":\"https:\\\/\\\/www.calsina-carre.com\\\/uniendo-fuerzas-para-marruecos\\\/#primaryimage\",\"url\":\"https:\\\/\\\/www.calsina-carre.com\\\/wp-content\\\/uploads\\\/2023\\\/10\\\/Camio-humanitari-calsina-Carre_-Figueres-marroc.jpg\",\"contentUrl\":\"https:\\\/\\\/www.calsina-carre.com\\\/wp-content\\\/uploads\\\/2023\\\/10\\\/Camio-humanitari-calsina-Carre_-Figueres-marroc.jpg\",\"width\":1016,\"height\":698,\"caption\":\"Ayuda humanitaria marruecos calsina Carre\u0301\"},{\"@type\":\"BreadcrumbList\",\"@id\":\"https:\\\/\\\/www.calsina-carre.com\\\/uniendo-fuerzas-para-marruecos\\\/#breadcrumb\",\"itemListElement\":[{\"@type\":\"ListItem\",\"position\":1,\"name\":\"Portada\",\"item\":\"https:\\\/\\\/www.calsina-carre.com\\\/\"},{\"@type\":\"ListItem\",\"position\":2,\"name\":\"Uniendo fuerzas para Marruecos\"}]},{\"@type\":\"WebSite\",\"@id\":\"https:\\\/\\\/www.calsina-carre.com\\\/ca\\\/#website\",\"url\":\"https:\\\/\\\/www.calsina-carre.com\\\/ca\\\/\",\"name\":\"Calsina Carr\u00e9 Transports &amp; Logistics\",\"description\":\"Transports &amp; Logistics\",\"publisher\":{\"@id\":\"https:\\\/\\\/www.calsina-carre.com\\\/ca\\\/#organization\"},\"potentialAction\":[{\"@type\":\"SearchAction\",\"target\":{\"@type\":\"EntryPoint\",\"urlTemplate\":\"https:\\\/\\\/www.calsina-carre.com\\\/ca\\\/?s={search_term_string}\"},\"query-input\":{\"@type\":\"PropertyValueSpecification\",\"valueRequired\":true,\"valueName\":\"search_term_string\"}}],\"inLanguage\":\"fr-FR\"},{\"@type\":\"Organization\",\"@id\":\"https:\\\/\\\/www.calsina-carre.com\\\/ca\\\/#organization\",\"name\":\"Calsina Carr\u00e9 Transports &amp; Logistics\",\"url\":\"https:\\\/\\\/www.calsina-carre.com\\\/ca\\\/\",\"logo\":{\"@type\":\"ImageObject\",\"inLanguage\":\"fr-FR\",\"@id\":\"https:\\\/\\\/www.calsina-carre.com\\\/ca\\\/#\\\/schema\\\/logo\\\/image\\\/\",\"url\":\"https:\\\/\\\/www.calsina-carre.com\\\/wp-content\\\/uploads\\\/2021\\\/01\\\/LOGO-CALSINA-CARRE.png\",\"contentUrl\":\"https:\\\/\\\/www.calsina-carre.com\\\/wp-content\\\/uploads\\\/2021\\\/01\\\/LOGO-CALSINA-CARRE.png\",\"width\":1682,\"height\":1029,\"caption\":\"Calsina Carr\u00e9 Transports &amp; Logistics\"},\"image\":{\"@id\":\"https:\\\/\\\/www.calsina-carre.com\\\/ca\\\/#\\\/schema\\\/logo\\\/image\\\/\"}},{\"@type\":\"Person\",\"@id\":\"https:\\\/\\\/www.calsina-carre.com\\\/ca\\\/#\\\/schema\\\/person\\\/3cbd8ef4b950cf6ef4ee81537a02486e\",\"name\":\"Calsina Carr\u00e9\",\"image\":{\"@type\":\"ImageObject\",\"inLanguage\":\"fr-FR\",\"@id\":\"https:\\\/\\\/secure.gravatar.com\\\/avatar\\\/8ff90da1f4fcc79de20b1639b0a626f31a648f299683e36c012327690f0202f6?s=96&d=mm&r=g\",\"url\":\"https:\\\/\\\/secure.gravatar.com\\\/avatar\\\/8ff90da1f4fcc79de20b1639b0a626f31a648f299683e36c012327690f0202f6?s=96&d=mm&r=g\",\"contentUrl\":\"https:\\\/\\\/secure.gravatar.com\\\/avatar\\\/8ff90da1f4fcc79de20b1639b0a626f31a648f299683e36c012327690f0202f6?s=96&d=mm&r=g\",\"caption\":\"Calsina Carr\u00e9\"},\"url\":\"https:\\\/\\\/www.calsina-carre.com\\\/fr\\\/author\\\/ffapt\\\/\"}]}<\/script>\n<!-- \/ Yoast SEO plugin. -->","yoast_head_json":{"title":"Uniendo fuerzas para Marruecos - Calsina Carr\u00e9 Transports &amp; Logistics","robots":{"index":"index","follow":"follow","max-snippet":"max-snippet:-1","max-image-preview":"max-image-preview:large","max-video-preview":"max-video-preview:-1"},"canonical":"https:\/\/www.calsina-carre.com\/fr\/uniendo-fuerzas-para-marruecos\/","og_locale":"fr_FR","og_type":"article","og_title":"Uniendo fuerzas para Marruecos - Calsina Carr\u00e9 Transports &amp; Logistics","og_description":"El viernes 8 de septiembre un devastador terremoto de magnitud 6,8 golpe\u00f3 Marruecos da\u00f1ando gravemente ciudades y pueblos cerca de las monta\u00f1as del Atlas y arrasando el centro y los suburbios de Marrakech. Una tragedia que ha dejado m\u00e1s 2.500 muertos. Nuestros corazones est\u00e1n con todas las personas afectadas por este desastre natural que ha [&hellip;]","og_url":"https:\/\/www.calsina-carre.com\/fr\/uniendo-fuerzas-para-marruecos\/","og_site_name":"Calsina Carr\u00e9 Transports &amp; Logistics","article_published_time":"2023-09-20T08:58:04+00:00","article_modified_time":"2023-10-06T08:50:56+00:00","og_image":[{"width":1016,"height":698,"url":"https:\/\/www.calsina-carre.com\/wp-content\/uploads\/2023\/10\/Camio-humanitari-calsina-Carre_-Figueres-marroc.jpg","type":"image\/jpeg"}],"author":"Calsina Carr\u00e9","twitter_card":"summary_large_image","twitter_misc":{"\u00c9crit par":"Calsina Carr\u00e9","Dur\u00e9e de lecture estim\u00e9e":"2 minutes"},"schema":{"@context":"https:\/\/schema.org","@graph":[{"@type":"Article","@id":"https:\/\/www.calsina-carre.com\/uniendo-fuerzas-para-marruecos\/#article","isPartOf":{"@id":"https:\/\/www.calsina-carre.com\/uniendo-fuerzas-para-marruecos\/"},"author":{"name":"Calsina Carr\u00e9","@id":"https:\/\/www.calsina-carre.com\/ca\/#\/schema\/person\/3cbd8ef4b950cf6ef4ee81537a02486e"},"headline":"Uniendo fuerzas para Marruecos","datePublished":"2023-09-20T08:58:04+00:00","dateModified":"2023-10-06T08:50:56+00:00","mainEntityOfPage":{"@id":"https:\/\/www.calsina-carre.com\/uniendo-fuerzas-para-marruecos\/"},"wordCount":325,"commentCount":0,"publisher":{"@id":"https:\/\/www.calsina-carre.com\/ca\/#organization"},"image":{"@id":"https:\/\/www.calsina-carre.com\/uniendo-fuerzas-para-marruecos\/#primaryimage"},"thumbnailUrl":"https:\/\/www.calsina-carre.com\/wp-content\/uploads\/2023\/10\/Camio-humanitari-calsina-Carre_-Figueres-marroc.jpg","articleSection":["Uncategorized"],"inLanguage":"fr-FR","potentialAction":[{"@type":"CommentAction","name":"Comment","target":["https:\/\/www.calsina-carre.com\/uniendo-fuerzas-para-marruecos\/#respond"]}]},{"@type":"WebPage","@id":"https:\/\/www.calsina-carre.com\/uniendo-fuerzas-para-marruecos\/","url":"https:\/\/www.calsina-carre.com\/uniendo-fuerzas-para-marruecos\/","name":"Uniendo fuerzas para Marruecos - Calsina Carr\u00e9 Transports &amp; Logistics","isPartOf":{"@id":"https:\/\/www.calsina-carre.com\/ca\/#website"},"primaryImageOfPage":{"@id":"https:\/\/www.calsina-carre.com\/uniendo-fuerzas-para-marruecos\/#primaryimage"},"image":{"@id":"https:\/\/www.calsina-carre.com\/uniendo-fuerzas-para-marruecos\/#primaryimage"},"thumbnailUrl":"https:\/\/www.calsina-carre.com\/wp-content\/uploads\/2023\/10\/Camio-humanitari-calsina-Carre_-Figueres-marroc.jpg","datePublished":"2023-09-20T08:58:04+00:00","dateModified":"2023-10-06T08:50:56+00:00","breadcrumb":{"@id":"https:\/\/www.calsina-carre.com\/uniendo-fuerzas-para-marruecos\/#breadcrumb"},"inLanguage":"fr-FR","potentialAction":[{"@type":"ReadAction","target":["https:\/\/www.calsina-carre.com\/uniendo-fuerzas-para-marruecos\/"]}]},{"@type":"ImageObject","inLanguage":"fr-FR","@id":"https:\/\/www.calsina-carre.com\/uniendo-fuerzas-para-marruecos\/#primaryimage","url":"https:\/\/www.calsina-carre.com\/wp-content\/uploads\/2023\/10\/Camio-humanitari-calsina-Carre_-Figueres-marroc.jpg","contentUrl":"https:\/\/www.calsina-carre.com\/wp-content\/uploads\/2023\/10\/Camio-humanitari-calsina-Carre_-Figueres-marroc.jpg","width":1016,"height":698,"caption":"Ayuda humanitaria marruecos calsina Carre\u0301"},{"@type":"BreadcrumbList","@id":"https:\/\/www.calsina-carre.com\/uniendo-fuerzas-para-marruecos\/#breadcrumb","itemListElement":[{"@type":"ListItem","position":1,"name":"Portada","item":"https:\/\/www.calsina-carre.com\/"},{"@type":"ListItem","position":2,"name":"Uniendo fuerzas para Marruecos"}]},{"@type":"WebSite","@id":"https:\/\/www.calsina-carre.com\/ca\/#website","url":"https:\/\/www.calsina-carre.com\/ca\/","name":"Calsina Carr\u00e9 Transports &amp; Logistics","description":"Transports &amp; Logistics","publisher":{"@id":"https:\/\/www.calsina-carre.com\/ca\/#organization"},"potentialAction":[{"@type":"SearchAction","target":{"@type":"EntryPoint","urlTemplate":"https:\/\/www.calsina-carre.com\/ca\/?s={search_term_string}"},"query-input":{"@type":"PropertyValueSpecification","valueRequired":true,"valueName":"search_term_string"}}],"inLanguage":"fr-FR"},{"@type":"Organization","@id":"https:\/\/www.calsina-carre.com\/ca\/#organization","name":"Calsina Carr\u00e9 Transports &amp; Logistics","url":"https:\/\/www.calsina-carre.com\/ca\/","logo":{"@type":"ImageObject","inLanguage":"fr-FR","@id":"https:\/\/www.calsina-carre.com\/ca\/#\/schema\/logo\/image\/","url":"https:\/\/www.calsina-carre.com\/wp-content\/uploads\/2021\/01\/LOGO-CALSINA-CARRE.png","contentUrl":"https:\/\/www.calsina-carre.com\/wp-content\/uploads\/2021\/01\/LOGO-CALSINA-CARRE.png","width":1682,"height":1029,"caption":"Calsina Carr\u00e9 Transports &amp; Logistics"},"image":{"@id":"https:\/\/www.calsina-carre.com\/ca\/#\/schema\/logo\/image\/"}},{"@type":"Person","@id":"https:\/\/www.calsina-carre.com\/ca\/#\/schema\/person\/3cbd8ef4b950cf6ef4ee81537a02486e","name":"Calsina Carr\u00e9","image":{"@type":"ImageObject","inLanguage":"fr-FR","@id":"https:\/\/secure.gravatar.com\/avatar\/8ff90da1f4fcc79de20b1639b0a626f31a648f299683e36c012327690f0202f6?s=96&d=mm&r=g","url":"https:\/\/secure.gravatar.com\/avatar\/8ff90da1f4fcc79de20b1639b0a626f31a648f299683e36c012327690f0202f6?s=96&d=mm&r=g","contentUrl":"https:\/\/secure.gravatar.com\/avatar\/8ff90da1f4fcc79de20b1639b0a626f31a648f299683e36c012327690f0202f6?s=96&d=mm&r=g","caption":"Calsina Carr\u00e9"},"url":"https:\/\/www.calsina-carre.com\/fr\/author\/ffapt\/"}]}},"_links":{"self":[{"href":"https:\/\/www.calsina-carre.com\/fr\/wp-json\/wp\/v2\/posts\/16052","targetHints":{"allow":["GET"]}}],"collection":[{"href":"https:\/\/www.calsina-carre.com\/fr\/wp-json\/wp\/v2\/posts"}],"about":[{"href":"https:\/\/www.calsina-carre.com\/fr\/wp-json\/wp\/v2\/types\/post"}],"author":[{"embeddable":true,"href":"https:\/\/www.calsina-carre.com\/fr\/wp-json\/wp\/v2\/users\/1"}],"replies":[{"embeddable":true,"href":"https:\/\/www.calsina-carre.com\/fr\/wp-json\/wp\/v2\/comments?post=16052"}],"version-history":[{"count":0,"href":"https:\/\/www.calsina-carre.com\/fr\/wp-json\/wp\/v2\/posts\/16052\/revisions"}],"wp:featuredmedia":[{"embeddable":true,"href":"https:\/\/www.calsina-carre.com\/fr\/wp-json\/wp\/v2\/media\/16053"}],"wp:attachment":[{"href":"https:\/\/www.calsina-carre.com\/fr\/wp-json\/wp\/v2\/media?parent=16052"}],"wp:term":[{"taxonomy":"category","embeddable":true,"href":"https:\/\/www.calsina-carre.com\/fr\/wp-json\/wp\/v2\/categories?post=16052"},{"taxonomy":"post_tag","embeddable":true,"href":"https:\/\/www.calsina-carre.com\/fr\/wp-json\/wp\/v2\/tags?post=16052"}],"curies":[{"name":"wp","href":"https:\/\/api.w.org\/{rel}","templated":true}]}}