{"id":17923,"date":"2025-04-04T09:09:55","date_gmt":"2025-04-04T07:09:55","guid":{"rendered":"https:\/\/www.calsina-carre.com\/?p=17923"},"modified":"2025-04-07T09:32:27","modified_gmt":"2025-04-07T07:32:27","slug":"au-revoir-sitl-paris","status":"publish","type":"post","link":"https:\/\/www.calsina-carre.com\/fr\/au-revoir-sitl-paris\/","title":{"rendered":"Au revoir SITL Par\u00eds 2025!"},"content":{"rendered":"<p class=\"translation-block\">Calsina Carr\u00e9 a particip\u00e9 \u00e0 l\u2019\u00e9dition 2025 de la SITL Paris (Semaine de l\u2019Innovation du Transport et de la Logistique), l\u2019un des principaux rendez-vous des professionnels du transport et de la logistique en Europe. Notre pr\u00e9sence \u00e0 cet \u00e9v\u00e9nement annuel est une occasion de r\u00e9affirmer notre engagement envers le march\u00e9 fran\u00e7ais, un axe strat\u00e9gique essentiel dans notre d\u00e9veloppement international.<\/p>\n<p class=\"translation-block\">La France joue \u00e9galement un r\u00f4le central dans notre op\u00e9ration intermodale europ\u00e9enne. Nous effectuons actuellement plus de 1.500 trajets par mois \u00e0 travers le pays, dont une grande partie par voie ferroviaire. Ce choix pour l\u2019intermodalit\u00e9 \u2014 combinant rail et route \u2014 nous permet de r\u00e9duire notre empreinte carbone, d\u2019am\u00e9liorer l\u2019efficacit\u00e9 et de raccourcir les d\u00e9lais vers les principales destinations du continent.<\/p>\n<p class=\"translation-block\">Notre activit\u00e9 en France est soutenue par une antenne op\u00e9rationnelle \u00e0 Paris, qui nous permet de disposer d\u2019une \u00e9quipe locale et de ressources sur place pour r\u00e9pondre de mani\u00e8re rapide et personnalis\u00e9e aux besoins du march\u00e9. Cette implantation locale est essentielle pour garantir un service de proximit\u00e9, fiable et parfaitement adapt\u00e9 aux sp\u00e9cificit\u00e9s du secteur logistique fran\u00e7ais.<\/p>\n<p class=\"translation-block\">Pendant les jours du salon, le stand de Calsina Carr\u00e9 a \u00e9t\u00e9 un lieu de rencontre pour les op\u00e9rateurs, les clients potentiels et les partenaires int\u00e9ress\u00e9s par des solutions logistiques durables, flexibles et adapt\u00e9es aux exigences du march\u00e9 fran\u00e7ais. Ce fut \u00e9galement une excellente opportunit\u00e9 d\u2019identifier de nouvelles pistes de collaboration et de renforcer les liens avec nos clients actuels. L\u2019int\u00e9r\u00eat port\u00e9 \u00e0 nos itin\u00e9raires et \u00e0 nos capacit\u00e9s sur l\u2019axe France-Europe confirme l\u2019importance de poursuivre nos investissements en technologie, en infrastructures et en partenariats strat\u00e9giques dans le pays.<\/p>\n<p class=\"translation-block\">Un grand merci \u00e0 tous les visiteurs, collaborateurs et professionnels qui nous ont rejoints lors de cette \u00e9dition de la SITL Paris. \u00c0 l\u2019ann\u00e9e prochaine !<\/p>","protected":false},"excerpt":{"rendered":"<p>Calsina Carr\u00e9 particip\u00f3 en la reciente edici\u00f3n de SITL Paris 2025 (Semaine de l\u2019Innovation du Transport et de la Logistique), uno de los principales puntos de encuentro para los profesionales del transporte y la log\u00edstica en Europa. Nuestra presencia en este evento anual es una oportunidad para consolidar nuestro compromiso con el mercado franc\u00e9s, un [&hellip;]<\/p>\n","protected":false},"author":1,"featured_media":17925,"comment_status":"closed","ping_status":"open","sticky":false,"template":"","format":"standard","meta":{"site-sidebar-layout":"default","site-content-layout":"","ast-site-content-layout":"default","site-content-style":"default","site-sidebar-style":"default","ast-global-header-display":"","ast-banner-title-visibility":"","ast-main-header-display":"","ast-hfb-above-header-display":"","ast-hfb-below-header-display":"","ast-hfb-mobile-header-display":"","site-post-title":"","ast-breadcrumbs-content":"","ast-featured-img":"","footer-sml-layout":"","ast-disable-related-posts":"","theme-transparent-header-meta":"default","adv-header-id-meta":"","stick-header-meta":"","header-above-stick-meta":"","header-main-stick-meta":"","header-below-stick-meta":"","astra-migrate-meta-layouts":"set","ast-page-background-enabled":"default","ast-page-background-meta":{"desktop":{"background-color":"","background-image":"","background-repeat":"repeat","background-position":"center center","background-size":"auto","background-attachment":"scroll","background-type":"","background-media":"","overlay-type":"","overlay-color":"","overlay-opacity":"","overlay-gradient":""},"tablet":{"background-color":"","background-image":"","background-repeat":"repeat","background-position":"center center","background-size":"auto","background-attachment":"scroll","background-type":"","background-media":"","overlay-type":"","overlay-color":"","overlay-opacity":"","overlay-gradient":""},"mobile":{"background-color":"","background-image":"","background-repeat":"repeat","background-position":"center center","background-size":"auto","background-attachment":"scroll","background-type":"","background-media":"","overlay-type":"","overlay-color":"","overlay-opacity":"","overlay-gradient":""}},"ast-content-background-meta":{"desktop":{"background-color":"var(--ast-global-color-5)","background-image":"","background-repeat":"repeat","background-position":"center center","background-size":"auto","background-attachment":"scroll","background-type":"","background-media":"","overlay-type":"","overlay-color":"","overlay-opacity":"","overlay-gradient":""},"tablet":{"background-color":"var(--ast-global-color-5)","background-image":"","background-repeat":"repeat","background-position":"center center","background-size":"auto","background-attachment":"scroll","background-type":"","background-media":"","overlay-type":"","overlay-color":"","overlay-opacity":"","overlay-gradient":""},"mobile":{"background-color":"var(--ast-global-color-5)","background-image":"","background-repeat":"repeat","background-position":"center center","background-size":"auto","background-attachment":"scroll","background-type":"","background-media":"","overlay-type":"","overlay-color":"","overlay-opacity":"","overlay-gradient":""}},"footnotes":""},"categories":[1],"tags":[],"class_list":["post-17923","post","type-post","status-publish","format-standard","has-post-thumbnail","hentry","category-uncategorized"],"yoast_head":"<!-- This site is optimized with the Yoast SEO plugin v27.3 - https:\/\/yoast.com\/product\/yoast-seo-wordpress\/ -->\n<title>Au revoir SITL Par\u00eds 2025! - Calsina Carr\u00e9 Transports &amp; Logistics<\/title>\n<meta name=\"robots\" content=\"index, follow, max-snippet:-1, max-image-preview:large, max-video-preview:-1\" \/>\n<link rel=\"canonical\" href=\"https:\/\/www.calsina-carre.com\/fr\/au-revoir-sitl-paris\/\" \/>\n<meta property=\"og:locale\" content=\"fr_FR\" \/>\n<meta property=\"og:type\" content=\"article\" \/>\n<meta property=\"og:title\" content=\"Au revoir SITL Par\u00eds 2025! - Calsina Carr\u00e9 Transports &amp; Logistics\" \/>\n<meta property=\"og:description\" content=\"Calsina Carr\u00e9 particip\u00f3 en la reciente edici\u00f3n de SITL Paris 2025 (Semaine de l\u2019Innovation du Transport et de la Logistique), uno de los principales puntos de encuentro para los profesionales del transporte y la log\u00edstica en Europa. Nuestra presencia en este evento anual es una oportunidad para consolidar nuestro compromiso con el mercado franc\u00e9s, un [&hellip;]\" \/>\n<meta property=\"og:url\" content=\"https:\/\/www.calsina-carre.com\/fr\/au-revoir-sitl-paris\/\" \/>\n<meta property=\"og:site_name\" content=\"Calsina Carr\u00e9 Transports &amp; Logistics\" \/>\n<meta property=\"article:published_time\" content=\"2025-04-04T07:09:55+00:00\" \/>\n<meta property=\"article:modified_time\" content=\"2025-04-07T07:32:27+00:00\" \/>\n<meta property=\"og:image\" content=\"https:\/\/www.calsina-carre.com\/wp-content\/uploads\/2025\/04\/1743512449386.jpeg\" \/>\n\t<meta property=\"og:image:width\" content=\"1600\" \/>\n\t<meta property=\"og:image:height\" content=\"1344\" \/>\n\t<meta property=\"og:image:type\" content=\"image\/jpeg\" \/>\n<meta name=\"author\" content=\"Calsina Carr\u00e9\" \/>\n<meta name=\"twitter:card\" content=\"summary_large_image\" \/>\n<meta name=\"twitter:label1\" content=\"\u00c9crit par\" \/>\n\t<meta name=\"twitter:data1\" content=\"Calsina Carr\u00e9\" \/>\n\t<meta name=\"twitter:label2\" content=\"Dur\u00e9e de lecture estim\u00e9e\" \/>\n\t<meta name=\"twitter:data2\" content=\"2 minutes\" \/>\n<script type=\"application\/ld+json\" class=\"yoast-schema-graph\">{\"@context\":\"https:\\\/\\\/schema.org\",\"@graph\":[{\"@type\":\"Article\",\"@id\":\"https:\\\/\\\/www.calsina-carre.com\\\/au-revoir-sitl-paris\\\/#article\",\"isPartOf\":{\"@id\":\"https:\\\/\\\/www.calsina-carre.com\\\/au-revoir-sitl-paris\\\/\"},\"author\":{\"name\":\"Calsina Carr\u00e9\",\"@id\":\"https:\\\/\\\/www.calsina-carre.com\\\/ca\\\/#\\\/schema\\\/person\\\/3cbd8ef4b950cf6ef4ee81537a02486e\"},\"headline\":\"Au revoir SITL Par\u00eds 2025!\",\"datePublished\":\"2025-04-04T07:09:55+00:00\",\"dateModified\":\"2025-04-07T07:32:27+00:00\",\"mainEntityOfPage\":{\"@id\":\"https:\\\/\\\/www.calsina-carre.com\\\/au-revoir-sitl-paris\\\/\"},\"wordCount\":308,\"publisher\":{\"@id\":\"https:\\\/\\\/www.calsina-carre.com\\\/ca\\\/#organization\"},\"image\":{\"@id\":\"https:\\\/\\\/www.calsina-carre.com\\\/au-revoir-sitl-paris\\\/#primaryimage\"},\"thumbnailUrl\":\"https:\\\/\\\/www.calsina-carre.com\\\/wp-content\\\/uploads\\\/2025\\\/04\\\/1743512449386.jpeg\",\"articleSection\":[\"Uncategorized\"],\"inLanguage\":\"fr-FR\"},{\"@type\":\"WebPage\",\"@id\":\"https:\\\/\\\/www.calsina-carre.com\\\/au-revoir-sitl-paris\\\/\",\"url\":\"https:\\\/\\\/www.calsina-carre.com\\\/au-revoir-sitl-paris\\\/\",\"name\":\"Au revoir SITL Par\u00eds 2025! - Calsina Carr\u00e9 Transports &amp; Logistics\",\"isPartOf\":{\"@id\":\"https:\\\/\\\/www.calsina-carre.com\\\/ca\\\/#website\"},\"primaryImageOfPage\":{\"@id\":\"https:\\\/\\\/www.calsina-carre.com\\\/au-revoir-sitl-paris\\\/#primaryimage\"},\"image\":{\"@id\":\"https:\\\/\\\/www.calsina-carre.com\\\/au-revoir-sitl-paris\\\/#primaryimage\"},\"thumbnailUrl\":\"https:\\\/\\\/www.calsina-carre.com\\\/wp-content\\\/uploads\\\/2025\\\/04\\\/1743512449386.jpeg\",\"datePublished\":\"2025-04-04T07:09:55+00:00\",\"dateModified\":\"2025-04-07T07:32:27+00:00\",\"breadcrumb\":{\"@id\":\"https:\\\/\\\/www.calsina-carre.com\\\/au-revoir-sitl-paris\\\/#breadcrumb\"},\"inLanguage\":\"fr-FR\",\"potentialAction\":[{\"@type\":\"ReadAction\",\"target\":[\"https:\\\/\\\/www.calsina-carre.com\\\/au-revoir-sitl-paris\\\/\"]}]},{\"@type\":\"ImageObject\",\"inLanguage\":\"fr-FR\",\"@id\":\"https:\\\/\\\/www.calsina-carre.com\\\/au-revoir-sitl-paris\\\/#primaryimage\",\"url\":\"https:\\\/\\\/www.calsina-carre.com\\\/wp-content\\\/uploads\\\/2025\\\/04\\\/1743512449386.jpeg\",\"contentUrl\":\"https:\\\/\\\/www.calsina-carre.com\\\/wp-content\\\/uploads\\\/2025\\\/04\\\/1743512449386.jpeg\",\"width\":1600,\"height\":1344},{\"@type\":\"BreadcrumbList\",\"@id\":\"https:\\\/\\\/www.calsina-carre.com\\\/au-revoir-sitl-paris\\\/#breadcrumb\",\"itemListElement\":[{\"@type\":\"ListItem\",\"position\":1,\"name\":\"Portada\",\"item\":\"https:\\\/\\\/www.calsina-carre.com\\\/\"},{\"@type\":\"ListItem\",\"position\":2,\"name\":\"Au revoir SITL Par\u00eds 2025!\"}]},{\"@type\":\"WebSite\",\"@id\":\"https:\\\/\\\/www.calsina-carre.com\\\/ca\\\/#website\",\"url\":\"https:\\\/\\\/www.calsina-carre.com\\\/ca\\\/\",\"name\":\"Calsina Carr\u00e9 Transports &amp; Logistics\",\"description\":\"Transports &amp; Logistics\",\"publisher\":{\"@id\":\"https:\\\/\\\/www.calsina-carre.com\\\/ca\\\/#organization\"},\"potentialAction\":[{\"@type\":\"SearchAction\",\"target\":{\"@type\":\"EntryPoint\",\"urlTemplate\":\"https:\\\/\\\/www.calsina-carre.com\\\/ca\\\/?s={search_term_string}\"},\"query-input\":{\"@type\":\"PropertyValueSpecification\",\"valueRequired\":true,\"valueName\":\"search_term_string\"}}],\"inLanguage\":\"fr-FR\"},{\"@type\":\"Organization\",\"@id\":\"https:\\\/\\\/www.calsina-carre.com\\\/ca\\\/#organization\",\"name\":\"Calsina Carr\u00e9 Transports &amp; Logistics\",\"url\":\"https:\\\/\\\/www.calsina-carre.com\\\/ca\\\/\",\"logo\":{\"@type\":\"ImageObject\",\"inLanguage\":\"fr-FR\",\"@id\":\"https:\\\/\\\/www.calsina-carre.com\\\/ca\\\/#\\\/schema\\\/logo\\\/image\\\/\",\"url\":\"https:\\\/\\\/www.calsina-carre.com\\\/wp-content\\\/uploads\\\/2021\\\/01\\\/LOGO-CALSINA-CARRE.png\",\"contentUrl\":\"https:\\\/\\\/www.calsina-carre.com\\\/wp-content\\\/uploads\\\/2021\\\/01\\\/LOGO-CALSINA-CARRE.png\",\"width\":1682,\"height\":1029,\"caption\":\"Calsina Carr\u00e9 Transports &amp; Logistics\"},\"image\":{\"@id\":\"https:\\\/\\\/www.calsina-carre.com\\\/ca\\\/#\\\/schema\\\/logo\\\/image\\\/\"}},{\"@type\":\"Person\",\"@id\":\"https:\\\/\\\/www.calsina-carre.com\\\/ca\\\/#\\\/schema\\\/person\\\/3cbd8ef4b950cf6ef4ee81537a02486e\",\"name\":\"Calsina Carr\u00e9\",\"image\":{\"@type\":\"ImageObject\",\"inLanguage\":\"fr-FR\",\"@id\":\"https:\\\/\\\/secure.gravatar.com\\\/avatar\\\/8ff90da1f4fcc79de20b1639b0a626f31a648f299683e36c012327690f0202f6?s=96&d=mm&r=g\",\"url\":\"https:\\\/\\\/secure.gravatar.com\\\/avatar\\\/8ff90da1f4fcc79de20b1639b0a626f31a648f299683e36c012327690f0202f6?s=96&d=mm&r=g\",\"contentUrl\":\"https:\\\/\\\/secure.gravatar.com\\\/avatar\\\/8ff90da1f4fcc79de20b1639b0a626f31a648f299683e36c012327690f0202f6?s=96&d=mm&r=g\",\"caption\":\"Calsina Carr\u00e9\"},\"url\":\"https:\\\/\\\/www.calsina-carre.com\\\/fr\\\/author\\\/ffapt\\\/\"}]}<\/script>\n<!-- \/ Yoast SEO plugin. -->","yoast_head_json":{"title":"Au revoir SITL Par\u00eds 2025! - Calsina Carr\u00e9 Transports &amp; Logistics","robots":{"index":"index","follow":"follow","max-snippet":"max-snippet:-1","max-image-preview":"max-image-preview:large","max-video-preview":"max-video-preview:-1"},"canonical":"https:\/\/www.calsina-carre.com\/fr\/au-revoir-sitl-paris\/","og_locale":"fr_FR","og_type":"article","og_title":"Au revoir SITL Par\u00eds 2025! - Calsina Carr\u00e9 Transports &amp; Logistics","og_description":"Calsina Carr\u00e9 particip\u00f3 en la reciente edici\u00f3n de SITL Paris 2025 (Semaine de l\u2019Innovation du Transport et de la Logistique), uno de los principales puntos de encuentro para los profesionales del transporte y la log\u00edstica en Europa. Nuestra presencia en este evento anual es una oportunidad para consolidar nuestro compromiso con el mercado franc\u00e9s, un [&hellip;]","og_url":"https:\/\/www.calsina-carre.com\/fr\/au-revoir-sitl-paris\/","og_site_name":"Calsina Carr\u00e9 Transports &amp; Logistics","article_published_time":"2025-04-04T07:09:55+00:00","article_modified_time":"2025-04-07T07:32:27+00:00","og_image":[{"width":1600,"height":1344,"url":"https:\/\/www.calsina-carre.com\/wp-content\/uploads\/2025\/04\/1743512449386.jpeg","type":"image\/jpeg"}],"author":"Calsina Carr\u00e9","twitter_card":"summary_large_image","twitter_misc":{"\u00c9crit par":"Calsina Carr\u00e9","Dur\u00e9e de lecture estim\u00e9e":"2 minutes"},"schema":{"@context":"https:\/\/schema.org","@graph":[{"@type":"Article","@id":"https:\/\/www.calsina-carre.com\/au-revoir-sitl-paris\/#article","isPartOf":{"@id":"https:\/\/www.calsina-carre.com\/au-revoir-sitl-paris\/"},"author":{"name":"Calsina Carr\u00e9","@id":"https:\/\/www.calsina-carre.com\/ca\/#\/schema\/person\/3cbd8ef4b950cf6ef4ee81537a02486e"},"headline":"Au revoir SITL Par\u00eds 2025!","datePublished":"2025-04-04T07:09:55+00:00","dateModified":"2025-04-07T07:32:27+00:00","mainEntityOfPage":{"@id":"https:\/\/www.calsina-carre.com\/au-revoir-sitl-paris\/"},"wordCount":308,"publisher":{"@id":"https:\/\/www.calsina-carre.com\/ca\/#organization"},"image":{"@id":"https:\/\/www.calsina-carre.com\/au-revoir-sitl-paris\/#primaryimage"},"thumbnailUrl":"https:\/\/www.calsina-carre.com\/wp-content\/uploads\/2025\/04\/1743512449386.jpeg","articleSection":["Uncategorized"],"inLanguage":"fr-FR"},{"@type":"WebPage","@id":"https:\/\/www.calsina-carre.com\/au-revoir-sitl-paris\/","url":"https:\/\/www.calsina-carre.com\/au-revoir-sitl-paris\/","name":"Au revoir SITL Par\u00eds 2025! - Calsina Carr\u00e9 Transports &amp; Logistics","isPartOf":{"@id":"https:\/\/www.calsina-carre.com\/ca\/#website"},"primaryImageOfPage":{"@id":"https:\/\/www.calsina-carre.com\/au-revoir-sitl-paris\/#primaryimage"},"image":{"@id":"https:\/\/www.calsina-carre.com\/au-revoir-sitl-paris\/#primaryimage"},"thumbnailUrl":"https:\/\/www.calsina-carre.com\/wp-content\/uploads\/2025\/04\/1743512449386.jpeg","datePublished":"2025-04-04T07:09:55+00:00","dateModified":"2025-04-07T07:32:27+00:00","breadcrumb":{"@id":"https:\/\/www.calsina-carre.com\/au-revoir-sitl-paris\/#breadcrumb"},"inLanguage":"fr-FR","potentialAction":[{"@type":"ReadAction","target":["https:\/\/www.calsina-carre.com\/au-revoir-sitl-paris\/"]}]},{"@type":"ImageObject","inLanguage":"fr-FR","@id":"https:\/\/www.calsina-carre.com\/au-revoir-sitl-paris\/#primaryimage","url":"https:\/\/www.calsina-carre.com\/wp-content\/uploads\/2025\/04\/1743512449386.jpeg","contentUrl":"https:\/\/www.calsina-carre.com\/wp-content\/uploads\/2025\/04\/1743512449386.jpeg","width":1600,"height":1344},{"@type":"BreadcrumbList","@id":"https:\/\/www.calsina-carre.com\/au-revoir-sitl-paris\/#breadcrumb","itemListElement":[{"@type":"ListItem","position":1,"name":"Portada","item":"https:\/\/www.calsina-carre.com\/"},{"@type":"ListItem","position":2,"name":"Au revoir SITL Par\u00eds 2025!"}]},{"@type":"WebSite","@id":"https:\/\/www.calsina-carre.com\/ca\/#website","url":"https:\/\/www.calsina-carre.com\/ca\/","name":"Calsina Carr\u00e9 Transports &amp; Logistics","description":"Transports &amp; Logistics","publisher":{"@id":"https:\/\/www.calsina-carre.com\/ca\/#organization"},"potentialAction":[{"@type":"SearchAction","target":{"@type":"EntryPoint","urlTemplate":"https:\/\/www.calsina-carre.com\/ca\/?s={search_term_string}"},"query-input":{"@type":"PropertyValueSpecification","valueRequired":true,"valueName":"search_term_string"}}],"inLanguage":"fr-FR"},{"@type":"Organization","@id":"https:\/\/www.calsina-carre.com\/ca\/#organization","name":"Calsina Carr\u00e9 Transports &amp; Logistics","url":"https:\/\/www.calsina-carre.com\/ca\/","logo":{"@type":"ImageObject","inLanguage":"fr-FR","@id":"https:\/\/www.calsina-carre.com\/ca\/#\/schema\/logo\/image\/","url":"https:\/\/www.calsina-carre.com\/wp-content\/uploads\/2021\/01\/LOGO-CALSINA-CARRE.png","contentUrl":"https:\/\/www.calsina-carre.com\/wp-content\/uploads\/2021\/01\/LOGO-CALSINA-CARRE.png","width":1682,"height":1029,"caption":"Calsina Carr\u00e9 Transports &amp; Logistics"},"image":{"@id":"https:\/\/www.calsina-carre.com\/ca\/#\/schema\/logo\/image\/"}},{"@type":"Person","@id":"https:\/\/www.calsina-carre.com\/ca\/#\/schema\/person\/3cbd8ef4b950cf6ef4ee81537a02486e","name":"Calsina Carr\u00e9","image":{"@type":"ImageObject","inLanguage":"fr-FR","@id":"https:\/\/secure.gravatar.com\/avatar\/8ff90da1f4fcc79de20b1639b0a626f31a648f299683e36c012327690f0202f6?s=96&d=mm&r=g","url":"https:\/\/secure.gravatar.com\/avatar\/8ff90da1f4fcc79de20b1639b0a626f31a648f299683e36c012327690f0202f6?s=96&d=mm&r=g","contentUrl":"https:\/\/secure.gravatar.com\/avatar\/8ff90da1f4fcc79de20b1639b0a626f31a648f299683e36c012327690f0202f6?s=96&d=mm&r=g","caption":"Calsina Carr\u00e9"},"url":"https:\/\/www.calsina-carre.com\/fr\/author\/ffapt\/"}]}},"_links":{"self":[{"href":"https:\/\/www.calsina-carre.com\/fr\/wp-json\/wp\/v2\/posts\/17923","targetHints":{"allow":["GET"]}}],"collection":[{"href":"https:\/\/www.calsina-carre.com\/fr\/wp-json\/wp\/v2\/posts"}],"about":[{"href":"https:\/\/www.calsina-carre.com\/fr\/wp-json\/wp\/v2\/types\/post"}],"author":[{"embeddable":true,"href":"https:\/\/www.calsina-carre.com\/fr\/wp-json\/wp\/v2\/users\/1"}],"replies":[{"embeddable":true,"href":"https:\/\/www.calsina-carre.com\/fr\/wp-json\/wp\/v2\/comments?post=17923"}],"version-history":[{"count":3,"href":"https:\/\/www.calsina-carre.com\/fr\/wp-json\/wp\/v2\/posts\/17923\/revisions"}],"predecessor-version":[{"id":17927,"href":"https:\/\/www.calsina-carre.com\/fr\/wp-json\/wp\/v2\/posts\/17923\/revisions\/17927"}],"wp:featuredmedia":[{"embeddable":true,"href":"https:\/\/www.calsina-carre.com\/fr\/wp-json\/wp\/v2\/media\/17925"}],"wp:attachment":[{"href":"https:\/\/www.calsina-carre.com\/fr\/wp-json\/wp\/v2\/media?parent=17923"}],"wp:term":[{"taxonomy":"category","embeddable":true,"href":"https:\/\/www.calsina-carre.com\/fr\/wp-json\/wp\/v2\/categories?post=17923"},{"taxonomy":"post_tag","embeddable":true,"href":"https:\/\/www.calsina-carre.com\/fr\/wp-json\/wp\/v2\/tags?post=17923"}],"curies":[{"name":"wp","href":"https:\/\/api.w.org\/{rel}","templated":true}]}}