{"id":18079,"date":"2025-06-02T14:12:21","date_gmt":"2025-06-02T12:12:21","guid":{"rendered":"https:\/\/www.calsina-carre.com\/?p=18079"},"modified":"2025-06-02T14:15:10","modified_gmt":"2025-06-02T12:15:10","slug":"nuevo-almacen-logistico-en-tanger-ya-operativo","status":"publish","type":"post","link":"https:\/\/www.calsina-carre.com\/fr\/nuevo-almacen-logistico-en-tanger-ya-operativo\/","title":{"rendered":"Nouvel entrep\u00f4t logistique \u00e0 Tanger, d\u00e9sormais op\u00e9rationnel !"},"content":{"rendered":"<p class=\"translation-block\"><b>Nous op\u00e9rons au Maroc depuis plus de 20 ans, <\/b><span style=\"font-weight: 400\"> d\u00e9veloppant notre activit\u00e9 logistique avec un engagement fort en faveur d'une croissance durable, de l\u2019investissement dans nos propres infrastructures et de la cr\u00e9ation d\u2019emplois locaux. Aujourd\u2019hui, ce parcours nous place <\/span><b> parmi les trois principaux op\u00e9rateurs logistiques du pays,<\/b><span style=\"font-weight: 400\"> avec une position consolid\u00e9e et en pleine expansion.<\/span><\/p>\n<p class=\"translation-block\"><span style=\"font-weight: 400\">Au cours de ces deux d\u00e9cennies, nous avons construit un r\u00e9seau solide  <\/span><b> comprenant notre propre flotte et nos propres installations,<\/b><span style=\"font-weight: 400\"> une \u00e9quipe locale de plus de 80 professionnels, 150 chauffeurs internes et du personnel sp\u00e9cialis\u00e9 au port de Tanger. Nous disposons \u00e9galement d\u2019un bureau de soutien \u00e0 Alg\u00e9siras et d\u2019une \u00e9quipe d\u00e9di\u00e9e dans son port, ce qui nous permet d\u2019acc\u00e9l\u00e9rer les processus douaniers et de g\u00e9n\u00e9rer des synergies avec notre flotte europ\u00e9enne, renfor\u00e7ant ainsi la connexion entre les deux rives du d\u00e9troit. Cette base nous a permis d\u2019atteindre un taux de <\/span><b>croissance annuel moyen de 30\u202f%, <\/b><span style=\"font-weight: 400\">reflet direct de la confiance de nos clients et de la solidit\u00e9 de notre mod\u00e8le op\u00e9rationnel.<\/span><\/p>\n<p class=\"translation-block\"><span style=\"font-weight: 400\">Dans la continuit\u00e9 de cette \u00e9volution, nous annon\u00e7ons avec enthousiasme l\u2019ouverture de notre  <\/span><b>nouveau centre logistique \u00e0 Tanger Automotive City (TAC2),<\/b><span style=\"font-weight: 400\"> des installations con\u00e7ues sp\u00e9cifiquement pour la r\u00e9alisation <\/span><b>d\u2019op\u00e9rations logistiques avanc\u00e9es.<\/b><span style=\"font-weight: 400\"> Avec une surface de 18 000\u202fm\u00b2 et une capacit\u00e9 de 30 000 europalettes, cette plateforme de pointe renforce notre pr\u00e9sence dans la r\u00e9gion et accro\u00eet notre capacit\u00e9 d\u2019action dans des secteurs cl\u00e9s tels que<\/span><b> l\u2019automobile et le textile<\/b><span style=\"font-weight: 400\">, entre autres.<\/span><\/p>\n<p><span style=\"font-weight: 400;\">Le nouvel entrep\u00f4t dispose d\u2019infrastructures avanc\u00e9es et hautement fonctionnelles :<\/span><\/p>\n<ul>\n<li style=\"font-weight: 400;\" aria-level=\"1\" class=\"translation-block\"><b>22 quais de chargement <\/b><span style=\"font-weight: 400\">pour des op\u00e9rations simultan\u00e9es \u00e0 haut volume<\/span><\/li>\n<li style=\"font-weight: 400;\" aria-level=\"1\" class=\"translation-block\"><b>Hauteur de stockage jusqu\u2019\u00e0 11 m\u00e8tres, <\/b><span style=\"font-weight: 400\">optimisant la capacit\u00e9 verticale<\/span><\/li>\n<li style=\"font-weight: 400;\" aria-level=\"1\" class=\"translation-block\"><b>Syst\u00e8me de gestion d'entrep\u00f4t (WMS) sp\u00e9cialis\u00e9. Op\u00e9rations et logiciels adapt\u00e9s aux besoins de chaque client<\/b><span style=\"font-weight: 400\"> pour un contr\u00f4le pr\u00e9cis et efficace<\/span><\/li>\n<li style=\"font-weight: 400;\" aria-level=\"1\" class=\"translation-block\"><span style=\"font-weight: 400\">Zones \u00e0 <\/span><b>temp\u00e9rature contr\u00f4l\u00e9e <\/b><span style=\"font-weight: 400\">disponibles sur demande<\/span><\/li>\n<li style=\"font-weight: 400;\" aria-level=\"1\" class=\"translation-block\"><b>Contr\u00f4le d'acc\u00e8s et surveillance 24\/7, <\/b><span style=\"font-weight: 400\">renforc\u00e9s par  <\/span><b> une vid\u00e9osurveillance p\u00e9rim\u00e9trique et int\u00e9rieure \u00e0 couverture 360\u00b0<\/b><\/li>\n<\/ul>\n<p class=\"translation-block\"><span style=\"font-weight: 400\">Au-del\u00e0 de ses \u00e9quipements, le centre s\u2019appuie sur une<\/span><b> \u00e9quipe locale qualifi\u00e9e et flexible, avec une vaste exp\u00e9rience en logistique, <\/b><span style=\"font-weight: 400\">pr\u00eate \u00e0 proposer des solutions sur mesure. Cette combinaison de technologie, de capacit\u00e9 op\u00e9rationnelle et de talents humains permet une r\u00e9ponse efficace et personnalis\u00e9e dans un environnement de plus en plus exigeant.<\/span><\/p>\n<p class=\"translation-block\"><b>L\u2019ouverture de cette nouvelle plateforme logistique marque une \u00e9tape d\u00e9cisive dans notre strat\u00e9gie internationale. <\/b><span style=\"font-weight: 400\"> Elle am\u00e9liore non seulement nos capacit\u00e9s op\u00e9rationnelles au sein de Calsina Carr\u00e9 Maghreb, mais elle refl\u00e8te aussi notre engagement envers un service de proximit\u00e9, adaptable et \u00e0 forte valeur ajout\u00e9e. Le Maroc reste un point strat\u00e9gique pour nos activit\u00e9s, et nous continuerons \u00e0 miser sur son potentiel en tant que pont logistique entre l\u2019Europe et l\u2019Afrique.<\/span><\/p>\n<p><b>Nous continuons d\u2019avancer, nous continuons de grandir. Toujours proches de nos clients.<\/b><\/p>","protected":false},"excerpt":{"rendered":"<p>En Calsina Carr\u00e9, llevamos m\u00e1s de 20 a\u00f1os operando en Marruecos, desarrollando nuestra actividad log\u00edstica con una apuesta firme por el crecimiento sostenido, la inversi\u00f3n en infraestructuras propias y la creaci\u00f3n de empleo local. Hoy, esa trayectoria nos sit\u00faa entre los tres principales operadores log\u00edsticos del pa\u00eds, con una posici\u00f3n consolidada y en plena expansi\u00f3n. [&hellip;]<\/p>\n","protected":false},"author":1,"featured_media":18082,"comment_status":"closed","ping_status":"open","sticky":false,"template":"","format":"standard","meta":{"site-sidebar-layout":"default","site-content-layout":"","ast-site-content-layout":"default","site-content-style":"default","site-sidebar-style":"default","ast-global-header-display":"","ast-banner-title-visibility":"","ast-main-header-display":"","ast-hfb-above-header-display":"","ast-hfb-below-header-display":"","ast-hfb-mobile-header-display":"","site-post-title":"","ast-breadcrumbs-content":"","ast-featured-img":"","footer-sml-layout":"","ast-disable-related-posts":"","theme-transparent-header-meta":"default","adv-header-id-meta":"","stick-header-meta":"","header-above-stick-meta":"","header-main-stick-meta":"","header-below-stick-meta":"","astra-migrate-meta-layouts":"set","ast-page-background-enabled":"default","ast-page-background-meta":{"desktop":{"background-color":"","background-image":"","background-repeat":"repeat","background-position":"center center","background-size":"auto","background-attachment":"scroll","background-type":"","background-media":"","overlay-type":"","overlay-color":"","overlay-opacity":"","overlay-gradient":""},"tablet":{"background-color":"","background-image":"","background-repeat":"repeat","background-position":"center center","background-size":"auto","background-attachment":"scroll","background-type":"","background-media":"","overlay-type":"","overlay-color":"","overlay-opacity":"","overlay-gradient":""},"mobile":{"background-color":"","background-image":"","background-repeat":"repeat","background-position":"center center","background-size":"auto","background-attachment":"scroll","background-type":"","background-media":"","overlay-type":"","overlay-color":"","overlay-opacity":"","overlay-gradient":""}},"ast-content-background-meta":{"desktop":{"background-color":"var(--ast-global-color-5)","background-image":"","background-repeat":"repeat","background-position":"center center","background-size":"auto","background-attachment":"scroll","background-type":"","background-media":"","overlay-type":"","overlay-color":"","overlay-opacity":"","overlay-gradient":""},"tablet":{"background-color":"var(--ast-global-color-5)","background-image":"","background-repeat":"repeat","background-position":"center center","background-size":"auto","background-attachment":"scroll","background-type":"","background-media":"","overlay-type":"","overlay-color":"","overlay-opacity":"","overlay-gradient":""},"mobile":{"background-color":"var(--ast-global-color-5)","background-image":"","background-repeat":"repeat","background-position":"center center","background-size":"auto","background-attachment":"scroll","background-type":"","background-media":"","overlay-type":"","overlay-color":"","overlay-opacity":"","overlay-gradient":""}},"footnotes":""},"categories":[44],"tags":[],"class_list":["post-18079","post","type-post","status-publish","format-standard","has-post-thumbnail","hentry","category-nuevos-proyectos"],"yoast_head":"<!-- This site is optimized with the Yoast SEO plugin v27.3 - https:\/\/yoast.com\/product\/yoast-seo-wordpress\/ -->\n<title>Nuevo almac\u00e9n log\u00edstico en T\u00e1nger, \u00a1ya operativo! - Calsina Carr\u00e9 Transports &amp; Logistics<\/title>\n<meta name=\"robots\" content=\"index, follow, max-snippet:-1, max-image-preview:large, max-video-preview:-1\" \/>\n<link rel=\"canonical\" href=\"https:\/\/www.calsina-carre.com\/fr\/nuevo-almacen-logistico-en-tanger-ya-operativo\/\" \/>\n<meta property=\"og:locale\" content=\"fr_FR\" \/>\n<meta property=\"og:type\" content=\"article\" \/>\n<meta property=\"og:title\" content=\"Nuevo almac\u00e9n log\u00edstico en T\u00e1nger, \u00a1ya operativo! - Calsina Carr\u00e9 Transports &amp; Logistics\" \/>\n<meta property=\"og:description\" content=\"En Calsina Carr\u00e9, llevamos m\u00e1s de 20 a\u00f1os operando en Marruecos, desarrollando nuestra actividad log\u00edstica con una apuesta firme por el crecimiento sostenido, la inversi\u00f3n en infraestructuras propias y la creaci\u00f3n de empleo local. Hoy, esa trayectoria nos sit\u00faa entre los tres principales operadores log\u00edsticos del pa\u00eds, con una posici\u00f3n consolidada y en plena expansi\u00f3n. [&hellip;]\" \/>\n<meta property=\"og:url\" content=\"https:\/\/www.calsina-carre.com\/fr\/nuevo-almacen-logistico-en-tanger-ya-operativo\/\" \/>\n<meta property=\"og:site_name\" content=\"Calsina Carr\u00e9 Transports &amp; Logistics\" \/>\n<meta property=\"article:published_time\" content=\"2025-06-02T12:12:21+00:00\" \/>\n<meta property=\"article:modified_time\" content=\"2025-06-02T12:15:10+00:00\" \/>\n<meta property=\"og:image\" content=\"https:\/\/www.calsina-carre.com\/wp-content\/uploads\/2025\/06\/Calsina-Carre-Tanger-Vistes-V03j-F2-_-DEF_page-0001-scaled.jpg\" \/>\n\t<meta property=\"og:image:width\" content=\"2560\" \/>\n\t<meta property=\"og:image:height\" content=\"1440\" \/>\n\t<meta property=\"og:image:type\" content=\"image\/jpeg\" \/>\n<meta name=\"author\" content=\"Calsina Carr\u00e9\" \/>\n<meta name=\"twitter:card\" content=\"summary_large_image\" \/>\n<meta name=\"twitter:label1\" content=\"\u00c9crit par\" \/>\n\t<meta name=\"twitter:data1\" content=\"Calsina Carr\u00e9\" \/>\n\t<meta name=\"twitter:label2\" content=\"Dur\u00e9e de lecture estim\u00e9e\" \/>\n\t<meta name=\"twitter:data2\" content=\"3 minutes\" \/>\n<script type=\"application\/ld+json\" class=\"yoast-schema-graph\">{\"@context\":\"https:\\\/\\\/schema.org\",\"@graph\":[{\"@type\":\"Article\",\"@id\":\"https:\\\/\\\/www.calsina-carre.com\\\/nuevo-almacen-logistico-en-tanger-ya-operativo\\\/#article\",\"isPartOf\":{\"@id\":\"https:\\\/\\\/www.calsina-carre.com\\\/nuevo-almacen-logistico-en-tanger-ya-operativo\\\/\"},\"author\":{\"name\":\"Calsina Carr\u00e9\",\"@id\":\"https:\\\/\\\/www.calsina-carre.com\\\/ca\\\/#\\\/schema\\\/person\\\/3cbd8ef4b950cf6ef4ee81537a02486e\"},\"headline\":\"Nuevo almac\u00e9n log\u00edstico en T\u00e1nger, \u00a1ya operativo!\",\"datePublished\":\"2025-06-02T12:12:21+00:00\",\"dateModified\":\"2025-06-02T12:15:10+00:00\",\"mainEntityOfPage\":{\"@id\":\"https:\\\/\\\/www.calsina-carre.com\\\/nuevo-almacen-logistico-en-tanger-ya-operativo\\\/\"},\"wordCount\":472,\"publisher\":{\"@id\":\"https:\\\/\\\/www.calsina-carre.com\\\/ca\\\/#organization\"},\"image\":{\"@id\":\"https:\\\/\\\/www.calsina-carre.com\\\/nuevo-almacen-logistico-en-tanger-ya-operativo\\\/#primaryimage\"},\"thumbnailUrl\":\"https:\\\/\\\/www.calsina-carre.com\\\/wp-content\\\/uploads\\\/2025\\\/06\\\/Calsina-Carre-Tanger-Vistes-V03j-F2-_-DEF_page-0001-scaled.jpg\",\"articleSection\":[\"Nuevos proyectos\"],\"inLanguage\":\"fr-FR\"},{\"@type\":\"WebPage\",\"@id\":\"https:\\\/\\\/www.calsina-carre.com\\\/nuevo-almacen-logistico-en-tanger-ya-operativo\\\/\",\"url\":\"https:\\\/\\\/www.calsina-carre.com\\\/nuevo-almacen-logistico-en-tanger-ya-operativo\\\/\",\"name\":\"Nuevo almac\u00e9n log\u00edstico en T\u00e1nger, \u00a1ya operativo! - Calsina Carr\u00e9 Transports &amp; Logistics\",\"isPartOf\":{\"@id\":\"https:\\\/\\\/www.calsina-carre.com\\\/ca\\\/#website\"},\"primaryImageOfPage\":{\"@id\":\"https:\\\/\\\/www.calsina-carre.com\\\/nuevo-almacen-logistico-en-tanger-ya-operativo\\\/#primaryimage\"},\"image\":{\"@id\":\"https:\\\/\\\/www.calsina-carre.com\\\/nuevo-almacen-logistico-en-tanger-ya-operativo\\\/#primaryimage\"},\"thumbnailUrl\":\"https:\\\/\\\/www.calsina-carre.com\\\/wp-content\\\/uploads\\\/2025\\\/06\\\/Calsina-Carre-Tanger-Vistes-V03j-F2-_-DEF_page-0001-scaled.jpg\",\"datePublished\":\"2025-06-02T12:12:21+00:00\",\"dateModified\":\"2025-06-02T12:15:10+00:00\",\"breadcrumb\":{\"@id\":\"https:\\\/\\\/www.calsina-carre.com\\\/nuevo-almacen-logistico-en-tanger-ya-operativo\\\/#breadcrumb\"},\"inLanguage\":\"fr-FR\",\"potentialAction\":[{\"@type\":\"ReadAction\",\"target\":[\"https:\\\/\\\/www.calsina-carre.com\\\/nuevo-almacen-logistico-en-tanger-ya-operativo\\\/\"]}]},{\"@type\":\"ImageObject\",\"inLanguage\":\"fr-FR\",\"@id\":\"https:\\\/\\\/www.calsina-carre.com\\\/nuevo-almacen-logistico-en-tanger-ya-operativo\\\/#primaryimage\",\"url\":\"https:\\\/\\\/www.calsina-carre.com\\\/wp-content\\\/uploads\\\/2025\\\/06\\\/Calsina-Carre-Tanger-Vistes-V03j-F2-_-DEF_page-0001-scaled.jpg\",\"contentUrl\":\"https:\\\/\\\/www.calsina-carre.com\\\/wp-content\\\/uploads\\\/2025\\\/06\\\/Calsina-Carre-Tanger-Vistes-V03j-F2-_-DEF_page-0001-scaled.jpg\",\"width\":2560,\"height\":1440,\"caption\":\"nuevo almac\u00e9n Tanger Automotive City Calsina Carr\u00e9\"},{\"@type\":\"BreadcrumbList\",\"@id\":\"https:\\\/\\\/www.calsina-carre.com\\\/nuevo-almacen-logistico-en-tanger-ya-operativo\\\/#breadcrumb\",\"itemListElement\":[{\"@type\":\"ListItem\",\"position\":1,\"name\":\"Portada\",\"item\":\"https:\\\/\\\/www.calsina-carre.com\\\/\"},{\"@type\":\"ListItem\",\"position\":2,\"name\":\"Nuevo almac\u00e9n log\u00edstico en T\u00e1nger, \u00a1ya operativo!\"}]},{\"@type\":\"WebSite\",\"@id\":\"https:\\\/\\\/www.calsina-carre.com\\\/ca\\\/#website\",\"url\":\"https:\\\/\\\/www.calsina-carre.com\\\/ca\\\/\",\"name\":\"Calsina Carr\u00e9 Transports &amp; Logistics\",\"description\":\"Transports &amp; Logistics\",\"publisher\":{\"@id\":\"https:\\\/\\\/www.calsina-carre.com\\\/ca\\\/#organization\"},\"potentialAction\":[{\"@type\":\"SearchAction\",\"target\":{\"@type\":\"EntryPoint\",\"urlTemplate\":\"https:\\\/\\\/www.calsina-carre.com\\\/ca\\\/?s={search_term_string}\"},\"query-input\":{\"@type\":\"PropertyValueSpecification\",\"valueRequired\":true,\"valueName\":\"search_term_string\"}}],\"inLanguage\":\"fr-FR\"},{\"@type\":\"Organization\",\"@id\":\"https:\\\/\\\/www.calsina-carre.com\\\/ca\\\/#organization\",\"name\":\"Calsina Carr\u00e9 Transports &amp; Logistics\",\"url\":\"https:\\\/\\\/www.calsina-carre.com\\\/ca\\\/\",\"logo\":{\"@type\":\"ImageObject\",\"inLanguage\":\"fr-FR\",\"@id\":\"https:\\\/\\\/www.calsina-carre.com\\\/ca\\\/#\\\/schema\\\/logo\\\/image\\\/\",\"url\":\"https:\\\/\\\/www.calsina-carre.com\\\/wp-content\\\/uploads\\\/2021\\\/01\\\/LOGO-CALSINA-CARRE.png\",\"contentUrl\":\"https:\\\/\\\/www.calsina-carre.com\\\/wp-content\\\/uploads\\\/2021\\\/01\\\/LOGO-CALSINA-CARRE.png\",\"width\":1682,\"height\":1029,\"caption\":\"Calsina Carr\u00e9 Transports &amp; Logistics\"},\"image\":{\"@id\":\"https:\\\/\\\/www.calsina-carre.com\\\/ca\\\/#\\\/schema\\\/logo\\\/image\\\/\"}},{\"@type\":\"Person\",\"@id\":\"https:\\\/\\\/www.calsina-carre.com\\\/ca\\\/#\\\/schema\\\/person\\\/3cbd8ef4b950cf6ef4ee81537a02486e\",\"name\":\"Calsina Carr\u00e9\",\"image\":{\"@type\":\"ImageObject\",\"inLanguage\":\"fr-FR\",\"@id\":\"https:\\\/\\\/secure.gravatar.com\\\/avatar\\\/8ff90da1f4fcc79de20b1639b0a626f31a648f299683e36c012327690f0202f6?s=96&d=mm&r=g\",\"url\":\"https:\\\/\\\/secure.gravatar.com\\\/avatar\\\/8ff90da1f4fcc79de20b1639b0a626f31a648f299683e36c012327690f0202f6?s=96&d=mm&r=g\",\"contentUrl\":\"https:\\\/\\\/secure.gravatar.com\\\/avatar\\\/8ff90da1f4fcc79de20b1639b0a626f31a648f299683e36c012327690f0202f6?s=96&d=mm&r=g\",\"caption\":\"Calsina Carr\u00e9\"},\"url\":\"https:\\\/\\\/www.calsina-carre.com\\\/fr\\\/author\\\/ffapt\\\/\"}]}<\/script>\n<!-- \/ Yoast SEO plugin. -->","yoast_head_json":{"title":"Nuevo almac\u00e9n log\u00edstico en T\u00e1nger, \u00a1ya operativo! - Calsina Carr\u00e9 Transports &amp; Logistics","robots":{"index":"index","follow":"follow","max-snippet":"max-snippet:-1","max-image-preview":"max-image-preview:large","max-video-preview":"max-video-preview:-1"},"canonical":"https:\/\/www.calsina-carre.com\/fr\/nuevo-almacen-logistico-en-tanger-ya-operativo\/","og_locale":"fr_FR","og_type":"article","og_title":"Nuevo almac\u00e9n log\u00edstico en T\u00e1nger, \u00a1ya operativo! - Calsina Carr\u00e9 Transports &amp; Logistics","og_description":"En Calsina Carr\u00e9, llevamos m\u00e1s de 20 a\u00f1os operando en Marruecos, desarrollando nuestra actividad log\u00edstica con una apuesta firme por el crecimiento sostenido, la inversi\u00f3n en infraestructuras propias y la creaci\u00f3n de empleo local. Hoy, esa trayectoria nos sit\u00faa entre los tres principales operadores log\u00edsticos del pa\u00eds, con una posici\u00f3n consolidada y en plena expansi\u00f3n. [&hellip;]","og_url":"https:\/\/www.calsina-carre.com\/fr\/nuevo-almacen-logistico-en-tanger-ya-operativo\/","og_site_name":"Calsina Carr\u00e9 Transports &amp; Logistics","article_published_time":"2025-06-02T12:12:21+00:00","article_modified_time":"2025-06-02T12:15:10+00:00","og_image":[{"width":2560,"height":1440,"url":"https:\/\/www.calsina-carre.com\/wp-content\/uploads\/2025\/06\/Calsina-Carre-Tanger-Vistes-V03j-F2-_-DEF_page-0001-scaled.jpg","type":"image\/jpeg"}],"author":"Calsina Carr\u00e9","twitter_card":"summary_large_image","twitter_misc":{"\u00c9crit par":"Calsina Carr\u00e9","Dur\u00e9e de lecture estim\u00e9e":"3 minutes"},"schema":{"@context":"https:\/\/schema.org","@graph":[{"@type":"Article","@id":"https:\/\/www.calsina-carre.com\/nuevo-almacen-logistico-en-tanger-ya-operativo\/#article","isPartOf":{"@id":"https:\/\/www.calsina-carre.com\/nuevo-almacen-logistico-en-tanger-ya-operativo\/"},"author":{"name":"Calsina Carr\u00e9","@id":"https:\/\/www.calsina-carre.com\/ca\/#\/schema\/person\/3cbd8ef4b950cf6ef4ee81537a02486e"},"headline":"Nuevo almac\u00e9n log\u00edstico en T\u00e1nger, \u00a1ya operativo!","datePublished":"2025-06-02T12:12:21+00:00","dateModified":"2025-06-02T12:15:10+00:00","mainEntityOfPage":{"@id":"https:\/\/www.calsina-carre.com\/nuevo-almacen-logistico-en-tanger-ya-operativo\/"},"wordCount":472,"publisher":{"@id":"https:\/\/www.calsina-carre.com\/ca\/#organization"},"image":{"@id":"https:\/\/www.calsina-carre.com\/nuevo-almacen-logistico-en-tanger-ya-operativo\/#primaryimage"},"thumbnailUrl":"https:\/\/www.calsina-carre.com\/wp-content\/uploads\/2025\/06\/Calsina-Carre-Tanger-Vistes-V03j-F2-_-DEF_page-0001-scaled.jpg","articleSection":["Nuevos proyectos"],"inLanguage":"fr-FR"},{"@type":"WebPage","@id":"https:\/\/www.calsina-carre.com\/nuevo-almacen-logistico-en-tanger-ya-operativo\/","url":"https:\/\/www.calsina-carre.com\/nuevo-almacen-logistico-en-tanger-ya-operativo\/","name":"Nuevo almac\u00e9n log\u00edstico en T\u00e1nger, \u00a1ya operativo! - Calsina Carr\u00e9 Transports &amp; Logistics","isPartOf":{"@id":"https:\/\/www.calsina-carre.com\/ca\/#website"},"primaryImageOfPage":{"@id":"https:\/\/www.calsina-carre.com\/nuevo-almacen-logistico-en-tanger-ya-operativo\/#primaryimage"},"image":{"@id":"https:\/\/www.calsina-carre.com\/nuevo-almacen-logistico-en-tanger-ya-operativo\/#primaryimage"},"thumbnailUrl":"https:\/\/www.calsina-carre.com\/wp-content\/uploads\/2025\/06\/Calsina-Carre-Tanger-Vistes-V03j-F2-_-DEF_page-0001-scaled.jpg","datePublished":"2025-06-02T12:12:21+00:00","dateModified":"2025-06-02T12:15:10+00:00","breadcrumb":{"@id":"https:\/\/www.calsina-carre.com\/nuevo-almacen-logistico-en-tanger-ya-operativo\/#breadcrumb"},"inLanguage":"fr-FR","potentialAction":[{"@type":"ReadAction","target":["https:\/\/www.calsina-carre.com\/nuevo-almacen-logistico-en-tanger-ya-operativo\/"]}]},{"@type":"ImageObject","inLanguage":"fr-FR","@id":"https:\/\/www.calsina-carre.com\/nuevo-almacen-logistico-en-tanger-ya-operativo\/#primaryimage","url":"https:\/\/www.calsina-carre.com\/wp-content\/uploads\/2025\/06\/Calsina-Carre-Tanger-Vistes-V03j-F2-_-DEF_page-0001-scaled.jpg","contentUrl":"https:\/\/www.calsina-carre.com\/wp-content\/uploads\/2025\/06\/Calsina-Carre-Tanger-Vistes-V03j-F2-_-DEF_page-0001-scaled.jpg","width":2560,"height":1440,"caption":"nuevo almac\u00e9n Tanger Automotive City Calsina Carr\u00e9"},{"@type":"BreadcrumbList","@id":"https:\/\/www.calsina-carre.com\/nuevo-almacen-logistico-en-tanger-ya-operativo\/#breadcrumb","itemListElement":[{"@type":"ListItem","position":1,"name":"Portada","item":"https:\/\/www.calsina-carre.com\/"},{"@type":"ListItem","position":2,"name":"Nuevo almac\u00e9n log\u00edstico en T\u00e1nger, \u00a1ya operativo!"}]},{"@type":"WebSite","@id":"https:\/\/www.calsina-carre.com\/ca\/#website","url":"https:\/\/www.calsina-carre.com\/ca\/","name":"Calsina Carr\u00e9 Transports &amp; Logistics","description":"Transports &amp; Logistics","publisher":{"@id":"https:\/\/www.calsina-carre.com\/ca\/#organization"},"potentialAction":[{"@type":"SearchAction","target":{"@type":"EntryPoint","urlTemplate":"https:\/\/www.calsina-carre.com\/ca\/?s={search_term_string}"},"query-input":{"@type":"PropertyValueSpecification","valueRequired":true,"valueName":"search_term_string"}}],"inLanguage":"fr-FR"},{"@type":"Organization","@id":"https:\/\/www.calsina-carre.com\/ca\/#organization","name":"Calsina Carr\u00e9 Transports &amp; Logistics","url":"https:\/\/www.calsina-carre.com\/ca\/","logo":{"@type":"ImageObject","inLanguage":"fr-FR","@id":"https:\/\/www.calsina-carre.com\/ca\/#\/schema\/logo\/image\/","url":"https:\/\/www.calsina-carre.com\/wp-content\/uploads\/2021\/01\/LOGO-CALSINA-CARRE.png","contentUrl":"https:\/\/www.calsina-carre.com\/wp-content\/uploads\/2021\/01\/LOGO-CALSINA-CARRE.png","width":1682,"height":1029,"caption":"Calsina Carr\u00e9 Transports &amp; Logistics"},"image":{"@id":"https:\/\/www.calsina-carre.com\/ca\/#\/schema\/logo\/image\/"}},{"@type":"Person","@id":"https:\/\/www.calsina-carre.com\/ca\/#\/schema\/person\/3cbd8ef4b950cf6ef4ee81537a02486e","name":"Calsina Carr\u00e9","image":{"@type":"ImageObject","inLanguage":"fr-FR","@id":"https:\/\/secure.gravatar.com\/avatar\/8ff90da1f4fcc79de20b1639b0a626f31a648f299683e36c012327690f0202f6?s=96&d=mm&r=g","url":"https:\/\/secure.gravatar.com\/avatar\/8ff90da1f4fcc79de20b1639b0a626f31a648f299683e36c012327690f0202f6?s=96&d=mm&r=g","contentUrl":"https:\/\/secure.gravatar.com\/avatar\/8ff90da1f4fcc79de20b1639b0a626f31a648f299683e36c012327690f0202f6?s=96&d=mm&r=g","caption":"Calsina Carr\u00e9"},"url":"https:\/\/www.calsina-carre.com\/fr\/author\/ffapt\/"}]}},"_links":{"self":[{"href":"https:\/\/www.calsina-carre.com\/fr\/wp-json\/wp\/v2\/posts\/18079","targetHints":{"allow":["GET"]}}],"collection":[{"href":"https:\/\/www.calsina-carre.com\/fr\/wp-json\/wp\/v2\/posts"}],"about":[{"href":"https:\/\/www.calsina-carre.com\/fr\/wp-json\/wp\/v2\/types\/post"}],"author":[{"embeddable":true,"href":"https:\/\/www.calsina-carre.com\/fr\/wp-json\/wp\/v2\/users\/1"}],"replies":[{"embeddable":true,"href":"https:\/\/www.calsina-carre.com\/fr\/wp-json\/wp\/v2\/comments?post=18079"}],"version-history":[{"count":3,"href":"https:\/\/www.calsina-carre.com\/fr\/wp-json\/wp\/v2\/posts\/18079\/revisions"}],"predecessor-version":[{"id":18083,"href":"https:\/\/www.calsina-carre.com\/fr\/wp-json\/wp\/v2\/posts\/18079\/revisions\/18083"}],"wp:featuredmedia":[{"embeddable":true,"href":"https:\/\/www.calsina-carre.com\/fr\/wp-json\/wp\/v2\/media\/18082"}],"wp:attachment":[{"href":"https:\/\/www.calsina-carre.com\/fr\/wp-json\/wp\/v2\/media?parent=18079"}],"wp:term":[{"taxonomy":"category","embeddable":true,"href":"https:\/\/www.calsina-carre.com\/fr\/wp-json\/wp\/v2\/categories?post=18079"},{"taxonomy":"post_tag","embeddable":true,"href":"https:\/\/www.calsina-carre.com\/fr\/wp-json\/wp\/v2\/tags?post=18079"}],"curies":[{"name":"wp","href":"https:\/\/api.w.org\/{rel}","templated":true}]}}