{"id":8299,"date":"2021-03-25T20:28:06","date_gmt":"2021-03-25T20:28:06","guid":{"rendered":"https:\/\/sw3.hosticat.net\/?p=8299"},"modified":"2021-11-17T17:12:58","modified_gmt":"2021-11-17T17:12:58","slug":"estrenamos-duo-trailer","status":"publish","type":"post","link":"https:\/\/www.calsina-carre.com\/fr\/estrenamos-duo-trailer\/","title":{"rendered":"Nous lan\u00e7ons notre premier Duotrailer"},"content":{"rendered":"<p class=\"p1\">Cette semaine, nous avons pr\u00e9sent\u00e9 notre premier duo<span class=\"hiddenSpellError\">trailer<\/span>\u00a0de 33 m\u00e8tres et de 70 tonnes de capacit\u00e9, et nous sommes l\u2019une des premi\u00e8res entreprises \u00e0 le promouvoir en Catalogne.  Cette combinaison nous permet de r\u00e9duire les \u00e9missions de\u00a0<span class=\"hiddenGrammarError\">CO2<\/span>\u00a0jusqu\u2019\u00e0 25 % par trajet, ainsi que de r\u00e9aliser d\u2019importantes \u00e9conomies sur les co\u00fbts de logistique du transport.<\/p>\n<p>L\u2019engagement de\u00a0<span class=\"hiddenSpellError\">Calsina<\/span>\u00a0<span class=\"hiddenSpellError\">Carr\u00e9<\/span>\u00a0pour l\u2019avenir consiste \u00e0 mettre la technologie et l\u2019innovation au service de l\u2019environnement. L\u2019ann\u00e9e derni\u00e8re, nous avons renouvel\u00e9 notre flotte en y incorporant de nouveaux fourgons et de\u00a0<span class=\"hiddenSpellError\">l\u2019intermodalit\u00e9<\/span>\u00a0Dans la continuit\u00e9 de ces avanc\u00e9es, nous pr\u00e9sentons maintenant notre premi\u00e8re remorque duo\u00a0<span class=\"hiddenSpellError\">trailer<\/span>\u00a0\u00e0 faible \u00e9mission.<\/p>\n<p>Avec cette nouvelle incorporation et notre collaboration avec\u00a0<span class=\"hiddenSpellError\">Lear<\/span>\u00a0<span class=\"hiddenSpellError\">Corporation<\/span>, nous consolidons notre engagement en faveur du transport durable sur nos routes vers le Maghreb, un march\u00e9 sur lequel nous sommes en pleine expansion et qui repr\u00e9sente actuellement 40% des op\u00e9rations mondiales du groupe.<\/p>\n<p>Nous disposons d\u2019un permis sp\u00e9cial accord\u00e9 par la Direction G\u00e9n\u00e9rale du Trafic (DGT) pour circuler avec ce type de v\u00e9hicule, car la remorque\u00a0<span class=\"hiddenSpellError\">trailer<\/span>\u00a0n\u2019est pas encore r\u00e8glement\u00e9e en Espagne. Ce projet de recherche est articul\u00e9 en collaboration avec le minist\u00e8re des transports et la DGT et aboutira \u00e0 un rapport qui d\u00e9montrera son efficacit\u00e9, sa s\u00e9curit\u00e9 et sa durabilit\u00e9, afin qu\u2019\u00e0 l\u2019avenir il puisse \u00eatre standardis\u00e9 en Espagne.<\/p>\n<p>Les pays scandinaves b\u00e9n\u00e9ficient d\u00e9j\u00e0 de la libre circulation du duo\u00a0<span class=\"hiddenSpellError\">trailer<\/span>r\u00e9gie et l\u00e9gif\u00e9r\u00e9e gr\u00e2ce aux r\u00e9sultats positifs obtenus lors de recherches ant\u00e9rieures. L\u2019Espagne est l\u2019un des \u00c9tats europ\u00e9ens les plus avanc\u00e9s dans ce type de tests et probablement l\u2019un des prochains \u00e0 obtenir cette r\u00e9glementation.<\/p>","protected":false},"excerpt":{"rendered":"<p>Esta semana hemos presentado nuestro primer duotrailer\u00a0de 33 metros y 70 toneladas de capacidad, y somos una de las\u00a0empresas\u00a0pioneras en impulsarlo en Catalu\u00f1a. Esta combinaci\u00f3n nos permite reducir las emisiones de\u00a0CO2\u00a0hasta un 25% por trayecto, as\u00ed como un importante ahorro de costes log\u00edsticos en el transporte. La apuesta de futuro de\u00a0Calsina\u00a0Carr\u00e9\u00a0es poner la tecnolog\u00eda y [&hellip;]<\/p>\n","protected":false},"author":1,"featured_media":8544,"comment_status":"open","ping_status":"open","sticky":false,"template":"","format":"standard","meta":{"site-sidebar-layout":"default","site-content-layout":"default","ast-site-content-layout":"default","site-content-style":"default","site-sidebar-style":"default","ast-global-header-display":"","ast-banner-title-visibility":"","ast-main-header-display":"","ast-hfb-above-header-display":"","ast-hfb-below-header-display":"","ast-hfb-mobile-header-display":"","site-post-title":"","ast-breadcrumbs-content":"","ast-featured-img":"","footer-sml-layout":"","ast-disable-related-posts":"","theme-transparent-header-meta":"default","adv-header-id-meta":"","stick-header-meta":"","header-above-stick-meta":"","header-main-stick-meta":"","header-below-stick-meta":"","astra-migrate-meta-layouts":"default","ast-page-background-enabled":"default","ast-page-background-meta":{"desktop":{"background-color":"","background-image":"","background-repeat":"repeat","background-position":"center center","background-size":"auto","background-attachment":"scroll","background-type":"","background-media":"","overlay-type":"","overlay-color":"","overlay-opacity":"","overlay-gradient":""},"tablet":{"background-color":"","background-image":"","background-repeat":"repeat","background-position":"center center","background-size":"auto","background-attachment":"scroll","background-type":"","background-media":"","overlay-type":"","overlay-color":"","overlay-opacity":"","overlay-gradient":""},"mobile":{"background-color":"","background-image":"","background-repeat":"repeat","background-position":"center center","background-size":"auto","background-attachment":"scroll","background-type":"","background-media":"","overlay-type":"","overlay-color":"","overlay-opacity":"","overlay-gradient":""}},"ast-content-background-meta":{"desktop":{"background-color":"var(--ast-global-color-5)","background-image":"","background-repeat":"repeat","background-position":"center center","background-size":"auto","background-attachment":"scroll","background-type":"","background-media":"","overlay-type":"","overlay-color":"","overlay-opacity":"","overlay-gradient":""},"tablet":{"background-color":"var(--ast-global-color-5)","background-image":"","background-repeat":"repeat","background-position":"center center","background-size":"auto","background-attachment":"scroll","background-type":"","background-media":"","overlay-type":"","overlay-color":"","overlay-opacity":"","overlay-gradient":""},"mobile":{"background-color":"var(--ast-global-color-5)","background-image":"","background-repeat":"repeat","background-position":"center center","background-size":"auto","background-attachment":"scroll","background-type":"","background-media":"","overlay-type":"","overlay-color":"","overlay-opacity":"","overlay-gradient":""}},"footnotes":""},"categories":[1],"tags":[],"class_list":["post-8299","post","type-post","status-publish","format-standard","has-post-thumbnail","hentry","category-uncategorized"],"yoast_head":"<!-- This site is optimized with the Yoast SEO plugin v27.3 - https:\/\/yoast.com\/product\/yoast-seo-wordpress\/ -->\n<title>Estrenamos Duotrailer - Calsina Carr\u00e9 Transports &amp; Logistics<\/title>\n<meta name=\"robots\" content=\"index, follow, max-snippet:-1, max-image-preview:large, max-video-preview:-1\" \/>\n<link rel=\"canonical\" href=\"https:\/\/www.calsina-carre.com\/fr\/estrenamos-duo-trailer\/\" \/>\n<meta property=\"og:locale\" content=\"fr_FR\" \/>\n<meta property=\"og:type\" content=\"article\" \/>\n<meta property=\"og:title\" content=\"Estrenamos Duotrailer - Calsina Carr\u00e9 Transports &amp; Logistics\" \/>\n<meta property=\"og:description\" content=\"Esta semana hemos presentado nuestro primer duotrailer\u00a0de 33 metros y 70 toneladas de capacidad, y somos una de las\u00a0empresas\u00a0pioneras en impulsarlo en Catalu\u00f1a. Esta combinaci\u00f3n nos permite reducir las emisiones de\u00a0CO2\u00a0hasta un 25% por trayecto, as\u00ed como un importante ahorro de costes log\u00edsticos en el transporte. La apuesta de futuro de\u00a0Calsina\u00a0Carr\u00e9\u00a0es poner la tecnolog\u00eda y [&hellip;]\" \/>\n<meta property=\"og:url\" content=\"https:\/\/www.calsina-carre.com\/fr\/estrenamos-duo-trailer\/\" \/>\n<meta property=\"og:site_name\" content=\"Calsina Carr\u00e9 Transports &amp; Logistics\" \/>\n<meta property=\"article:published_time\" content=\"2021-03-25T20:28:06+00:00\" \/>\n<meta property=\"article:modified_time\" content=\"2021-11-17T17:12:58+00:00\" \/>\n<meta property=\"og:image\" content=\"https:\/\/www.calsina-carre.com\/wp-content\/uploads\/2021\/05\/duotrailer.jpg\" \/>\n\t<meta property=\"og:image:width\" content=\"2000\" \/>\n\t<meta property=\"og:image:height\" content=\"1122\" \/>\n\t<meta property=\"og:image:type\" content=\"image\/jpeg\" \/>\n<meta name=\"author\" content=\"Calsina Carr\u00e9\" \/>\n<meta name=\"twitter:card\" content=\"summary_large_image\" \/>\n<meta name=\"twitter:label1\" content=\"\u00c9crit par\" \/>\n\t<meta name=\"twitter:data1\" content=\"Calsina Carr\u00e9\" \/>\n\t<meta name=\"twitter:label2\" content=\"Dur\u00e9e de lecture estim\u00e9e\" \/>\n\t<meta name=\"twitter:data2\" content=\"2 minutes\" \/>\n<script type=\"application\/ld+json\" class=\"yoast-schema-graph\">{\"@context\":\"https:\\\/\\\/schema.org\",\"@graph\":[{\"@type\":\"Article\",\"@id\":\"https:\\\/\\\/www.calsina-carre.com\\\/estrenamos-duo-trailer\\\/#article\",\"isPartOf\":{\"@id\":\"https:\\\/\\\/www.calsina-carre.com\\\/estrenamos-duo-trailer\\\/\"},\"author\":{\"name\":\"Calsina Carr\u00e9\",\"@id\":\"https:\\\/\\\/www.calsina-carre.com\\\/ca\\\/#\\\/schema\\\/person\\\/3cbd8ef4b950cf6ef4ee81537a02486e\"},\"headline\":\"Estrenamos Duotrailer\",\"datePublished\":\"2021-03-25T20:28:06+00:00\",\"dateModified\":\"2021-11-17T17:12:58+00:00\",\"mainEntityOfPage\":{\"@id\":\"https:\\\/\\\/www.calsina-carre.com\\\/estrenamos-duo-trailer\\\/\"},\"wordCount\":302,\"commentCount\":0,\"publisher\":{\"@id\":\"https:\\\/\\\/www.calsina-carre.com\\\/ca\\\/#organization\"},\"image\":{\"@id\":\"https:\\\/\\\/www.calsina-carre.com\\\/estrenamos-duo-trailer\\\/#primaryimage\"},\"thumbnailUrl\":\"https:\\\/\\\/www.calsina-carre.com\\\/wp-content\\\/uploads\\\/2021\\\/05\\\/duotrailer.jpg\",\"articleSection\":[\"Uncategorized\"],\"inLanguage\":\"fr-FR\",\"potentialAction\":[{\"@type\":\"CommentAction\",\"name\":\"Comment\",\"target\":[\"https:\\\/\\\/www.calsina-carre.com\\\/estrenamos-duo-trailer\\\/#respond\"]}]},{\"@type\":\"WebPage\",\"@id\":\"https:\\\/\\\/www.calsina-carre.com\\\/estrenamos-duo-trailer\\\/\",\"url\":\"https:\\\/\\\/www.calsina-carre.com\\\/estrenamos-duo-trailer\\\/\",\"name\":\"Estrenamos Duotrailer - Calsina Carr\u00e9 Transports &amp; Logistics\",\"isPartOf\":{\"@id\":\"https:\\\/\\\/www.calsina-carre.com\\\/ca\\\/#website\"},\"primaryImageOfPage\":{\"@id\":\"https:\\\/\\\/www.calsina-carre.com\\\/estrenamos-duo-trailer\\\/#primaryimage\"},\"image\":{\"@id\":\"https:\\\/\\\/www.calsina-carre.com\\\/estrenamos-duo-trailer\\\/#primaryimage\"},\"thumbnailUrl\":\"https:\\\/\\\/www.calsina-carre.com\\\/wp-content\\\/uploads\\\/2021\\\/05\\\/duotrailer.jpg\",\"datePublished\":\"2021-03-25T20:28:06+00:00\",\"dateModified\":\"2021-11-17T17:12:58+00:00\",\"breadcrumb\":{\"@id\":\"https:\\\/\\\/www.calsina-carre.com\\\/estrenamos-duo-trailer\\\/#breadcrumb\"},\"inLanguage\":\"fr-FR\",\"potentialAction\":[{\"@type\":\"ReadAction\",\"target\":[\"https:\\\/\\\/www.calsina-carre.com\\\/estrenamos-duo-trailer\\\/\"]}]},{\"@type\":\"ImageObject\",\"inLanguage\":\"fr-FR\",\"@id\":\"https:\\\/\\\/www.calsina-carre.com\\\/estrenamos-duo-trailer\\\/#primaryimage\",\"url\":\"https:\\\/\\\/www.calsina-carre.com\\\/wp-content\\\/uploads\\\/2021\\\/05\\\/duotrailer.jpg\",\"contentUrl\":\"https:\\\/\\\/www.calsina-carre.com\\\/wp-content\\\/uploads\\\/2021\\\/05\\\/duotrailer.jpg\",\"width\":2000,\"height\":1122,\"caption\":\"duotrailer calsina carr\u00e9\"},{\"@type\":\"BreadcrumbList\",\"@id\":\"https:\\\/\\\/www.calsina-carre.com\\\/estrenamos-duo-trailer\\\/#breadcrumb\",\"itemListElement\":[{\"@type\":\"ListItem\",\"position\":1,\"name\":\"Portada\",\"item\":\"https:\\\/\\\/www.calsina-carre.com\\\/\"},{\"@type\":\"ListItem\",\"position\":2,\"name\":\"Estrenamos Duotrailer\"}]},{\"@type\":\"WebSite\",\"@id\":\"https:\\\/\\\/www.calsina-carre.com\\\/ca\\\/#website\",\"url\":\"https:\\\/\\\/www.calsina-carre.com\\\/ca\\\/\",\"name\":\"Calsina Carr\u00e9 Transports &amp; Logistics\",\"description\":\"Transports &amp; Logistics\",\"publisher\":{\"@id\":\"https:\\\/\\\/www.calsina-carre.com\\\/ca\\\/#organization\"},\"potentialAction\":[{\"@type\":\"SearchAction\",\"target\":{\"@type\":\"EntryPoint\",\"urlTemplate\":\"https:\\\/\\\/www.calsina-carre.com\\\/ca\\\/?s={search_term_string}\"},\"query-input\":{\"@type\":\"PropertyValueSpecification\",\"valueRequired\":true,\"valueName\":\"search_term_string\"}}],\"inLanguage\":\"fr-FR\"},{\"@type\":\"Organization\",\"@id\":\"https:\\\/\\\/www.calsina-carre.com\\\/ca\\\/#organization\",\"name\":\"Calsina Carr\u00e9 Transports &amp; Logistics\",\"url\":\"https:\\\/\\\/www.calsina-carre.com\\\/ca\\\/\",\"logo\":{\"@type\":\"ImageObject\",\"inLanguage\":\"fr-FR\",\"@id\":\"https:\\\/\\\/www.calsina-carre.com\\\/ca\\\/#\\\/schema\\\/logo\\\/image\\\/\",\"url\":\"https:\\\/\\\/www.calsina-carre.com\\\/wp-content\\\/uploads\\\/2021\\\/01\\\/LOGO-CALSINA-CARRE.png\",\"contentUrl\":\"https:\\\/\\\/www.calsina-carre.com\\\/wp-content\\\/uploads\\\/2021\\\/01\\\/LOGO-CALSINA-CARRE.png\",\"width\":1682,\"height\":1029,\"caption\":\"Calsina Carr\u00e9 Transports &amp; Logistics\"},\"image\":{\"@id\":\"https:\\\/\\\/www.calsina-carre.com\\\/ca\\\/#\\\/schema\\\/logo\\\/image\\\/\"}},{\"@type\":\"Person\",\"@id\":\"https:\\\/\\\/www.calsina-carre.com\\\/ca\\\/#\\\/schema\\\/person\\\/3cbd8ef4b950cf6ef4ee81537a02486e\",\"name\":\"Calsina Carr\u00e9\",\"image\":{\"@type\":\"ImageObject\",\"inLanguage\":\"fr-FR\",\"@id\":\"https:\\\/\\\/secure.gravatar.com\\\/avatar\\\/8ff90da1f4fcc79de20b1639b0a626f31a648f299683e36c012327690f0202f6?s=96&d=mm&r=g\",\"url\":\"https:\\\/\\\/secure.gravatar.com\\\/avatar\\\/8ff90da1f4fcc79de20b1639b0a626f31a648f299683e36c012327690f0202f6?s=96&d=mm&r=g\",\"contentUrl\":\"https:\\\/\\\/secure.gravatar.com\\\/avatar\\\/8ff90da1f4fcc79de20b1639b0a626f31a648f299683e36c012327690f0202f6?s=96&d=mm&r=g\",\"caption\":\"Calsina Carr\u00e9\"},\"url\":\"https:\\\/\\\/www.calsina-carre.com\\\/fr\\\/author\\\/ffapt\\\/\"}]}<\/script>\n<!-- \/ Yoast SEO plugin. -->","yoast_head_json":{"title":"Estrenamos Duotrailer - Calsina Carr\u00e9 Transports &amp; Logistics","robots":{"index":"index","follow":"follow","max-snippet":"max-snippet:-1","max-image-preview":"max-image-preview:large","max-video-preview":"max-video-preview:-1"},"canonical":"https:\/\/www.calsina-carre.com\/fr\/estrenamos-duo-trailer\/","og_locale":"fr_FR","og_type":"article","og_title":"Estrenamos Duotrailer - Calsina Carr\u00e9 Transports &amp; Logistics","og_description":"Esta semana hemos presentado nuestro primer duotrailer\u00a0de 33 metros y 70 toneladas de capacidad, y somos una de las\u00a0empresas\u00a0pioneras en impulsarlo en Catalu\u00f1a. Esta combinaci\u00f3n nos permite reducir las emisiones de\u00a0CO2\u00a0hasta un 25% por trayecto, as\u00ed como un importante ahorro de costes log\u00edsticos en el transporte. La apuesta de futuro de\u00a0Calsina\u00a0Carr\u00e9\u00a0es poner la tecnolog\u00eda y [&hellip;]","og_url":"https:\/\/www.calsina-carre.com\/fr\/estrenamos-duo-trailer\/","og_site_name":"Calsina Carr\u00e9 Transports &amp; Logistics","article_published_time":"2021-03-25T20:28:06+00:00","article_modified_time":"2021-11-17T17:12:58+00:00","og_image":[{"width":2000,"height":1122,"url":"https:\/\/www.calsina-carre.com\/wp-content\/uploads\/2021\/05\/duotrailer.jpg","type":"image\/jpeg"}],"author":"Calsina Carr\u00e9","twitter_card":"summary_large_image","twitter_misc":{"\u00c9crit par":"Calsina Carr\u00e9","Dur\u00e9e de lecture estim\u00e9e":"2 minutes"},"schema":{"@context":"https:\/\/schema.org","@graph":[{"@type":"Article","@id":"https:\/\/www.calsina-carre.com\/estrenamos-duo-trailer\/#article","isPartOf":{"@id":"https:\/\/www.calsina-carre.com\/estrenamos-duo-trailer\/"},"author":{"name":"Calsina Carr\u00e9","@id":"https:\/\/www.calsina-carre.com\/ca\/#\/schema\/person\/3cbd8ef4b950cf6ef4ee81537a02486e"},"headline":"Estrenamos Duotrailer","datePublished":"2021-03-25T20:28:06+00:00","dateModified":"2021-11-17T17:12:58+00:00","mainEntityOfPage":{"@id":"https:\/\/www.calsina-carre.com\/estrenamos-duo-trailer\/"},"wordCount":302,"commentCount":0,"publisher":{"@id":"https:\/\/www.calsina-carre.com\/ca\/#organization"},"image":{"@id":"https:\/\/www.calsina-carre.com\/estrenamos-duo-trailer\/#primaryimage"},"thumbnailUrl":"https:\/\/www.calsina-carre.com\/wp-content\/uploads\/2021\/05\/duotrailer.jpg","articleSection":["Uncategorized"],"inLanguage":"fr-FR","potentialAction":[{"@type":"CommentAction","name":"Comment","target":["https:\/\/www.calsina-carre.com\/estrenamos-duo-trailer\/#respond"]}]},{"@type":"WebPage","@id":"https:\/\/www.calsina-carre.com\/estrenamos-duo-trailer\/","url":"https:\/\/www.calsina-carre.com\/estrenamos-duo-trailer\/","name":"Estrenamos Duotrailer - Calsina Carr\u00e9 Transports &amp; Logistics","isPartOf":{"@id":"https:\/\/www.calsina-carre.com\/ca\/#website"},"primaryImageOfPage":{"@id":"https:\/\/www.calsina-carre.com\/estrenamos-duo-trailer\/#primaryimage"},"image":{"@id":"https:\/\/www.calsina-carre.com\/estrenamos-duo-trailer\/#primaryimage"},"thumbnailUrl":"https:\/\/www.calsina-carre.com\/wp-content\/uploads\/2021\/05\/duotrailer.jpg","datePublished":"2021-03-25T20:28:06+00:00","dateModified":"2021-11-17T17:12:58+00:00","breadcrumb":{"@id":"https:\/\/www.calsina-carre.com\/estrenamos-duo-trailer\/#breadcrumb"},"inLanguage":"fr-FR","potentialAction":[{"@type":"ReadAction","target":["https:\/\/www.calsina-carre.com\/estrenamos-duo-trailer\/"]}]},{"@type":"ImageObject","inLanguage":"fr-FR","@id":"https:\/\/www.calsina-carre.com\/estrenamos-duo-trailer\/#primaryimage","url":"https:\/\/www.calsina-carre.com\/wp-content\/uploads\/2021\/05\/duotrailer.jpg","contentUrl":"https:\/\/www.calsina-carre.com\/wp-content\/uploads\/2021\/05\/duotrailer.jpg","width":2000,"height":1122,"caption":"duotrailer calsina carr\u00e9"},{"@type":"BreadcrumbList","@id":"https:\/\/www.calsina-carre.com\/estrenamos-duo-trailer\/#breadcrumb","itemListElement":[{"@type":"ListItem","position":1,"name":"Portada","item":"https:\/\/www.calsina-carre.com\/"},{"@type":"ListItem","position":2,"name":"Estrenamos Duotrailer"}]},{"@type":"WebSite","@id":"https:\/\/www.calsina-carre.com\/ca\/#website","url":"https:\/\/www.calsina-carre.com\/ca\/","name":"Calsina Carr\u00e9 Transports &amp; Logistics","description":"Transports &amp; Logistics","publisher":{"@id":"https:\/\/www.calsina-carre.com\/ca\/#organization"},"potentialAction":[{"@type":"SearchAction","target":{"@type":"EntryPoint","urlTemplate":"https:\/\/www.calsina-carre.com\/ca\/?s={search_term_string}"},"query-input":{"@type":"PropertyValueSpecification","valueRequired":true,"valueName":"search_term_string"}}],"inLanguage":"fr-FR"},{"@type":"Organization","@id":"https:\/\/www.calsina-carre.com\/ca\/#organization","name":"Calsina Carr\u00e9 Transports &amp; Logistics","url":"https:\/\/www.calsina-carre.com\/ca\/","logo":{"@type":"ImageObject","inLanguage":"fr-FR","@id":"https:\/\/www.calsina-carre.com\/ca\/#\/schema\/logo\/image\/","url":"https:\/\/www.calsina-carre.com\/wp-content\/uploads\/2021\/01\/LOGO-CALSINA-CARRE.png","contentUrl":"https:\/\/www.calsina-carre.com\/wp-content\/uploads\/2021\/01\/LOGO-CALSINA-CARRE.png","width":1682,"height":1029,"caption":"Calsina Carr\u00e9 Transports &amp; Logistics"},"image":{"@id":"https:\/\/www.calsina-carre.com\/ca\/#\/schema\/logo\/image\/"}},{"@type":"Person","@id":"https:\/\/www.calsina-carre.com\/ca\/#\/schema\/person\/3cbd8ef4b950cf6ef4ee81537a02486e","name":"Calsina Carr\u00e9","image":{"@type":"ImageObject","inLanguage":"fr-FR","@id":"https:\/\/secure.gravatar.com\/avatar\/8ff90da1f4fcc79de20b1639b0a626f31a648f299683e36c012327690f0202f6?s=96&d=mm&r=g","url":"https:\/\/secure.gravatar.com\/avatar\/8ff90da1f4fcc79de20b1639b0a626f31a648f299683e36c012327690f0202f6?s=96&d=mm&r=g","contentUrl":"https:\/\/secure.gravatar.com\/avatar\/8ff90da1f4fcc79de20b1639b0a626f31a648f299683e36c012327690f0202f6?s=96&d=mm&r=g","caption":"Calsina Carr\u00e9"},"url":"https:\/\/www.calsina-carre.com\/fr\/author\/ffapt\/"}]}},"_links":{"self":[{"href":"https:\/\/www.calsina-carre.com\/fr\/wp-json\/wp\/v2\/posts\/8299","targetHints":{"allow":["GET"]}}],"collection":[{"href":"https:\/\/www.calsina-carre.com\/fr\/wp-json\/wp\/v2\/posts"}],"about":[{"href":"https:\/\/www.calsina-carre.com\/fr\/wp-json\/wp\/v2\/types\/post"}],"author":[{"embeddable":true,"href":"https:\/\/www.calsina-carre.com\/fr\/wp-json\/wp\/v2\/users\/1"}],"replies":[{"embeddable":true,"href":"https:\/\/www.calsina-carre.com\/fr\/wp-json\/wp\/v2\/comments?post=8299"}],"version-history":[{"count":0,"href":"https:\/\/www.calsina-carre.com\/fr\/wp-json\/wp\/v2\/posts\/8299\/revisions"}],"wp:featuredmedia":[{"embeddable":true,"href":"https:\/\/www.calsina-carre.com\/fr\/wp-json\/wp\/v2\/media\/8544"}],"wp:attachment":[{"href":"https:\/\/www.calsina-carre.com\/fr\/wp-json\/wp\/v2\/media?parent=8299"}],"wp:term":[{"taxonomy":"category","embeddable":true,"href":"https:\/\/www.calsina-carre.com\/fr\/wp-json\/wp\/v2\/categories?post=8299"},{"taxonomy":"post_tag","embeddable":true,"href":"https:\/\/www.calsina-carre.com\/fr\/wp-json\/wp\/v2\/tags?post=8299"}],"curies":[{"name":"wp","href":"https:\/\/api.w.org\/{rel}","templated":true}]}}